{"id":504,"date":"2024-04-01T14:29:04","date_gmt":"2024-04-01T17:29:04","guid":{"rendered":"https:\/\/www2.uepg.br\/lama\/?p=504"},"modified":"2024-04-01T14:29:04","modified_gmt":"2024-04-01T17:29:04","slug":"lama-uepg-participa-de-congresso-de-educacao-rural-em-malaga-espanha","status":"publish","type":"post","link":"https:\/\/www2.uepg.br\/lama\/lama-uepg-participa-de-congresso-de-educacao-rural-em-malaga-espanha\/","title":{"rendered":"Lama\/UEPG participa de Congresso de Educa\u00e7\u00e3o Rural em M\u00e1laga, Espanha"},"content":{"rendered":"<p>O Laborat\u00f3rio de Mecaniza\u00e7\u00e3o Agr\u00edcola da Universidade Estadual de Ponta Grossa (Lama\/UEPG) e o Instituto Federal do Paran\u00e1 (IFPR) estar\u00e3o representados no Congresso Internacional de Educa\u00e7\u00e3o Rural, em Cortes de la Frontera, M\u00e1laga, Espanha, que se realizar\u00e1 de 4 a 6 de abril do corrente. O Prof. Jo\u00e3o Demiski, apresentar\u00e1 o trabalho \u201cForma\u00e7\u00e3o de agentes de desenvolvimento rural sustent\u00e1vel, promovendo Sistemas Alimentares Descentralizados\u201d. Este faz parte de projeto inovador de ensino, extens\u00e3o e pesquisa, que visa desenvolvimento sustent\u00e1vel da Agricultura Camponesa, que \u00e9 coordenado pelo referido professor. O prof. Jo\u00e3o \u00e9 professor no Curso de Agronomia com \u00eanfase em Agroecologia do IFPR, Campus Irati e atualmente dourando de Agronomia na UEPG, desenvolvendo trabalho no Lama\/UEPG. Al\u00e9m do referido, o prof. Jo\u00e3o desenvolver\u00e1 larga agenda de reuni\u00f5es em universidades, \u00f3rg\u00e3os de pesquisa, cooperativas e prefeituras na Espanha. Estes t\u00eam por objetivo consolida\u00e7\u00e3o de rede (IFPR, Lama\/UEPG e institui\u00e7\u00f5es espanholas) para discuss\u00e3o quanto a ensino, pesquisa e extens\u00e3o para agricultura camponesa.<\/p>\n<div id=\"attachment_506\" style=\"width: 591px\" class=\"wp-caption aligncenter\"><img aria-describedby=\"caption-attachment-506\" loading=\"lazy\" class=\"wp-image-506\" src=\"http:\/\/www2.uepg.br\/lama\/wp-content\/uploads\/sites\/7\/2024\/04\/Foto-2.png\" alt=\"\" width=\"581\" height=\"378\" \/><p id=\"caption-attachment-506\" class=\"wp-caption-text\">O acad\u00eamico Jo\u00e3o Dremiski em trabalho de extens\u00e3o rural de no Distrito Itaiacoca, Ponta Grossa, PR (1994).<\/p><\/div>\n<div id=\"attachment_507\" style=\"width: 603px\" class=\"wp-caption aligncenter\"><img aria-describedby=\"caption-attachment-507\" loading=\"lazy\" class=\"wp-image-507 size-full\" src=\"http:\/\/www2.uepg.br\/lama\/wp-content\/uploads\/sites\/7\/2024\/04\/Foto-3.png\" alt=\"\" width=\"593\" height=\"413\" \/><p id=\"caption-attachment-507\" class=\"wp-caption-text\">O acad\u00eamico de Agronomia Jo\u00e3o Dremiski apresentando trabalho de pesquisa em Encontro de Inicia\u00e7\u00e3o Cient\u00edfica (1996).<\/p><\/div>\n<p><strong>Nestes 30 anos de hist\u00f3ria do LAMA\/UEPG, estar\u00e1 representado no Congresso Internacional de Educa\u00e7\u00e3o Rural, que re\u00fane experi\u00eancias e discute solu\u00e7\u00f5es educativas para o desenvolvimento rural sustent\u00e1vel em Cortes de la Frontera, M\u00e1laga, Espanha.<\/strong><\/p>\n<p>Entre os dias 4 e 6 de abril de 2024, Cortes de la Frontera, na Serran\u00eda de Ronda, M\u00e1laga, ser\u00e1 o local do I Congreso Internacional de Educaci\u00f3n Rural, &#8220;Por una educaci\u00f3n rural para la repoblaci\u00f3n&#8221;. O evento, organizado pela Confedera\u00e7\u00e3o de Centros de Desenvolvimento Rural (COCEDER) em colabora\u00e7\u00e3o com o Grupo de Investiga\u00e7\u00e3o Professores, Comunica\u00e7\u00e3o e Investiga\u00e7\u00e3o Educativa da Universidad de M\u00e1laga (PROCIE-UMA), a Universidad Rural Paulo Freire &#8211; CDR Monta\u00f1a y Desarrollo, os coletivos de A\u00e7\u00e3o Social (CAS), o Instituto Paulo Freire e o Ayuntamiento de Cortes de la Frontera.<\/p>\n<p>O comit\u00ea cient\u00edfico do congresso selecionou 43 comunica\u00e7\u00f5es internacionais, das quais 22 s\u00e3o da Espanha e o restante de pa\u00edses como Chile, Brasil, Filipinas, Camar\u00f5es, Argentina, Guatemala e Col\u00f4mbia. Entre os participantes destacados est\u00e1 Jo\u00e3o Luis Dremiski, professor do IFPR e Doutorando na P\u00f3s-Gradua\u00e7\u00e3o em Agronomia pela UEPG e membro do Lama &#8211; Laborat\u00f3rio de Mecaniza\u00e7\u00e3o Agr\u00edcola, que apresentar\u00e1 seu trabalho intitulado &#8220;Forma\u00e7\u00e3o de Agentes de Desenvolvimento Rural Sustent\u00e1vel, promovendo Sistemas Alimentares Descentralizados&#8221;, focando na tem\u00e1tica da extens\u00e3o rural por cen\u00e1rios.<\/p>\n<p>O trabalho de Dremiski e da equipe do Lama, realizado em Prudent\u00f3polis, onde a agricultura familiar \u00e9 fundamental, destaca a import\u00e2ncia da forma\u00e7\u00e3o para o protagonismo das fam\u00edlias camponesas na transi\u00e7\u00e3o da produ\u00e7\u00e3o agropecu\u00e1ria e florestal sustent\u00e1vel bem como na organiza\u00e7\u00e3o comunit\u00e1ria para o beneficiamento e a comercializa\u00e7\u00e3o visando o enfrentamento da inseguran\u00e7a alimentar. Este congresso se apresenta como um espa\u00e7o importante para a troca de conhecimentos e experi\u00eancias, com o objetivo de encontrar solu\u00e7\u00f5es adequadas, inclusivas e colaborativas para superar os limites do desenvolvimento rural em contextos de aus\u00eancia ou falta de pol\u00edticas de ATER.<\/p>\n","protected":false},"excerpt":{"rendered":"<p>O Laborat\u00f3rio de Mecaniza\u00e7\u00e3o Agr\u00edcola da Universidade Estadual de Ponta Grossa (Lama\/UEPG) e o Instituto Federal do Paran\u00e1 (IFPR) estar\u00e3o representados no Congresso Internacional de Educa\u00e7\u00e3o Rural, em Cortes de la Frontera, M\u00e1laga, Espanha, que se realizar\u00e1 de 4 a 6 de abril do corrente. O Prof. Jo\u00e3o Demiski, apresentar\u00e1 o trabalho \u201cForma\u00e7\u00e3o de agentes&nbsp;&hellip;<\/p>\n","protected":false},"author":264,"featured_media":508,"comment_status":"closed","ping_status":"closed","sticky":false,"template":"","format":"standard","meta":[],"categories":[2],"tags":[],"_links":{"self":[{"href":"https:\/\/www2.uepg.br\/lama\/wp-json\/wp\/v2\/posts\/504"}],"collection":[{"href":"https:\/\/www2.uepg.br\/lama\/wp-json\/wp\/v2\/posts"}],"about":[{"href":"https:\/\/www2.uepg.br\/lama\/wp-json\/wp\/v2\/types\/post"}],"author":[{"embeddable":true,"href":"https:\/\/www2.uepg.br\/lama\/wp-json\/wp\/v2\/users\/264"}],"replies":[{"embeddable":true,"href":"https:\/\/www2.uepg.br\/lama\/wp-json\/wp\/v2\/comments?post=504"}],"version-history":[{"count":1,"href":"https:\/\/www2.uepg.br\/lama\/wp-json\/wp\/v2\/posts\/504\/revisions"}],"predecessor-version":[{"id":509,"href":"https:\/\/www2.uepg.br\/lama\/wp-json\/wp\/v2\/posts\/504\/revisions\/509"}],"wp:featuredmedia":[{"embeddable":true,"href":"https:\/\/www2.uepg.br\/lama\/wp-json\/wp\/v2\/media\/508"}],"wp:attachment":[{"href":"https:\/\/www2.uepg.br\/lama\/wp-json\/wp\/v2\/media?parent=504"}],"wp:term":[{"taxonomy":"category","embeddable":true,"href":"https:\/\/www2.uepg.br\/lama\/wp-json\/wp\/v2\/categories?post=504"},{"taxonomy":"post_tag","embeddable":true,"href":"https:\/\/www2.uepg.br\/lama\/wp-json\/wp\/v2\/tags?post=504"}],"curies":[{"name":"wp","href":"https:\/\/api.w.org\/{rel}","templated":true}]}}