{"id":512,"date":"2024-04-08T15:01:04","date_gmt":"2024-04-08T18:01:04","guid":{"rendered":"https:\/\/www2.uepg.br\/lama\/?p=512"},"modified":"2024-11-12T11:03:50","modified_gmt":"2024-11-12T14:03:50","slug":"evento-pos-graduacao","status":"publish","type":"post","link":"https:\/\/www2.uepg.br\/lama\/evento-pos-graduacao\/","title":{"rendered":"Evento: P\u00f3s + Gradua\u00e7\u00e3o"},"content":{"rendered":"<p>\u00c9 com grande satisfa\u00e7\u00e3o que anunciamos o evento &#8220;P\u00f3s + Gradua\u00e7\u00e3o&#8221;. Essa \u00e9 uma iniciativa da parceria do Lama\/UEPG, Centro Acad\u00eamico de Agronomia, e dos alunos dos Programas de P\u00f3s-gradua\u00e7\u00e3o em Agronomia e Bioenergia. O evento ocorrer\u00e1 regularmente e tem como objetivo apresentar as pesquisas realizadas por alunos da P\u00f3s-Gradua\u00e7\u00e3o, visando a intera\u00e7\u00e3o com os alunos da gradua\u00e7\u00e3o e toda a comunidade acad\u00eamica. Voc\u00ea n\u00e3o vai ficar fora dessa, n\u00e3o \u00e9? Fiquem atentos a programa\u00e7\u00e3o atrav\u00e9s do QR code e acompanhem pelas redes sociais.<\/p>\n<p><img loading=\"lazy\" class=\"wp-image-524 aligncenter\" src=\"http:\/\/www2.uepg.br\/lama\/wp-content\/uploads\/sites\/7\/2024\/04\/Imagem-1.png\" alt=\"\" width=\"724\" height=\"724\" \/><\/p>\n<ul>\n<li>N\u00e3o \u00e9 necess\u00e1rio uma inscri\u00e7\u00e3o pr\u00e9via no evento;<\/li>\n<li>Ao final das apresenta\u00e7\u00f5es ser\u00e1 disponibilizado um QR-code com a Lista de Presen\u00e7a, que d\u00e1 direito ao Certificado. N\u00e3o esque\u00e7am de preencher!<\/li>\n<li>Voc\u00ea tamb\u00e9m pode encontrar o link da Lista de Presen\u00e7a aqui: <a href=\"https:\/\/docs.google.com\/forms\/d\/e\/1FAIpQLSeHRxPdf9HC9DoYq7RKyOHHyM0XFCviauf_lOc0mKGOEwfkiQ\/viewform?usp=sf_link\">Lista de Presen\u00e7a: Evento &#8211; P\u00f3s+Gradua\u00e7\u00e3o<\/a><\/li>\n<\/ul>\n<p style=\"text-align: center\"><b>Programa\u00e7\u00e3o da Semana<\/b><\/p>\n<p>\ud83e\udd29 Bora para mais uma edi\u00e7\u00e3o do P\u00f3s+Gradua\u00e7\u00e3o!<\/p>\n<p>\ud83e\udd6c | Nessa semana teremos a palestra da Mestranda Jennifer Lauber, destacando a influ\u00eancia de esp\u00e9cies de Trichoderma e mulching no solo na cultura do Pak Choi.<\/p>\n<p>\ud83e\udda0 | Voc\u00ea est\u00e1 convidado a entender como a intera\u00e7\u00e3o entre microrganismos ben\u00e9ficos e pr\u00e1ticas de manejo do solo pode contribuir para um manejo mais sustent\u00e1vel e eficiente do cultivo de hortali\u00e7as.<\/p>\n<p>\ud83d\uddd3 | Nos encontramos \u00e0s 13h00min na pr\u00f3xima ter\u00e7a-feira, dia 12 de novembro no audit\u00f3rio\u00a0do\u00a0bloco\u00a0E.<\/p>\n<p><img loading=\"lazy\" class=\"wp-image-700 aligncenter\" src=\"http:\/\/www2.uepg.br\/lama\/wp-content\/uploads\/sites\/7\/2024\/04\/16.png\" alt=\"\" width=\"730\" height=\"730\" \/><\/p>\n<p><img loading=\"lazy\" class=\" wp-image-701 aligncenter\" src=\"http:\/\/www2.uepg.br\/lama\/wp-content\/uploads\/sites\/7\/2024\/04\/17.png\" alt=\"\" width=\"733\" height=\"733\" \/><\/p>\n<p>&nbsp;<\/p>\n","protected":false},"excerpt":{"rendered":"<p>\u00c9 com grande satisfa\u00e7\u00e3o que anunciamos o evento &#8220;P\u00f3s + Gradua\u00e7\u00e3o&#8221;. Essa \u00e9 uma iniciativa da parceria do Lama\/UEPG, Centro Acad\u00eamico de Agronomia, e dos alunos dos Programas de P\u00f3s-gradua\u00e7\u00e3o em Agronomia e Bioenergia. O evento ocorrer\u00e1 regularmente e tem como objetivo apresentar as pesquisas realizadas por alunos da P\u00f3s-Gradua\u00e7\u00e3o, visando a intera\u00e7\u00e3o com os&nbsp;&hellip;<\/p>\n","protected":false},"author":264,"featured_media":518,"comment_status":"closed","ping_status":"closed","sticky":false,"template":"","format":"standard","meta":[],"categories":[4,2],"tags":[],"_links":{"self":[{"href":"https:\/\/www2.uepg.br\/lama\/wp-json\/wp\/v2\/posts\/512"}],"collection":[{"href":"https:\/\/www2.uepg.br\/lama\/wp-json\/wp\/v2\/posts"}],"about":[{"href":"https:\/\/www2.uepg.br\/lama\/wp-json\/wp\/v2\/types\/post"}],"author":[{"embeddable":true,"href":"https:\/\/www2.uepg.br\/lama\/wp-json\/wp\/v2\/users\/264"}],"replies":[{"embeddable":true,"href":"https:\/\/www2.uepg.br\/lama\/wp-json\/wp\/v2\/comments?post=512"}],"version-history":[{"count":19,"href":"https:\/\/www2.uepg.br\/lama\/wp-json\/wp\/v2\/posts\/512\/revisions"}],"predecessor-version":[{"id":702,"href":"https:\/\/www2.uepg.br\/lama\/wp-json\/wp\/v2\/posts\/512\/revisions\/702"}],"wp:featuredmedia":[{"embeddable":true,"href":"https:\/\/www2.uepg.br\/lama\/wp-json\/wp\/v2\/media\/518"}],"wp:attachment":[{"href":"https:\/\/www2.uepg.br\/lama\/wp-json\/wp\/v2\/media?parent=512"}],"wp:term":[{"taxonomy":"category","embeddable":true,"href":"https:\/\/www2.uepg.br\/lama\/wp-json\/wp\/v2\/categories?post=512"},{"taxonomy":"post_tag","embeddable":true,"href":"https:\/\/www2.uepg.br\/lama\/wp-json\/wp\/v2\/tags?post=512"}],"curies":[{"name":"wp","href":"https:\/\/api.w.org\/{rel}","templated":true}]}}