{"id":542,"date":"2024-04-30T16:26:50","date_gmt":"2024-04-30T19:26:50","guid":{"rendered":"https:\/\/www2.uepg.br\/lama\/?p=542"},"modified":"2024-05-02T09:29:02","modified_gmt":"2024-05-02T12:29:02","slug":"lama-uepg-promove-dia-de-campo-sobre-batata-doce-no-municipio-da-lapa","status":"publish","type":"post","link":"https:\/\/www2.uepg.br\/lama\/lama-uepg-promove-dia-de-campo-sobre-batata-doce-no-municipio-da-lapa\/","title":{"rendered":"Lama\/UEPG promove dia de campo sobre batata-doce no munic\u00edpio da Lapa"},"content":{"rendered":"<p>Na \u00faltima quarta-feira (24), no munic\u00edpio da Lapa, a Escola Latino Americana de Agroecologia (ELA), Assentamento Contestado e o Laborat\u00f3rio de Mecaniza\u00e7\u00e3o Agr\u00edcola da Universidade Estadual de Ponta Grossa (Lama\/UEPG), realizaram um dia de campo sobre desenvolvimento rural sustent\u00e1vel para agricultura camponesa.<\/p>\n<p>A a\u00e7\u00e3o come\u00e7ou a ser realizada em novembro de 2023, quando o Lama\/UEPG transplantou 13 gen\u00f3tipos de batata-doce da cole\u00e7\u00e3o de 38 que o laborat\u00f3rio mant\u00e9m. Sendo que no dia 24 culminou na colheita, discuss\u00e3o e degusta\u00e7\u00e3o dos referidos. Estiveram presentes alunos do curso em Agroecologia da ELA e agricultores camponeses. O prof. Jaime Alberti Gomes conduziu a discuss\u00e3o com carateretiza\u00e7\u00e3o de cada gen\u00f3tipo transplantado. \u201cO mais interessante \u00e9 que os alunos e produtores observem que n\u00e3o existe batata-doce melhor ou pior, s\u00e3o in\u00fameras caracter\u00edsticas, cores, gosto, formatos, composi\u00e7\u00e3o qu\u00edmica da raiz e das ramas, usos, e assim vai\u201d. relata o prof. Jaime.<\/p>\n<p>Os gen\u00f3tipos foram transplantados na \u00e1rea experimental, com manejo agroflorestal. Pelo fato, aproveitou-se o momento para conversa sobre sa\u00fade do solo, onde o Eng. Agr\u00f4nomo Waldir Zarrochinski (doutorando em agronomia), relatou sua experi\u00eancia em m\u00e9todos de an\u00e1lise visual do solo, dando exemplos, classificando usos e manejos nos arredores do experimento. \u201cEssas oportunidades s\u00e3o interessantes, pois discutir sobre a preserva\u00e7\u00e3o e conserva\u00e7\u00e3o do solo e da \u00e1gua \u00e9 essencial para o desenvolvimento sustent\u00e1vel da agricultura moderna\u201d, comenta Waldir.<\/p>\n<p>O Filosofo Nei Orzekovski, organizador da ExperimentA\u00e7\u00e3o, assentado e um dos coordenadores da Escola Latino Americana de Agroecologia, comentou que \u201ceste tipo de atividade \u00e9 super importante, complementa conhecimentos dos alunos e abre oportunidades para os camponeses\u201d.<\/p>\n<div id=\"attachment_543\" style=\"width: 526px\" class=\"wp-caption aligncenter\"><img aria-describedby=\"caption-attachment-543\" loading=\"lazy\" class=\"size-full wp-image-543\" src=\"http:\/\/www2.uepg.br\/lama\/wp-content\/uploads\/sites\/7\/2024\/04\/Foto-1-1.jpg\" alt=\"\" width=\"516\" height=\"321\" \/><p id=\"caption-attachment-543\" class=\"wp-caption-text\">Prof. Jaime falando sobre carater\u00edsticas dos diferentes gen\u00f3tipos de batata-doce.<\/p><\/div>\n<div id=\"attachment_544\" style=\"width: 523px\" class=\"wp-caption aligncenter\"><img aria-describedby=\"caption-attachment-544\" loading=\"lazy\" class=\" wp-image-544\" src=\"http:\/\/www2.uepg.br\/lama\/wp-content\/uploads\/sites\/7\/2024\/04\/Foto-2.jpg\" alt=\"\" width=\"513\" height=\"376\" \/><p id=\"caption-attachment-544\" class=\"wp-caption-text\">Agr\u00f4nomo e Doutorando Waldir demonstrando caracter\u00edstica de sa\u00fade do solo.<\/p><\/div>\n\n\t\t<style type=\"text\/css\">\n\t\t\t#gallery-1 {\n\t\t\t\tmargin: auto;\n\t\t\t}\n\t\t\t#gallery-1 .gallery-item {\n\t\t\t\tfloat: left;\n\t\t\t\tmargin-top: 10px;\n\t\t\t\ttext-align: center;\n\t\t\t\twidth: 100%;\n\t\t\t}\n\t\t\t#gallery-1 img {\n\t\t\t\tborder: 2px solid #cfcfcf;\n\t\t\t}\n\t\t\t#gallery-1 .gallery-caption {\n\t\t\t\tmargin-left: 0;\n\t\t\t}\n\t\t\t\/* see gallery_shortcode() in wp-includes\/media.php *\/\n\t\t<\/style>\n\t\t<div id='gallery-1' class='gallery galleryid-542 gallery-columns-1 gallery-size-medium'><dl class='gallery-item'>\n\t\t\t<dt class='gallery-icon portrait'>\n\t\t\t\t<a href='https:\/\/www2.uepg.br\/lama\/lama-uepg-promove-dia-de-campo-sobre-batata-doce-no-municipio-da-lapa\/foto-4-3\/'><img width=\"216\" height=\"300\" src=\"https:\/\/www2.uepg.br\/lama\/wp-content\/uploads\/sites\/7\/2024\/04\/Foto-4.jpg\" class=\"attachment-medium size-medium\" alt=\"\" loading=\"lazy\" aria-describedby=\"gallery-1-546\" \/><\/a>\n\t\t\t<\/dt>\n\t\t\t\t<dd class='wp-caption-text gallery-caption' id='gallery-1-546'>\n\t\t\t\tExemplo das batatas-doces no momento da colheita.\n\t\t\t\t<\/dd><\/dl><br style=\"clear: both\" \/><dl class='gallery-item'>\n\t\t\t<dt class='gallery-icon portrait'>\n\t\t\t\t<a href='https:\/\/www2.uepg.br\/lama\/lama-uepg-promove-dia-de-campo-sobre-batata-doce-no-municipio-da-lapa\/foto-3-5\/'><img width=\"244\" height=\"300\" src=\"https:\/\/www2.uepg.br\/lama\/wp-content\/uploads\/sites\/7\/2024\/04\/Foto-3.jpg\" class=\"attachment-medium size-medium\" alt=\"\" loading=\"lazy\" aria-describedby=\"gallery-1-545\" \/><\/a>\n\t\t\t<\/dt>\n\t\t\t\t<dd class='wp-caption-text gallery-caption' id='gallery-1-545'>\n\t\t\t\tExemplo das batatas-doces no momento da colheita.\n\t\t\t\t<\/dd><\/dl><br style=\"clear: both\" \/>\n\t\t<\/div>\n\n<div id=\"attachment_547\" style=\"width: 352px\" class=\"wp-caption aligncenter\"><img aria-describedby=\"caption-attachment-547\" loading=\"lazy\" class=\" wp-image-547\" src=\"http:\/\/www2.uepg.br\/lama\/wp-content\/uploads\/sites\/7\/2024\/04\/Foto-5.jpg\" alt=\"\" width=\"342\" height=\"497\" \/><p id=\"caption-attachment-547\" class=\"wp-caption-text\">A melhor parte do dia de campo, a degusta\u00e7\u00e3o.<\/p><\/div>\n","protected":false},"excerpt":{"rendered":"<p>Na \u00faltima quarta-feira (24), no munic\u00edpio da Lapa, a Escola Latino Americana de Agroecologia (ELA), Assentamento Contestado e o Laborat\u00f3rio de Mecaniza\u00e7\u00e3o Agr\u00edcola da Universidade Estadual de Ponta Grossa (Lama\/UEPG), realizaram um dia de campo sobre desenvolvimento rural sustent\u00e1vel para agricultura camponesa. A a\u00e7\u00e3o come\u00e7ou a ser realizada em novembro de 2023, quando o Lama\/UEPG&nbsp;&hellip;<\/p>\n","protected":false},"author":264,"featured_media":543,"comment_status":"closed","ping_status":"closed","sticky":false,"template":"","format":"standard","meta":[],"categories":[2],"tags":[],"_links":{"self":[{"href":"https:\/\/www2.uepg.br\/lama\/wp-json\/wp\/v2\/posts\/542"}],"collection":[{"href":"https:\/\/www2.uepg.br\/lama\/wp-json\/wp\/v2\/posts"}],"about":[{"href":"https:\/\/www2.uepg.br\/lama\/wp-json\/wp\/v2\/types\/post"}],"author":[{"embeddable":true,"href":"https:\/\/www2.uepg.br\/lama\/wp-json\/wp\/v2\/users\/264"}],"replies":[{"embeddable":true,"href":"https:\/\/www2.uepg.br\/lama\/wp-json\/wp\/v2\/comments?post=542"}],"version-history":[{"count":3,"href":"https:\/\/www2.uepg.br\/lama\/wp-json\/wp\/v2\/posts\/542\/revisions"}],"predecessor-version":[{"id":550,"href":"https:\/\/www2.uepg.br\/lama\/wp-json\/wp\/v2\/posts\/542\/revisions\/550"}],"wp:featuredmedia":[{"embeddable":true,"href":"https:\/\/www2.uepg.br\/lama\/wp-json\/wp\/v2\/media\/543"}],"wp:attachment":[{"href":"https:\/\/www2.uepg.br\/lama\/wp-json\/wp\/v2\/media?parent=542"}],"wp:term":[{"taxonomy":"category","embeddable":true,"href":"https:\/\/www2.uepg.br\/lama\/wp-json\/wp\/v2\/categories?post=542"},{"taxonomy":"post_tag","embeddable":true,"href":"https:\/\/www2.uepg.br\/lama\/wp-json\/wp\/v2\/tags?post=542"}],"curies":[{"name":"wp","href":"https:\/\/api.w.org\/{rel}","templated":true}]}}