{"id":551,"date":"2024-05-03T17:19:29","date_gmt":"2024-05-03T20:19:29","guid":{"rendered":"https:\/\/www2.uepg.br\/lama\/?p=551"},"modified":"2024-05-03T17:23:23","modified_gmt":"2024-05-03T20:23:23","slug":"lama-uepg-realiza-visitas-tecnico-cientificas-no-interior-da-espanha","status":"publish","type":"post","link":"https:\/\/www2.uepg.br\/lama\/lama-uepg-realiza-visitas-tecnico-cientificas-no-interior-da-espanha\/","title":{"rendered":"Lama\/UEPG realiza visitas t\u00e9cnico-cient\u00edficas no interior da Espanha"},"content":{"rendered":"<p class=\"Standard\" style=\"text-align: justify;line-height: 150%\">Em meados de abril, o Prof. e Doutorando Jo\u00e3o Lu\u00eds Dremiski (IFPR\/Irati e Lama\/UEPG), realizou visitas t\u00e9cnicas a institui\u00e7\u00f5es de pesquisa e ensino, prefeituras, cooperativas e propriedades rurais espanholas, todas ligadas \u00e0 agricultura camponesa.<\/p>\n<p class=\"Standard\" style=\"text-align: justify;line-height: 150%\">O \u201ctour\u201d t\u00e9cnico-cient\u00edfico teve por objetivo a constru\u00e7\u00e3o de dial\u00e9tica para futura rede de pesquisa e interc\u00e2mbio de discentes e docentes. Esse come\u00e7ou com reuni\u00e3o e visita ao Instituto de Sociologia e Estudos Campesinos (ISEC) da Universidade de C\u00f3rdoba, passando pela Uni\u00e3o dos Agricultores e Ganadeiros de Andalucia (COAG) e suas cooperativas. Visitando ainda, a prefeitura de Cuevas del Becerro e v\u00e1rias propriedades rurais camponesas (produtoras de oliveiras e de pistache).<\/p>\n<p class=\"Standard\" style=\"text-align: justify;line-height: 150%\">Foi poss\u00edvel visualizar iniciativas, a\u00e7\u00f5es pol\u00edticas e experi\u00eancias pr\u00e1ticas. Por exemplo: o manejo ecol\u00f3gico de solos, o resgate de cultivares de trigo, a diversifica\u00e7\u00e3o de cultivos como o pistache, anis, aspargos, e agrega\u00e7\u00e3o de valor, tanto por agroind\u00fastrias familiares como junto a cooperativas. Em visita a projetos apoiados por prefeituras, foram conhecidas pol\u00edticas p\u00fablicas municipais de desenvolvimento rural, incluindo a disponibiliza\u00e7\u00e3o de \u00e1reas agr\u00edcolas para uso coletivo e iniciativas de soberania alimentar e educa\u00e7\u00e3o em agroecologia.<\/p>\n\n\t\t<style type=\"text\/css\">\n\t\t\t#gallery-1 {\n\t\t\t\tmargin: auto;\n\t\t\t}\n\t\t\t#gallery-1 .gallery-item {\n\t\t\t\tfloat: left;\n\t\t\t\tmargin-top: 10px;\n\t\t\t\ttext-align: center;\n\t\t\t\twidth: 50%;\n\t\t\t}\n\t\t\t#gallery-1 img {\n\t\t\t\tborder: 2px solid #cfcfcf;\n\t\t\t}\n\t\t\t#gallery-1 .gallery-caption {\n\t\t\t\tmargin-left: 0;\n\t\t\t}\n\t\t\t\/* see gallery_shortcode() in wp-includes\/media.php *\/\n\t\t<\/style>\n\t\t<div id='gallery-1' class='gallery galleryid-551 gallery-columns-2 gallery-size-medium'><dl class='gallery-item'>\n\t\t\t<dt class='gallery-icon landscape'>\n\t\t\t\t<a href='https:\/\/www2.uepg.br\/lama\/lama-uepg-realiza-visitas-tecnico-cientificas-no-interior-da-espanha\/foto\/'><img width=\"300\" height=\"175\" src=\"https:\/\/www2.uepg.br\/lama\/wp-content\/uploads\/sites\/7\/2024\/05\/Foto.jpg\" class=\"attachment-medium size-medium\" alt=\"\" loading=\"lazy\" aria-describedby=\"gallery-1-556\" \/><\/a>\n\t\t\t<\/dt>\n\t\t\t\t<dd class='wp-caption-text gallery-caption' id='gallery-1-556'>\n\t\t\t\tCasas de vegeta\u00e7\u00e3o da Escola Municipal de Agroecologia &#8211; Prefeitura de Cuevas del Becerro.\n\t\t\t\t<\/dd><\/dl><dl class='gallery-item'>\n\t\t\t<dt class='gallery-icon landscape'>\n\t\t\t\t<a href='https:\/\/www2.uepg.br\/lama\/lama-uepg-realiza-visitas-tecnico-cientificas-no-interior-da-espanha\/foto-2-8\/'><img width=\"300\" height=\"168\" src=\"https:\/\/www2.uepg.br\/lama\/wp-content\/uploads\/sites\/7\/2024\/05\/Foto-2.jpg\" class=\"attachment-medium size-medium\" alt=\"\" loading=\"lazy\" aria-describedby=\"gallery-1-552\" \/><\/a>\n\t\t\t<\/dt>\n\t\t\t\t<dd class='wp-caption-text gallery-caption' id='gallery-1-552'>\n\t\t\t\tCooperativa Camponesa de Mel da Andaluzia.\n\t\t\t\t<\/dd><\/dl><br style=\"clear: both\" \/><dl class='gallery-item'>\n\t\t\t<dt class='gallery-icon landscape'>\n\t\t\t\t<a href='https:\/\/www2.uepg.br\/lama\/lama-uepg-realiza-visitas-tecnico-cientificas-no-interior-da-espanha\/foto-3-6\/'><img width=\"300\" height=\"176\" src=\"https:\/\/www2.uepg.br\/lama\/wp-content\/uploads\/sites\/7\/2024\/05\/Foto-3.jpg\" class=\"attachment-medium size-medium\" alt=\"\" loading=\"lazy\" aria-describedby=\"gallery-1-553\" \/><\/a>\n\t\t\t<\/dt>\n\t\t\t\t<dd class='wp-caption-text gallery-caption' id='gallery-1-553'>\n\t\t\t\tSempre muito bem recebido e com produtos regionais agroecol\u00f3gicos.\n\t\t\t\t<\/dd><\/dl><dl class='gallery-item'>\n\t\t\t<dt class='gallery-icon landscape'>\n\t\t\t\t<a href='https:\/\/www2.uepg.br\/lama\/lama-uepg-realiza-visitas-tecnico-cientificas-no-interior-da-espanha\/foto-4-4\/'><img width=\"300\" height=\"166\" src=\"https:\/\/www2.uepg.br\/lama\/wp-content\/uploads\/sites\/7\/2024\/05\/Foto-4.jpg\" class=\"attachment-medium size-medium\" alt=\"\" loading=\"lazy\" aria-describedby=\"gallery-1-554\" \/><\/a>\n\t\t\t<\/dt>\n\t\t\t\t<dd class='wp-caption-text gallery-caption' id='gallery-1-554'>\n\t\t\t\tV\u00e1rias conversas por onde passamos.\n\t\t\t\t<\/dd><\/dl><br style=\"clear: both\" \/><dl class='gallery-item'>\n\t\t\t<dt class='gallery-icon landscape'>\n\t\t\t\t<a href='https:\/\/www2.uepg.br\/lama\/lama-uepg-realiza-visitas-tecnico-cientificas-no-interior-da-espanha\/foto-5-3\/'><img width=\"300\" height=\"206\" src=\"https:\/\/www2.uepg.br\/lama\/wp-content\/uploads\/sites\/7\/2024\/05\/Foto-5.jpg\" class=\"attachment-medium size-medium\" alt=\"\" loading=\"lazy\" aria-describedby=\"gallery-1-555\" \/><\/a>\n\t\t\t<\/dt>\n\t\t\t\t<dd class='wp-caption-text gallery-caption' id='gallery-1-555'>\n\t\t\t\tVisita \u00e0 propriedade da Fam\u00edlia Dorado, produtora de pistache.\n\t\t\t\t<\/dd><\/dl>\n\t\t\t<br style='clear: both' \/>\n\t\t<\/div>\n\n","protected":false},"excerpt":{"rendered":"<p>Em meados de abril, o Prof. e Doutorando Jo\u00e3o Lu\u00eds Dremiski (IFPR\/Irati e Lama\/UEPG), realizou visitas t\u00e9cnicas a institui\u00e7\u00f5es de pesquisa e ensino, prefeituras, cooperativas e propriedades rurais espanholas, todas ligadas \u00e0 agricultura camponesa. O \u201ctour\u201d t\u00e9cnico-cient\u00edfico teve por objetivo a constru\u00e7\u00e3o de dial\u00e9tica para futura rede de pesquisa e interc\u00e2mbio de discentes e docentes.&nbsp;&hellip;<\/p>\n","protected":false},"author":264,"featured_media":558,"comment_status":"closed","ping_status":"closed","sticky":false,"template":"","format":"standard","meta":[],"categories":[2],"tags":[],"_links":{"self":[{"href":"https:\/\/www2.uepg.br\/lama\/wp-json\/wp\/v2\/posts\/551"}],"collection":[{"href":"https:\/\/www2.uepg.br\/lama\/wp-json\/wp\/v2\/posts"}],"about":[{"href":"https:\/\/www2.uepg.br\/lama\/wp-json\/wp\/v2\/types\/post"}],"author":[{"embeddable":true,"href":"https:\/\/www2.uepg.br\/lama\/wp-json\/wp\/v2\/users\/264"}],"replies":[{"embeddable":true,"href":"https:\/\/www2.uepg.br\/lama\/wp-json\/wp\/v2\/comments?post=551"}],"version-history":[{"count":1,"href":"https:\/\/www2.uepg.br\/lama\/wp-json\/wp\/v2\/posts\/551\/revisions"}],"predecessor-version":[{"id":557,"href":"https:\/\/www2.uepg.br\/lama\/wp-json\/wp\/v2\/posts\/551\/revisions\/557"}],"wp:featuredmedia":[{"embeddable":true,"href":"https:\/\/www2.uepg.br\/lama\/wp-json\/wp\/v2\/media\/558"}],"wp:attachment":[{"href":"https:\/\/www2.uepg.br\/lama\/wp-json\/wp\/v2\/media?parent=551"}],"wp:term":[{"taxonomy":"category","embeddable":true,"href":"https:\/\/www2.uepg.br\/lama\/wp-json\/wp\/v2\/categories?post=551"},{"taxonomy":"post_tag","embeddable":true,"href":"https:\/\/www2.uepg.br\/lama\/wp-json\/wp\/v2\/tags?post=551"}],"curies":[{"name":"wp","href":"https:\/\/api.w.org\/{rel}","templated":true}]}}