{"id":562,"date":"2024-05-10T12:19:49","date_gmt":"2024-05-10T15:19:49","guid":{"rendered":"https:\/\/www2.uepg.br\/lama\/?p=562"},"modified":"2024-05-10T12:25:35","modified_gmt":"2024-05-10T15:25:35","slug":"lama-uepg-participa-de-protecao-de-fonte-em-ponta-grossa","status":"publish","type":"post","link":"https:\/\/www2.uepg.br\/lama\/lama-uepg-participa-de-protecao-de-fonte-em-ponta-grossa\/","title":{"rendered":"Lama\/UEPG participa de prote\u00e7\u00e3o de fonte em Ponta Grossa"},"content":{"rendered":"<p>No \u00faltimo s\u00e1bado, no munic\u00edpio de Ponta Grossa, a Green Solutions, o Assentamento Emiliano Zapata e o Laborat\u00f3rio de Mecaniza\u00e7\u00e3o Agr\u00edcola da Universidade Estadual de Ponta Grossa (Lama\/UEPG), realizaram uma prote\u00e7\u00e3o de nascente\/fonte no assentamento Emiliano Zapata.<\/p>\n<p>O Agr\u00f4nomo, aluno de doutorado e Haitiano Jean-Fritz Milien que participou da a\u00e7\u00e3o, relata que \u201cj\u00e1 tinha ouvido falar e visto alguma coisa no Haiti, por\u00e9m, pela simplicidade, agora entendendo a t\u00e9cnica, esse tipo de prote\u00e7\u00e3o de \u00e1gua pode ser ensinado e praticado urgentemente no Haiti\u201d.<\/p>\n<p>O prof. Pedro pondera que \u201ccom materiais e conceitos simples, portanto, de baixo custo e com resultados cientificamente comprovados, a prote\u00e7\u00e3o de nascentes e fontes \u00e9 uma a\u00e7\u00e3o imprescind\u00edvel quanto \u00e0 qualidade e quantidade de \u00e1gua, sendo inadmiss\u00edvel que tal pr\u00e1tica n\u00e3o seja uma pol\u00edtica p\u00fablica mundial\u201d.<\/p>\n<p>O Agr\u00f4nomo, MsC. em Bioenergia no Lama\/UEPG e instrutor da A\u00e7\u00e3o, Anderson Farias, comenta que \u201ca pr\u00e1tica \u00e9 simples e cada nascente protegida \u00e9 uma experi\u00eancia nova, e os resultados, na maioria dos casos, s\u00e3o muito bons e\u00a0gratificantes\u201d.<\/p>\n<div id=\"attachment_563\" style=\"width: 552px\" class=\"wp-caption aligncenter\"><img aria-describedby=\"caption-attachment-563\" loading=\"lazy\" class=\"wp-image-563 size-full\" src=\"http:\/\/www2.uepg.br\/lama\/wp-content\/uploads\/sites\/7\/2024\/05\/Foto-1.jpg\" alt=\"\" width=\"542\" height=\"319\" \/><p id=\"caption-attachment-563\" class=\"wp-caption-text\">Nascente a ser protegida.<\/p><\/div>\n<div id=\"attachment_564\" style=\"width: 555px\" class=\"wp-caption aligncenter\"><img aria-describedby=\"caption-attachment-564\" loading=\"lazy\" class=\"wp-image-564\" src=\"http:\/\/www2.uepg.br\/lama\/wp-content\/uploads\/sites\/7\/2024\/05\/Foto-2-1.jpg\" alt=\"\" width=\"545\" height=\"467\" \/><p id=\"caption-attachment-564\" class=\"wp-caption-text\">Nascente protegida e equipe executora.<\/p><\/div>\n<p style=\"text-align: center\"><strong>Impressionante a quantidade e qualidade da \u00e1gua da nascente protegida. Com cinco horas de trabalho, meio saco de cimento, peda\u00e7os de cano de pvc e uma d\u00fazia de pedras.<\/strong><\/p>\n<div style=\"width: 848px;\" class=\"wp-video\"><!--[if lt IE 9]><script>document.createElement('video');<\/script><![endif]-->\n<video class=\"wp-video-shortcode\" id=\"video-562-1\" width=\"848\" height=\"480\" preload=\"metadata\" controls=\"controls\"><source type=\"video\/mp4\" src=\"http:\/\/www2.uepg.br\/lama\/wp-content\/uploads\/sites\/7\/2024\/05\/protecao_nascente_zapata_2024_video_legal.mp4?_=1\" \/><a href=\"http:\/\/www2.uepg.br\/lama\/wp-content\/uploads\/sites\/7\/2024\/05\/protecao_nascente_zapata_2024_video_legal.mp4\">http:\/\/www2.uepg.br\/lama\/wp-content\/uploads\/sites\/7\/2024\/05\/protecao_nascente_zapata_2024_video_legal.mp4<\/a><\/video><\/div>\n","protected":false},"excerpt":{"rendered":"<p>No \u00faltimo s\u00e1bado, no munic\u00edpio de Ponta Grossa, a Green Solutions, o Assentamento Emiliano Zapata e o Laborat\u00f3rio de Mecaniza\u00e7\u00e3o Agr\u00edcola da Universidade Estadual de Ponta Grossa (Lama\/UEPG), realizaram uma prote\u00e7\u00e3o de nascente\/fonte no assentamento Emiliano Zapata. O Agr\u00f4nomo, aluno de doutorado e Haitiano Jean-Fritz Milien que participou da a\u00e7\u00e3o, relata que \u201cj\u00e1 tinha ouvido&nbsp;&hellip;<\/p>\n","protected":false},"author":264,"featured_media":568,"comment_status":"closed","ping_status":"closed","sticky":false,"template":"","format":"standard","meta":[],"categories":[2],"tags":[],"_links":{"self":[{"href":"https:\/\/www2.uepg.br\/lama\/wp-json\/wp\/v2\/posts\/562"}],"collection":[{"href":"https:\/\/www2.uepg.br\/lama\/wp-json\/wp\/v2\/posts"}],"about":[{"href":"https:\/\/www2.uepg.br\/lama\/wp-json\/wp\/v2\/types\/post"}],"author":[{"embeddable":true,"href":"https:\/\/www2.uepg.br\/lama\/wp-json\/wp\/v2\/users\/264"}],"replies":[{"embeddable":true,"href":"https:\/\/www2.uepg.br\/lama\/wp-json\/wp\/v2\/comments?post=562"}],"version-history":[{"count":1,"href":"https:\/\/www2.uepg.br\/lama\/wp-json\/wp\/v2\/posts\/562\/revisions"}],"predecessor-version":[{"id":566,"href":"https:\/\/www2.uepg.br\/lama\/wp-json\/wp\/v2\/posts\/562\/revisions\/566"}],"wp:featuredmedia":[{"embeddable":true,"href":"https:\/\/www2.uepg.br\/lama\/wp-json\/wp\/v2\/media\/568"}],"wp:attachment":[{"href":"https:\/\/www2.uepg.br\/lama\/wp-json\/wp\/v2\/media?parent=562"}],"wp:term":[{"taxonomy":"category","embeddable":true,"href":"https:\/\/www2.uepg.br\/lama\/wp-json\/wp\/v2\/categories?post=562"},{"taxonomy":"post_tag","embeddable":true,"href":"https:\/\/www2.uepg.br\/lama\/wp-json\/wp\/v2\/tags?post=562"}],"curies":[{"name":"wp","href":"https:\/\/api.w.org\/{rel}","templated":true}]}}