{"id":615,"date":"2024-06-12T16:36:26","date_gmt":"2024-06-12T19:36:26","guid":{"rendered":"https:\/\/www2.uepg.br\/lama\/?p=615"},"modified":"2024-06-12T16:36:26","modified_gmt":"2024-06-12T19:36:26","slug":"lama-uepg-tem-membro-youth-representative-no-world-food-forum-fao","status":"publish","type":"post","link":"https:\/\/www2.uepg.br\/lama\/lama-uepg-tem-membro-youth-representative-no-world-food-forum-fao\/","title":{"rendered":"Lama\/UEPG tem membro Youth Representative no World Food Forum\/FAO"},"content":{"rendered":"<p>A Engenheira Agr\u00f4noma, Mestranda em Bioenergia e integrante do Laborat\u00f3rio de Mecaniza\u00e7\u00e3o Agr\u00edcola da Universidade Estadual de Ponta Grossa (Lama\/UEPG) Juliana A. Hay foi nomeada Representante Jovem do Cap\u00edtulo Nacional da Am\u00e9rica Latina e Caribe para o F\u00f3rum Mundial de Alimenta\u00e7\u00e3o (<a href=\"https:\/\/www.world-food-forum.org\/en\">World Food Forum) <\/a>de 2024. O F\u00f3rum \u00e9 organizado pela FAO, \u00f3rg\u00e3o de discuss\u00e3o da alimenta\u00e7\u00e3o mundial da ONU. O WWF de 2024 tem como tema \u201cBoa comida para todos, hoje e amanh\u00e3\u201d.<\/p>\n<div id=\"attachment_617\" style=\"width: 754px\" class=\"wp-caption aligncenter\"><img aria-describedby=\"caption-attachment-617\" loading=\"lazy\" class=\"wp-image-617 \" src=\"http:\/\/www2.uepg.br\/lama\/wp-content\/uploads\/sites\/7\/2024\/06\/Imagem-2.png\" alt=\"\" width=\"744\" height=\"389\" \/><p id=\"caption-attachment-617\" class=\"wp-caption-text\">Juliana Hay participando de reuni\u00e3o preparat\u00f3ria para o WFF.<\/p><\/div>\n<p>Os jovens, que herdar\u00e3o estes desafios alimentares, s\u00e3o frequentemente ignorados ou exclu\u00eddos dos processos que discutem pol\u00edticas e solu\u00e7\u00f5es de longo prazo para agricultura e alimenta\u00e7\u00e3o. \u00a0Sendo assim, o WFF est\u00e1 mobilizando jovens em todo o mundo, por meio de uma s\u00e9rie de eventos, para estimular a transforma\u00e7\u00e3o dos sistemas agroalimentares, conforme Objetivos de Desenvolvimento Sustent\u00e1vel (ODS).<\/p>\n<p>Juliana relata estar \u201chonrada e animada pela oportunidade de contribuir nas mais diversas discuss\u00f5es, acerca da seguran\u00e7a e soberania alimentar, tais como sustentabilidade, pol\u00edticas, ci\u00eancia e inova\u00e7\u00e3o aplicadas, a\u00e7\u00f5es de educa\u00e7\u00e3o e respeito a cultura, assuntos que o Lama\/UEPG procura praticar\u201d.<\/p>\n<p>O evento master ocorrer\u00e1 entre os dias 14 e 18 de outubro de 2024, na sede da Organiza\u00e7\u00e3o das Na\u00e7\u00f5es Unidas para Agricultura e Alimenta\u00e7\u00e3o (FAO) em Roma, It\u00e1lia.<\/p>\n<div id=\"attachment_618\" style=\"width: 760px\" class=\"wp-caption aligncenter\"><img aria-describedby=\"caption-attachment-618\" loading=\"lazy\" class=\"wp-image-618 \" src=\"http:\/\/www2.uepg.br\/lama\/wp-content\/uploads\/sites\/7\/2024\/06\/Imagem-3.jpg\" alt=\"\" width=\"750\" height=\"493\" \/><p id=\"caption-attachment-618\" class=\"wp-caption-text\">Mestranda Juliana Hay ministrando aula sobre biocombust\u00edveis.<\/p><\/div>\n","protected":false},"excerpt":{"rendered":"<p>A Engenheira Agr\u00f4noma, Mestranda em Bioenergia e integrante do Laborat\u00f3rio de Mecaniza\u00e7\u00e3o Agr\u00edcola da Universidade Estadual de Ponta Grossa (Lama\/UEPG) Juliana A. Hay foi nomeada Representante Jovem do Cap\u00edtulo Nacional da Am\u00e9rica Latina e Caribe para o F\u00f3rum Mundial de Alimenta\u00e7\u00e3o (World Food Forum) de 2024. O F\u00f3rum \u00e9 organizado pela FAO, \u00f3rg\u00e3o de discuss\u00e3o&nbsp;&hellip;<\/p>\n","protected":false},"author":264,"featured_media":616,"comment_status":"closed","ping_status":"closed","sticky":false,"template":"","format":"standard","meta":[],"categories":[2],"tags":[],"_links":{"self":[{"href":"https:\/\/www2.uepg.br\/lama\/wp-json\/wp\/v2\/posts\/615"}],"collection":[{"href":"https:\/\/www2.uepg.br\/lama\/wp-json\/wp\/v2\/posts"}],"about":[{"href":"https:\/\/www2.uepg.br\/lama\/wp-json\/wp\/v2\/types\/post"}],"author":[{"embeddable":true,"href":"https:\/\/www2.uepg.br\/lama\/wp-json\/wp\/v2\/users\/264"}],"replies":[{"embeddable":true,"href":"https:\/\/www2.uepg.br\/lama\/wp-json\/wp\/v2\/comments?post=615"}],"version-history":[{"count":1,"href":"https:\/\/www2.uepg.br\/lama\/wp-json\/wp\/v2\/posts\/615\/revisions"}],"predecessor-version":[{"id":619,"href":"https:\/\/www2.uepg.br\/lama\/wp-json\/wp\/v2\/posts\/615\/revisions\/619"}],"wp:featuredmedia":[{"embeddable":true,"href":"https:\/\/www2.uepg.br\/lama\/wp-json\/wp\/v2\/media\/616"}],"wp:attachment":[{"href":"https:\/\/www2.uepg.br\/lama\/wp-json\/wp\/v2\/media?parent=615"}],"wp:term":[{"taxonomy":"category","embeddable":true,"href":"https:\/\/www2.uepg.br\/lama\/wp-json\/wp\/v2\/categories?post=615"},{"taxonomy":"post_tag","embeddable":true,"href":"https:\/\/www2.uepg.br\/lama\/wp-json\/wp\/v2\/tags?post=615"}],"curies":[{"name":"wp","href":"https:\/\/api.w.org\/{rel}","templated":true}]}}