{"id":630,"date":"2024-06-26T14:31:44","date_gmt":"2024-06-26T17:31:44","guid":{"rendered":"https:\/\/www2.uepg.br\/lama\/?p=630"},"modified":"2024-06-26T14:31:44","modified_gmt":"2024-06-26T17:31:44","slug":"lama-uepg-fala-sobre-sistemas-agricolas-sustentaveis-em-curso-de-agronegocio","status":"publish","type":"post","link":"https:\/\/www2.uepg.br\/lama\/lama-uepg-fala-sobre-sistemas-agricolas-sustentaveis-em-curso-de-agronegocio\/","title":{"rendered":"Lama\/UEPG fala sobre Sistemas Agr\u00edcolas Sustent\u00e1veis em curso de Agroneg\u00f3cio"},"content":{"rendered":"<p>O Engenheiro Agr\u00f4nomo, Doutorando em Agronomia e integrante do Laborat\u00f3rio de Mecaniza\u00e7\u00e3o Agr\u00edcola da Universidade Estadual de Ponta Grossa (Lama\/UEPG), Waldir Zarrochinski Junior participou do Evento \u201cDia T\u00e9cnico\u201d, realizado pelo Curso em Agroneg\u00f3cio do Col\u00e9gio Estadual Carlos Ventura em Carambe\u00ed, Paran\u00e1.<\/p>\n<p>O Lama\/UEPG tem participado do referido evento nos \u00faltimos anos e se sente honrado em contribuir com forma\u00e7\u00e3o de alunos do ensino p\u00fablico do Paran\u00e1. Neste ano, o Doutorando Waldir falou sobre os \u00faltimos trabalhos desenvolvidos em Sistemas Agr\u00edcolas Sustent\u00e1veis. Foram discutidos com alunos de primeiro, segundo e terceiro ano de Agroneg\u00f3cio resultados mais recentes de pesquisas em Sistema Plantio Direto de Hortali\u00e7as, Sistemas Agroflorestais e Manejo Ecol\u00f3gico de Pastagens.<\/p>\n\n\t\t<style type=\"text\/css\">\n\t\t\t#gallery-1 {\n\t\t\t\tmargin: auto;\n\t\t\t}\n\t\t\t#gallery-1 .gallery-item {\n\t\t\t\tfloat: left;\n\t\t\t\tmargin-top: 10px;\n\t\t\t\ttext-align: center;\n\t\t\t\twidth: 100%;\n\t\t\t}\n\t\t\t#gallery-1 img {\n\t\t\t\tborder: 2px solid #cfcfcf;\n\t\t\t}\n\t\t\t#gallery-1 .gallery-caption {\n\t\t\t\tmargin-left: 0;\n\t\t\t}\n\t\t\t\/* see gallery_shortcode() in wp-includes\/media.php *\/\n\t\t<\/style>\n\t\t<div id='gallery-1' class='gallery galleryid-630 gallery-columns-1 gallery-size-large'><dl class='gallery-item'>\n\t\t\t<dt class='gallery-icon landscape'>\n\t\t\t\t<a href='https:\/\/www2.uepg.br\/lama\/lama-uepg-fala-sobre-sistemas-agricolas-sustentaveis-em-curso-de-agronegocio\/imagem-1-7\/'><img width=\"429\" height=\"242\" src=\"https:\/\/www2.uepg.br\/lama\/wp-content\/uploads\/sites\/7\/2024\/06\/Imagem-1-1.jpg\" class=\"attachment-large size-large\" alt=\"\" loading=\"lazy\" aria-describedby=\"gallery-1-632\" \/><\/a>\n\t\t\t<\/dt>\n\t\t\t\t<dd class='wp-caption-text gallery-caption' id='gallery-1-632'>\n\t\t\t\tDoutorando Waldir Zarrochinski Junior (Lama\/UEPG) falando sobre Plantio Direto em Hortali\u00e7as.\n\t\t\t\t<\/dd><\/dl><br style=\"clear: both\" \/><dl class='gallery-item'>\n\t\t\t<dt class='gallery-icon landscape'>\n\t\t\t\t<a href='https:\/\/www2.uepg.br\/lama\/lama-uepg-fala-sobre-sistemas-agricolas-sustentaveis-em-curso-de-agronegocio\/imagem-2-6\/'><img width=\"434\" height=\"243\" src=\"https:\/\/www2.uepg.br\/lama\/wp-content\/uploads\/sites\/7\/2024\/06\/Imagem-2.jpg\" class=\"attachment-large size-large\" alt=\"\" loading=\"lazy\" aria-describedby=\"gallery-1-633\" \/><\/a>\n\t\t\t<\/dt>\n\t\t\t\t<dd class='wp-caption-text gallery-caption' id='gallery-1-633'>\n\t\t\t\tDoutorando Waldir Zarrochinski Junior (Lama\/UEPG) falando sobre Sistemas Agroflorestais.\n\t\t\t\t<\/dd><\/dl><br style=\"clear: both\" \/><dl class='gallery-item'>\n\t\t\t<dt class='gallery-icon landscape'>\n\t\t\t\t<a href='https:\/\/www2.uepg.br\/lama\/lama-uepg-fala-sobre-sistemas-agricolas-sustentaveis-em-curso-de-agronegocio\/imagem-3-7\/'><img width=\"446\" height=\"230\" src=\"https:\/\/www2.uepg.br\/lama\/wp-content\/uploads\/sites\/7\/2024\/06\/Imagem-3-2.jpg\" class=\"attachment-large size-large\" alt=\"\" loading=\"lazy\" aria-describedby=\"gallery-1-634\" \/><\/a>\n\t\t\t<\/dt>\n\t\t\t\t<dd class='wp-caption-text gallery-caption' id='gallery-1-634'>\n\t\t\t\tMeninas e meninos do Curso T\u00e9cnico em Agroneg\u00f3cio em Carambe\u00ed, PR.\n\t\t\t\t<\/dd><\/dl><br style=\"clear: both\" \/>\n\t\t<\/div>\n\n<p>\u201c\u00c9 muito legal esse bate-papo com os jovens, nesse momento percebemos a validade do que estudamos, bem como nos sentimos \u00fateis, dando retorno para sociedade do nosso trabalho\u201d, relata Waldir.<\/p>\n","protected":false},"excerpt":{"rendered":"<p>O Engenheiro Agr\u00f4nomo, Doutorando em Agronomia e integrante do Laborat\u00f3rio de Mecaniza\u00e7\u00e3o Agr\u00edcola da Universidade Estadual de Ponta Grossa (Lama\/UEPG), Waldir Zarrochinski Junior participou do Evento \u201cDia T\u00e9cnico\u201d, realizado pelo Curso em Agroneg\u00f3cio do Col\u00e9gio Estadual Carlos Ventura em Carambe\u00ed, Paran\u00e1. O Lama\/UEPG tem participado do referido evento nos \u00faltimos anos e se sente honrado&nbsp;&hellip;<\/p>\n","protected":false},"author":264,"featured_media":631,"comment_status":"closed","ping_status":"closed","sticky":false,"template":"","format":"standard","meta":[],"categories":[2],"tags":[],"_links":{"self":[{"href":"https:\/\/www2.uepg.br\/lama\/wp-json\/wp\/v2\/posts\/630"}],"collection":[{"href":"https:\/\/www2.uepg.br\/lama\/wp-json\/wp\/v2\/posts"}],"about":[{"href":"https:\/\/www2.uepg.br\/lama\/wp-json\/wp\/v2\/types\/post"}],"author":[{"embeddable":true,"href":"https:\/\/www2.uepg.br\/lama\/wp-json\/wp\/v2\/users\/264"}],"replies":[{"embeddable":true,"href":"https:\/\/www2.uepg.br\/lama\/wp-json\/wp\/v2\/comments?post=630"}],"version-history":[{"count":1,"href":"https:\/\/www2.uepg.br\/lama\/wp-json\/wp\/v2\/posts\/630\/revisions"}],"predecessor-version":[{"id":635,"href":"https:\/\/www2.uepg.br\/lama\/wp-json\/wp\/v2\/posts\/630\/revisions\/635"}],"wp:featuredmedia":[{"embeddable":true,"href":"https:\/\/www2.uepg.br\/lama\/wp-json\/wp\/v2\/media\/631"}],"wp:attachment":[{"href":"https:\/\/www2.uepg.br\/lama\/wp-json\/wp\/v2\/media?parent=630"}],"wp:term":[{"taxonomy":"category","embeddable":true,"href":"https:\/\/www2.uepg.br\/lama\/wp-json\/wp\/v2\/categories?post=630"},{"taxonomy":"post_tag","embeddable":true,"href":"https:\/\/www2.uepg.br\/lama\/wp-json\/wp\/v2\/tags?post=630"}],"curies":[{"name":"wp","href":"https:\/\/api.w.org\/{rel}","templated":true}]}}