{"id":639,"date":"2024-08-26T17:42:06","date_gmt":"2024-08-26T20:42:06","guid":{"rendered":"https:\/\/www2.uepg.br\/lama\/?p=639"},"modified":"2024-08-26T17:42:41","modified_gmt":"2024-08-26T20:42:41","slug":"lama-uepg-realiza-reuniao-nas-comunidades-de-vitorino-e-sao-francisquinho-em-prudentopolis","status":"publish","type":"post","link":"https:\/\/www2.uepg.br\/lama\/lama-uepg-realiza-reuniao-nas-comunidades-de-vitorino-e-sao-francisquinho-em-prudentopolis\/","title":{"rendered":"Lama\/UEPG realiza reuni\u00e3o nas Comunidades de Vitorino e S\u00e3o Francisquinho em Prudent\u00f3polis"},"content":{"rendered":"<p>Na sexta, dia 09 de agosto, as comunidades de Vitorino e S\u00e3o Francisquinho, localizadas no munic\u00edpio de Prudent\u00f3polis, promoveram uma importante reuni\u00e3o para discutir melhorias no sistema de produ\u00e7\u00e3o local. O evento foi organizado pelo doutorando Jo\u00e3o Lu\u00eds Dremiski, pela agente Salete Buczek (Curso de agentes de Desenvolvimento rural Sustent\u00e1vel\/Lama\/UEPG\/IFPR) e Jo\u00e3o Am\u00edlcar Pastush da Associa\u00e7\u00e3o Marcondense de Agricultores Familiares e as camponesas das comunidades citadas.<\/p>\n<p>A reuni\u00e3o abordou a experi\u00eancia do Lama\/UEPG em desenvolvimento Sustent\u00e1vel e da Associa\u00e7\u00e3o Marcondense em comercializa\u00e7\u00e3o de produtos da agricultura familiar. A discuss\u00e3o passou pelo planejamento para a implementa\u00e7\u00e3o de unidades de refer\u00eancia de cultivo de tomate, melancia e pepino na regi\u00e3o. Al\u00e9m disso, foi discutida a organiza\u00e7\u00e3o de um grupo na comunidade com foco no uso de t\u00e9cnicas agroecol\u00f3gicas adequadas de produ\u00e7\u00e3o, visando \u00e0 seguran\u00e7a alimentar e gera\u00e7\u00e3o de renda para os agricultores locais.<\/p>\n<p>Metodologias participativas foram utilizadas durante a reuni\u00e3o, possibilitando a contribui\u00e7\u00e3o dos presentes. Como resultado, destacou-se a expressiva participa\u00e7\u00e3o de 20 mulheres da comunidade, que demonstraram grande interesse em se envolver nas atividades propostas. Ao final do encontro, ficou decidido que ser\u00e3o realizados novos encontros t\u00e9cnicos para acompanhamento das atividades, refor\u00e7ando o compromisso da comunidade com o desenvolvimento sustent\u00e1vel e a melhoria das condi\u00e7\u00f5es de vida dos agricultores familiares\u00a0da\u00a0regi\u00e3o.<\/p>\n\n\t\t<style type=\"text\/css\">\n\t\t\t#gallery-1 {\n\t\t\t\tmargin: auto;\n\t\t\t}\n\t\t\t#gallery-1 .gallery-item {\n\t\t\t\tfloat: left;\n\t\t\t\tmargin-top: 10px;\n\t\t\t\ttext-align: center;\n\t\t\t\twidth: 100%;\n\t\t\t}\n\t\t\t#gallery-1 img {\n\t\t\t\tborder: 2px solid #cfcfcf;\n\t\t\t}\n\t\t\t#gallery-1 .gallery-caption {\n\t\t\t\tmargin-left: 0;\n\t\t\t}\n\t\t\t\/* see gallery_shortcode() in wp-includes\/media.php *\/\n\t\t<\/style>\n\t\t<div id='gallery-1' class='gallery galleryid-639 gallery-columns-1 gallery-size-large'><dl class='gallery-item'>\n\t\t\t<dt class='gallery-icon landscape'>\n\t\t\t\t<a href='https:\/\/www2.uepg.br\/lama\/lama-uepg-realiza-reuniao-nas-comunidades-de-vitorino-e-sao-francisquinho-em-prudentopolis\/imagem-2-7\/'><img width=\"500\" height=\"272\" src=\"https:\/\/www2.uepg.br\/lama\/wp-content\/uploads\/sites\/7\/2024\/08\/Imagem-2.jpg\" class=\"attachment-large size-large\" alt=\"\" loading=\"lazy\" aria-describedby=\"gallery-1-641\" \/><\/a>\n\t\t\t<\/dt>\n\t\t\t\t<dd class='wp-caption-text gallery-caption' id='gallery-1-641'>\n\t\t\t\tProf. Jo\u00e3o Dremiski (Lama\/UEPG\/IFPR), conversando com agricultoras das Comunidades citadas.\n\t\t\t\t<\/dd><\/dl><br style=\"clear: both\" \/><dl class='gallery-item'>\n\t\t\t<dt class='gallery-icon landscape'>\n\t\t\t\t<a href='https:\/\/www2.uepg.br\/lama\/lama-uepg-realiza-reuniao-nas-comunidades-de-vitorino-e-sao-francisquinho-em-prudentopolis\/imagem-3-8\/'><img width=\"497\" height=\"251\" src=\"https:\/\/www2.uepg.br\/lama\/wp-content\/uploads\/sites\/7\/2024\/08\/Imagem-3.jpg\" class=\"attachment-large size-large\" alt=\"\" loading=\"lazy\" aria-describedby=\"gallery-1-642\" \/><\/a>\n\t\t\t<\/dt>\n\t\t\t\t<dd class='wp-caption-text gallery-caption' id='gallery-1-642'>\n\t\t\t\tMudas de tomate que ser\u00e3o utilizadas nas Unidades de Refer\u00eancia.\n\t\t\t\t<\/dd><\/dl><br style=\"clear: both\" \/>\n\t\t<\/div>\n\n","protected":false},"excerpt":{"rendered":"<p>Na sexta, dia 09 de agosto, as comunidades de Vitorino e S\u00e3o Francisquinho, localizadas no munic\u00edpio de Prudent\u00f3polis, promoveram uma importante reuni\u00e3o para discutir melhorias no sistema de produ\u00e7\u00e3o local. O evento foi organizado pelo doutorando Jo\u00e3o Lu\u00eds Dremiski, pela agente Salete Buczek (Curso de agentes de Desenvolvimento rural Sustent\u00e1vel\/Lama\/UEPG\/IFPR) e Jo\u00e3o Am\u00edlcar Pastush da&nbsp;&hellip;<\/p>\n","protected":false},"author":264,"featured_media":640,"comment_status":"closed","ping_status":"closed","sticky":false,"template":"","format":"standard","meta":[],"categories":[2],"tags":[],"_links":{"self":[{"href":"https:\/\/www2.uepg.br\/lama\/wp-json\/wp\/v2\/posts\/639"}],"collection":[{"href":"https:\/\/www2.uepg.br\/lama\/wp-json\/wp\/v2\/posts"}],"about":[{"href":"https:\/\/www2.uepg.br\/lama\/wp-json\/wp\/v2\/types\/post"}],"author":[{"embeddable":true,"href":"https:\/\/www2.uepg.br\/lama\/wp-json\/wp\/v2\/users\/264"}],"replies":[{"embeddable":true,"href":"https:\/\/www2.uepg.br\/lama\/wp-json\/wp\/v2\/comments?post=639"}],"version-history":[{"count":1,"href":"https:\/\/www2.uepg.br\/lama\/wp-json\/wp\/v2\/posts\/639\/revisions"}],"predecessor-version":[{"id":643,"href":"https:\/\/www2.uepg.br\/lama\/wp-json\/wp\/v2\/posts\/639\/revisions\/643"}],"wp:featuredmedia":[{"embeddable":true,"href":"https:\/\/www2.uepg.br\/lama\/wp-json\/wp\/v2\/media\/640"}],"wp:attachment":[{"href":"https:\/\/www2.uepg.br\/lama\/wp-json\/wp\/v2\/media?parent=639"}],"wp:term":[{"taxonomy":"category","embeddable":true,"href":"https:\/\/www2.uepg.br\/lama\/wp-json\/wp\/v2\/categories?post=639"},{"taxonomy":"post_tag","embeddable":true,"href":"https:\/\/www2.uepg.br\/lama\/wp-json\/wp\/v2\/tags?post=639"}],"curies":[{"name":"wp","href":"https:\/\/api.w.org\/{rel}","templated":true}]}}