{"id":645,"date":"2024-09-04T16:44:40","date_gmt":"2024-09-04T19:44:40","guid":{"rendered":"https:\/\/www2.uepg.br\/lama\/?p=645"},"modified":"2024-09-04T16:44:40","modified_gmt":"2024-09-04T19:44:40","slug":"lama-uepg-ministra-minicurso-na-capal-cooperativa-agroindustrial","status":"publish","type":"post","link":"https:\/\/www2.uepg.br\/lama\/lama-uepg-ministra-minicurso-na-capal-cooperativa-agroindustrial\/","title":{"rendered":"Lama\/UEPG ministra minicurso na Capal Cooperativa Agroindustrial"},"content":{"rendered":"<p>No dia 26 de agosto, o prof. Jaime Alberti Gomes e os estudantes da gradua\u00e7\u00e3o em Agronomia e Bolsistas de Inicia\u00e7\u00e3o Cient\u00edfica, Stefani Eurich e Allison J\u00fanior dos Santos, do Laborat\u00f3rio de Mecaniza\u00e7\u00e3o Agr\u00edcola da Universidade Estadual de Ponta Grossa (Lama\/UEPG), estiveram na Unidade da Capal em Wenceslau Braz, no estado do Paran\u00e1. O objetivo estava em ministrar um curso sobre o Processo de Semeadura em Plantio Direto, contemplando a discuss\u00e3o sobre <em>inputs<\/em> no referido processo, com aten\u00e7\u00e3o especial para regulagem das semeadoras.<\/p>\n<p>A bolsista do Lama\/UEPG, Stefani relata que \u201cFoi muito legal auxiliar e participar nesta discuss\u00e3o, sair um pouco da Universidade, ouvir hist\u00f3rias reais. Regular uma semeadora parece simples, mas foram muitas perguntas feitas pelos agricultores\u201d.<\/p>\n<p>O Agr\u00f4nomo Lucas Mauricio Alves, da Assist\u00eancia T\u00e9cnica da Capal Cooperativa Agroindustrial, relata que \u201cAcompanho muitos produtores da regi\u00e3o e tenho notado que os gastos e d\u00favidas, com a semeadura das culturas de ver\u00e3o s\u00e3o muito grandes, fui aluno do prof. Jaime e conhecendo sua compet\u00eancia e seriedade, sabia que seria o pesquisador ideal para esta conversa\u201d.<\/p>\n<p>Novas conversas j\u00e1 foram combinadas. Em conjunto, muitas coisas podem ser otimizadas, sendo a pr\u00f3xima parada na Capal\/Taquariva\u00ed, no estado de S\u00e3o Paulo.<\/p>\n\n\t\t<style type=\"text\/css\">\n\t\t\t#gallery-1 {\n\t\t\t\tmargin: auto;\n\t\t\t}\n\t\t\t#gallery-1 .gallery-item {\n\t\t\t\tfloat: left;\n\t\t\t\tmargin-top: 10px;\n\t\t\t\ttext-align: center;\n\t\t\t\twidth: 100%;\n\t\t\t}\n\t\t\t#gallery-1 img {\n\t\t\t\tborder: 2px solid #cfcfcf;\n\t\t\t}\n\t\t\t#gallery-1 .gallery-caption {\n\t\t\t\tmargin-left: 0;\n\t\t\t}\n\t\t\t\/* see gallery_shortcode() in wp-includes\/media.php *\/\n\t\t<\/style>\n\t\t<div id='gallery-1' class='gallery galleryid-645 gallery-columns-1 gallery-size-full'><dl class='gallery-item'>\n\t\t\t<dt class='gallery-icon landscape'>\n\t\t\t\t<a href='https:\/\/www2.uepg.br\/lama\/lama-uepg-ministra-minicurso-na-capal-cooperativa-agroindustrial\/imagem-1-10\/'><img width=\"1600\" height=\"900\" src=\"https:\/\/www2.uepg.br\/lama\/wp-content\/uploads\/sites\/7\/2024\/09\/Imagem-1-1.jpg\" class=\"attachment-full size-full\" alt=\"\" loading=\"lazy\" aria-describedby=\"gallery-1-648\" \/><\/a>\n\t\t\t<\/dt>\n\t\t\t\t<dd class='wp-caption-text gallery-caption' id='gallery-1-648'>\n\t\t\t\tProf. Jaime falando sobre corte de palha, fator limitante quando o assunto \u00e9 o Plantio Direto.\n\t\t\t\t<\/dd><\/dl><br style=\"clear: both\" \/><dl class='gallery-item'>\n\t\t\t<dt class='gallery-icon portrait'>\n\t\t\t\t<a href='https:\/\/www2.uepg.br\/lama\/lama-uepg-ministra-minicurso-na-capal-cooperativa-agroindustrial\/imagem-2-9\/'><img width=\"1204\" height=\"1600\" src=\"https:\/\/www2.uepg.br\/lama\/wp-content\/uploads\/sites\/7\/2024\/09\/Imagem-2-1.jpg\" class=\"attachment-full size-full\" alt=\"\" loading=\"lazy\" aria-describedby=\"gallery-1-649\" \/><\/a>\n\t\t\t<\/dt>\n\t\t\t\t<dd class='wp-caption-text gallery-caption' id='gallery-1-649'>\n\t\t\t\tProf. Jaime e agricultores cooperados conversando sobre a escolha do disco de distribui\u00e7\u00e3o de sementes.\n\t\t\t\t<\/dd><\/dl><br style=\"clear: both\" \/>\n\t\t<\/div>\n\n","protected":false},"excerpt":{"rendered":"<p>No dia 26 de agosto, o prof. Jaime Alberti Gomes e os estudantes da gradua\u00e7\u00e3o em Agronomia e Bolsistas de Inicia\u00e7\u00e3o Cient\u00edfica, Stefani Eurich e Allison J\u00fanior dos Santos, do Laborat\u00f3rio de Mecaniza\u00e7\u00e3o Agr\u00edcola da Universidade Estadual de Ponta Grossa (Lama\/UEPG), estiveram na Unidade da Capal em Wenceslau Braz, no estado do Paran\u00e1. O objetivo&nbsp;&hellip;<\/p>\n","protected":false},"author":264,"featured_media":646,"comment_status":"closed","ping_status":"closed","sticky":false,"template":"","format":"standard","meta":[],"categories":[2],"tags":[],"_links":{"self":[{"href":"https:\/\/www2.uepg.br\/lama\/wp-json\/wp\/v2\/posts\/645"}],"collection":[{"href":"https:\/\/www2.uepg.br\/lama\/wp-json\/wp\/v2\/posts"}],"about":[{"href":"https:\/\/www2.uepg.br\/lama\/wp-json\/wp\/v2\/types\/post"}],"author":[{"embeddable":true,"href":"https:\/\/www2.uepg.br\/lama\/wp-json\/wp\/v2\/users\/264"}],"replies":[{"embeddable":true,"href":"https:\/\/www2.uepg.br\/lama\/wp-json\/wp\/v2\/comments?post=645"}],"version-history":[{"count":1,"href":"https:\/\/www2.uepg.br\/lama\/wp-json\/wp\/v2\/posts\/645\/revisions"}],"predecessor-version":[{"id":650,"href":"https:\/\/www2.uepg.br\/lama\/wp-json\/wp\/v2\/posts\/645\/revisions\/650"}],"wp:featuredmedia":[{"embeddable":true,"href":"https:\/\/www2.uepg.br\/lama\/wp-json\/wp\/v2\/media\/646"}],"wp:attachment":[{"href":"https:\/\/www2.uepg.br\/lama\/wp-json\/wp\/v2\/media?parent=645"}],"wp:term":[{"taxonomy":"category","embeddable":true,"href":"https:\/\/www2.uepg.br\/lama\/wp-json\/wp\/v2\/categories?post=645"},{"taxonomy":"post_tag","embeddable":true,"href":"https:\/\/www2.uepg.br\/lama\/wp-json\/wp\/v2\/tags?post=645"}],"curies":[{"name":"wp","href":"https:\/\/api.w.org\/{rel}","templated":true}]}}