{"id":651,"date":"2024-09-10T16:28:49","date_gmt":"2024-09-10T19:28:49","guid":{"rendered":"https:\/\/www2.uepg.br\/lama\/?p=651"},"modified":"2024-09-11T12:31:11","modified_gmt":"2024-09-11T15:31:11","slug":"nucleo-lama-uepg-do-programa-parana-organico-pmo-participa-de-feira-de-sementes-em-teixeira-soares-pr","status":"publish","type":"post","link":"https:\/\/www2.uepg.br\/lama\/nucleo-lama-uepg-do-programa-parana-organico-pmo-participa-de-feira-de-sementes-em-teixeira-soares-pr\/","title":{"rendered":"N\u00facleo Lama\/UEPG do Programa Paran\u00e1 + Org\u00e2nico (PMO) participa de Feira de Sementes em Teixeira Soares &#8211; PR"},"content":{"rendered":"<p>&nbsp;<\/p>\n<p>Nos dias 30 e 31 de agosto, o prof. Jaime Alberti Gomes e os t\u00e9cnicos do Programa Paran\u00e1 + Org\u00e2nico (UGF\/SETI\/Governo do Estado do Paran\u00e1) participaram da Feira Municipal de Sementes Crioulas e da Agrobiodiversidade de Teixeira Soares. O Laborat\u00f3rio de Mecaniza\u00e7\u00e3o Agr\u00edcola da Universidade Estadual de Ponta Grossa (Lama\/UEPG) h\u00e1 muito participa na organiza\u00e7\u00e3o e na realiza\u00e7\u00e3o destes eventos. Estes objetivam a troca de experi\u00eancias e de sementes crioulas entre os camponeses. Sendo este formato de a\u00e7\u00e3o, talvez, o maior representante de soberania alimentar na agricultura camponesa brasileira.<\/p>\n<p>No dia 30, os t\u00e9cnicos do PMO criaram atividades educativas acerca da diversidade e propriedades dos sistemas agroecol\u00f3gicos, para receber os alunos de ensino fundamental do mun\u00edcipio e regi\u00e3o. A t\u00e9cnica e Analista Ambiental Thais Karen, uma das respons\u00e1veis pelas atividades relata que \u201cforam criadas atividades de quebra-cabe\u00e7a, jogo de mem\u00f3ria, simuladores, entre outras, com elementos da feira, visando atrair as crian\u00e7as para a discuss\u00e3o da tem\u00e1tica. Acho que gostaram muito do nosso stand\u201d.<\/p>\n<p>J\u00e1 no dia 31, os t\u00e9cnicos do PMO conversaram com camponeses interessados no programa, que presta assist\u00eancia t\u00e9cnica e extens\u00e3o rural para certifica\u00e7\u00e3o de produtos org\u00e2nicos. Ainda, o\u00a0Lama\/UEPG distribuiu mais de 100 mudas de v\u00e1rios gen\u00f3tipos crioulos de batata-doce de sua cole\u00e7\u00e3o.<\/p>\n\n\t\t<style type=\"text\/css\">\n\t\t\t#gallery-1 {\n\t\t\t\tmargin: auto;\n\t\t\t}\n\t\t\t#gallery-1 .gallery-item {\n\t\t\t\tfloat: left;\n\t\t\t\tmargin-top: 10px;\n\t\t\t\ttext-align: center;\n\t\t\t\twidth: 100%;\n\t\t\t}\n\t\t\t#gallery-1 img {\n\t\t\t\tborder: 2px solid #cfcfcf;\n\t\t\t}\n\t\t\t#gallery-1 .gallery-caption {\n\t\t\t\tmargin-left: 0;\n\t\t\t}\n\t\t\t\/* see gallery_shortcode() in wp-includes\/media.php *\/\n\t\t<\/style>\n\t\t<div id='gallery-1' class='gallery galleryid-651 gallery-columns-1 gallery-size-medium'><dl class='gallery-item'>\n\t\t\t<dt class='gallery-icon landscape'>\n\t\t\t\t<a href='https:\/\/www2.uepg.br\/lama\/nucleo-lama-uepg-do-programa-parana-organico-pmo-participa-de-feira-de-sementes-em-teixeira-soares-pr\/imagem-1-11\/'><img width=\"300\" height=\"200\" src=\"https:\/\/www2.uepg.br\/lama\/wp-content\/uploads\/sites\/7\/2024\/09\/Imagem-1-2.jpg\" class=\"attachment-medium size-medium\" alt=\"\" loading=\"lazy\" \/><\/a>\n\t\t\t<\/dt><\/dl><br style=\"clear: both\" \/><dl class='gallery-item'>\n\t\t\t<dt class='gallery-icon landscape'>\n\t\t\t\t<a href='https:\/\/www2.uepg.br\/lama\/nucleo-lama-uepg-do-programa-parana-organico-pmo-participa-de-feira-de-sementes-em-teixeira-soares-pr\/imagem-2-10\/'><img width=\"300\" height=\"200\" src=\"https:\/\/www2.uepg.br\/lama\/wp-content\/uploads\/sites\/7\/2024\/09\/Imagem-2-2.jpg\" class=\"attachment-medium size-medium\" alt=\"\" loading=\"lazy\" \/><\/a>\n\t\t\t<\/dt><\/dl><br style=\"clear: both\" \/><dl class='gallery-item'>\n\t\t\t<dt class='gallery-icon landscape'>\n\t\t\t\t<a href='https:\/\/www2.uepg.br\/lama\/nucleo-lama-uepg-do-programa-parana-organico-pmo-participa-de-feira-de-sementes-em-teixeira-soares-pr\/imagem-3-9\/'><img width=\"300\" height=\"200\" src=\"https:\/\/www2.uepg.br\/lama\/wp-content\/uploads\/sites\/7\/2024\/09\/Imagem-3.jpg\" class=\"attachment-medium size-medium\" alt=\"\" loading=\"lazy\" aria-describedby=\"gallery-1-654\" \/><\/a>\n\t\t\t<\/dt>\n\t\t\t\t<dd class='wp-caption-text gallery-caption' id='gallery-1-654'>\n\t\t\t\tCrian\u00e7ada interagindo e se divertindo com as brincadeiras no stand do Lama\/UEPG (PMO).\n\t\t\t\t<\/dd><\/dl><br style=\"clear: both\" \/>\n\t\t<\/div>\n\n<p><img loading=\"lazy\" class=\"wp-image-655 aligncenter\" src=\"http:\/\/www2.uepg.br\/lama\/wp-content\/uploads\/sites\/7\/2024\/09\/Imagem-4.jpg\" alt=\"\" width=\"425\" height=\"567\" \/><\/p>\n<p><img loading=\"lazy\" class=\"wp-image-656 aligncenter\" src=\"http:\/\/www2.uepg.br\/lama\/wp-content\/uploads\/sites\/7\/2024\/09\/Imagem-5.jpg\" alt=\"\" width=\"737\" height=\"491\" \/><\/p>\n<p style=\"text-align: center\">Jogo da mem\u00f3ria e quebra-cabe\u00e7a Agroecol\u00f3gicos, criados para a Feira de Sementes.<\/p>\n<p style=\"text-align: center\"><img loading=\"lazy\" class=\"wp-image-657 aligncenter\" src=\"http:\/\/www2.uepg.br\/lama\/wp-content\/uploads\/sites\/7\/2024\/09\/Imagem-6.jpg\" alt=\"\" width=\"612\" height=\"407\" \/>Stand Lama\/UEPG (PMO).<\/p>\n<p style=\"text-align: center\"><img loading=\"lazy\" class=\"wp-image-658 aligncenter\" src=\"http:\/\/www2.uepg.br\/lama\/wp-content\/uploads\/sites\/7\/2024\/09\/Imagem-7.jpg\" alt=\"\" width=\"615\" height=\"409\" \/>Mudas de gen\u00f3tipos crioulos de batata-doce, distribuido aos produtores rurais da regi\u00e3o.<\/p>\n","protected":false},"excerpt":{"rendered":"<p>&nbsp; Nos dias 30 e 31 de agosto, o prof. Jaime Alberti Gomes e os t\u00e9cnicos do Programa Paran\u00e1 + Org\u00e2nico (UGF\/SETI\/Governo do Estado do Paran\u00e1) participaram da Feira Municipal de Sementes Crioulas e da Agrobiodiversidade de Teixeira Soares. O Laborat\u00f3rio de Mecaniza\u00e7\u00e3o Agr\u00edcola da Universidade Estadual de Ponta Grossa (Lama\/UEPG) h\u00e1 muito participa na&nbsp;&hellip;<\/p>\n","protected":false},"author":264,"featured_media":659,"comment_status":"closed","ping_status":"closed","sticky":false,"template":"","format":"standard","meta":[],"categories":[2],"tags":[],"_links":{"self":[{"href":"https:\/\/www2.uepg.br\/lama\/wp-json\/wp\/v2\/posts\/651"}],"collection":[{"href":"https:\/\/www2.uepg.br\/lama\/wp-json\/wp\/v2\/posts"}],"about":[{"href":"https:\/\/www2.uepg.br\/lama\/wp-json\/wp\/v2\/types\/post"}],"author":[{"embeddable":true,"href":"https:\/\/www2.uepg.br\/lama\/wp-json\/wp\/v2\/users\/264"}],"replies":[{"embeddable":true,"href":"https:\/\/www2.uepg.br\/lama\/wp-json\/wp\/v2\/comments?post=651"}],"version-history":[{"count":4,"href":"https:\/\/www2.uepg.br\/lama\/wp-json\/wp\/v2\/posts\/651\/revisions"}],"predecessor-version":[{"id":663,"href":"https:\/\/www2.uepg.br\/lama\/wp-json\/wp\/v2\/posts\/651\/revisions\/663"}],"wp:featuredmedia":[{"embeddable":true,"href":"https:\/\/www2.uepg.br\/lama\/wp-json\/wp\/v2\/media\/659"}],"wp:attachment":[{"href":"https:\/\/www2.uepg.br\/lama\/wp-json\/wp\/v2\/media?parent=651"}],"wp:term":[{"taxonomy":"category","embeddable":true,"href":"https:\/\/www2.uepg.br\/lama\/wp-json\/wp\/v2\/categories?post=651"},{"taxonomy":"post_tag","embeddable":true,"href":"https:\/\/www2.uepg.br\/lama\/wp-json\/wp\/v2\/tags?post=651"}],"curies":[{"name":"wp","href":"https:\/\/api.w.org\/{rel}","templated":true}]}}