{"id":665,"date":"2024-09-26T15:33:58","date_gmt":"2024-09-26T18:33:58","guid":{"rendered":"https:\/\/www2.uepg.br\/lama\/?p=665"},"modified":"2024-09-26T15:33:58","modified_gmt":"2024-09-26T18:33:58","slug":"lama-uepg-promove-oficina-de-caldas-agroecologicas","status":"publish","type":"post","link":"https:\/\/www2.uepg.br\/lama\/lama-uepg-promove-oficina-de-caldas-agroecologicas\/","title":{"rendered":"Lama\/UEPG promove oficina de caldas agroecol\u00f3gicas"},"content":{"rendered":"<p>No dia 9 de setembro, na comunidade Vitorino em Prudent\u00f3polis, interior do Paran\u00e1, os Doutorandos Jo\u00e3o Lu\u00eds Dremiski (Lama\/UEPG\/IFPR) e Waldir Zarrochinski Junior (Lama\/UEPG\/Cooperativa Central da Reforma Agr\u00e1ria\/Paran\u00e1), realizaram palestras sobre a cultura do tomate e uma oficina com prepara\u00e7\u00e3o de diversas caldas agroecol\u00f3gicas. Estas, podem ser utilizadas como fungicidas, inseticidas e como fertilizante e s\u00e3o permitidas pela legisla\u00e7\u00e3o brasileira que trata da certifica\u00e7\u00e3o de produtos org\u00e2nicos.<\/p>\n<p>A agricultora camponesa e l\u00edder comunit\u00e1ria Salete Penteado (Egressa do Curso de Agente em Desenvolvimento Rural Sustent\u00e1vel &#8211; Lama\/UEPG\/IFPR), uma das organizadoras do encontro comenta que:<\/p>\n<p style=\"text-align: center\">\u201cFoi muito interessante o encontro, nunca tivemos nada parecido e com certeza aprendemos o caminho e mais coisas v\u00e3o acontecer\u201d.<\/p>\n\n\t\t<style type=\"text\/css\">\n\t\t\t#gallery-1 {\n\t\t\t\tmargin: auto;\n\t\t\t}\n\t\t\t#gallery-1 .gallery-item {\n\t\t\t\tfloat: left;\n\t\t\t\tmargin-top: 10px;\n\t\t\t\ttext-align: center;\n\t\t\t\twidth: 100%;\n\t\t\t}\n\t\t\t#gallery-1 img {\n\t\t\t\tborder: 2px solid #cfcfcf;\n\t\t\t}\n\t\t\t#gallery-1 .gallery-caption {\n\t\t\t\tmargin-left: 0;\n\t\t\t}\n\t\t\t\/* see gallery_shortcode() in wp-includes\/media.php *\/\n\t\t<\/style>\n\t\t<div id='gallery-1' class='gallery galleryid-665 gallery-columns-1 gallery-size-large'><dl class='gallery-item'>\n\t\t\t<dt class='gallery-icon landscape'>\n\t\t\t\t<a href='https:\/\/www2.uepg.br\/lama\/lama-uepg-promove-oficina-de-caldas-agroecologicas\/imagem-1-12\/'><img width=\"952\" height=\"600\" src=\"https:\/\/www2.uepg.br\/lama\/wp-content\/uploads\/sites\/7\/2024\/09\/Imagem-1-3.jpg\" class=\"attachment-large size-large\" alt=\"\" loading=\"lazy\" aria-describedby=\"gallery-1-666\" \/><\/a>\n\t\t\t<\/dt>\n\t\t\t\t<dd class='wp-caption-text gallery-caption' id='gallery-1-666'>\n\t\t\t\tO Prof. Jo\u00e3o come\u00e7ando os trabalhos com os agricultores.\n\t\t\t\t<\/dd><\/dl><br style=\"clear: both\" \/><dl class='gallery-item'>\n\t\t\t<dt class='gallery-icon landscape'>\n\t\t\t\t<a href='https:\/\/www2.uepg.br\/lama\/lama-uepg-promove-oficina-de-caldas-agroecologicas\/imagem-2-11\/'><img width=\"963\" height=\"559\" src=\"https:\/\/www2.uepg.br\/lama\/wp-content\/uploads\/sites\/7\/2024\/09\/Imagem-2-3.jpg\" class=\"attachment-large size-large\" alt=\"\" loading=\"lazy\" aria-describedby=\"gallery-1-667\" \/><\/a>\n\t\t\t<\/dt>\n\t\t\t\t<dd class='wp-caption-text gallery-caption' id='gallery-1-667'>\n\t\t\t\tProsa boa em sombra boa.\n\t\t\t\t<\/dd><\/dl><br style=\"clear: both\" \/><dl class='gallery-item'>\n\t\t\t<dt class='gallery-icon landscape'>\n\t\t\t\t<a href='https:\/\/www2.uepg.br\/lama\/lama-uepg-promove-oficina-de-caldas-agroecologicas\/imagem-3-10\/'><img width=\"979\" height=\"550\" src=\"https:\/\/www2.uepg.br\/lama\/wp-content\/uploads\/sites\/7\/2024\/09\/Imagem-3-1.jpg\" class=\"attachment-large size-large\" alt=\"\" loading=\"lazy\" aria-describedby=\"gallery-1-668\" \/><\/a>\n\t\t\t<\/dt>\n\t\t\t\t<dd class='wp-caption-text gallery-caption' id='gallery-1-668'>\n\t\t\t\tO Prof. Waldir, fazendo a m\u00e1gica na calda bordalesa, e o graduando em Agronomia Tobias (bolsista Lama\/UEPG\/Programa Paran\u00e1 + Org\u00e2nico) auxiliando nas atividades.\n\t\t\t\t<\/dd><\/dl><br style=\"clear: both\" \/>\n\t\t<\/div>\n\n","protected":false},"excerpt":{"rendered":"<p>No dia 9 de setembro, na comunidade Vitorino em Prudent\u00f3polis, interior do Paran\u00e1, os Doutorandos Jo\u00e3o Lu\u00eds Dremiski (Lama\/UEPG\/IFPR) e Waldir Zarrochinski Junior (Lama\/UEPG\/Cooperativa Central da Reforma Agr\u00e1ria\/Paran\u00e1), realizaram palestras sobre a cultura do tomate e uma oficina com prepara\u00e7\u00e3o de diversas caldas agroecol\u00f3gicas. Estas, podem ser utilizadas como fungicidas, inseticidas e como fertilizante e&nbsp;&hellip;<\/p>\n","protected":false},"author":264,"featured_media":669,"comment_status":"closed","ping_status":"closed","sticky":false,"template":"","format":"standard","meta":[],"categories":[2],"tags":[],"_links":{"self":[{"href":"https:\/\/www2.uepg.br\/lama\/wp-json\/wp\/v2\/posts\/665"}],"collection":[{"href":"https:\/\/www2.uepg.br\/lama\/wp-json\/wp\/v2\/posts"}],"about":[{"href":"https:\/\/www2.uepg.br\/lama\/wp-json\/wp\/v2\/types\/post"}],"author":[{"embeddable":true,"href":"https:\/\/www2.uepg.br\/lama\/wp-json\/wp\/v2\/users\/264"}],"replies":[{"embeddable":true,"href":"https:\/\/www2.uepg.br\/lama\/wp-json\/wp\/v2\/comments?post=665"}],"version-history":[{"count":1,"href":"https:\/\/www2.uepg.br\/lama\/wp-json\/wp\/v2\/posts\/665\/revisions"}],"predecessor-version":[{"id":670,"href":"https:\/\/www2.uepg.br\/lama\/wp-json\/wp\/v2\/posts\/665\/revisions\/670"}],"wp:featuredmedia":[{"embeddable":true,"href":"https:\/\/www2.uepg.br\/lama\/wp-json\/wp\/v2\/media\/669"}],"wp:attachment":[{"href":"https:\/\/www2.uepg.br\/lama\/wp-json\/wp\/v2\/media?parent=665"}],"wp:term":[{"taxonomy":"category","embeddable":true,"href":"https:\/\/www2.uepg.br\/lama\/wp-json\/wp\/v2\/categories?post=665"},{"taxonomy":"post_tag","embeddable":true,"href":"https:\/\/www2.uepg.br\/lama\/wp-json\/wp\/v2\/tags?post=665"}],"curies":[{"name":"wp","href":"https:\/\/api.w.org\/{rel}","templated":true}]}}