{"id":703,"date":"2024-11-12T11:19:34","date_gmt":"2024-11-12T14:19:34","guid":{"rendered":"https:\/\/www2.uepg.br\/lama\/?p=703"},"modified":"2024-11-12T11:20:00","modified_gmt":"2024-11-12T14:20:00","slug":"lama-uepg-participa-de-encontro-agroecologico-de-pastagens","status":"publish","type":"post","link":"https:\/\/www2.uepg.br\/lama\/lama-uepg-participa-de-encontro-agroecologico-de-pastagens\/","title":{"rendered":"Lama\/UEPG participa de Encontro Agroecol\u00f3gico de Pastagens"},"content":{"rendered":"<p>Na \u00faltima semana de outubro, o Laborat\u00f3rio de Mecaniza\u00e7\u00e3o Agr\u00edcola da Universidade Estadual de Ponta Grossa (Lama\/UEPG) participou do IV Encontro Panamericano de Manejo Agroecol\u00f3gico de Pastagens (PRV-Pastoreio Racional Voisin nas Am\u00e9ricas), em Florian\u00f3polis. O evento foi organizado pelo N\u00facleo de Pastoreio Racional Voisin da UFSC.O Eng. Agr\u00f4nomo (Doutorando Lama\/UEPG e CCA) Waldir Zarrochinski apresentou dois trabalhos sobre qualidade de solo em Sistema de Pastoreio Racional desenvolvidos pelo Lama\/UEPG. Waldir relata que \u201cfoi muito interessante ouvir relatos deste tipo de manejo no Uruguai, Cuba, Argentina, Chile, Panam\u00e1, Col\u00f4mbia, Costa Rica, Venezuela, Z\u00e2mbia e EUA\u201d.<\/p>\n<div id=\"attachment_704\" style=\"width: 618px\" class=\"wp-caption aligncenter\"><img aria-describedby=\"caption-attachment-704\" loading=\"lazy\" class=\"wp-image-704\" src=\"http:\/\/www2.uepg.br\/lama\/wp-content\/uploads\/sites\/7\/2024\/11\/Imagem-1.jpg\" alt=\"\" width=\"608\" height=\"342\" \/><p id=\"caption-attachment-704\" class=\"wp-caption-text\">Waldir, apresentando trabalhos no IV Encontro PRV das Am\u00e9ricas.<\/p><\/div>\n<p>O tamb\u00e9m Eng. Agr\u00f4nomo (Doutorando Lama\/UEPG) Jean- Fritz Milien, participou do evento, e aproveitou para conhecer mais uma grande Universidade Brasileira e relata que \u201ceste tipo de conhecimento pode ser muito \u00fatil no futuro, visando projetos e trabalhos em conjunto com Universidades Haitianas\u201d.<\/p>\n<div id=\"attachment_706\" style=\"width: 638px\" class=\"wp-caption aligncenter\"><img aria-describedby=\"caption-attachment-706\" loading=\"lazy\" class=\"wp-image-706\" src=\"http:\/\/www2.uepg.br\/lama\/wp-content\/uploads\/sites\/7\/2024\/11\/Imagem-3.jpg\" alt=\"\" width=\"628\" height=\"391\" \/><p id=\"caption-attachment-706\" class=\"wp-caption-text\">Fritz Milien conhecendo depend\u00eancia das UFSC.<\/p><\/div>\n<p>Deve-se registrar que durante o evento foram realizadas homenagens aos profs. Pinheiro Machado e Nilo Romero, cujos trabalhos s\u00e3o respons\u00e1veis pelo atual est\u00e1gio do PRV no Brasil e nas Am\u00e9ricas.<\/p>\n<div id=\"attachment_705\" style=\"width: 652px\" class=\"wp-caption aligncenter\"><img aria-describedby=\"caption-attachment-705\" loading=\"lazy\" class=\"wp-image-705\" src=\"http:\/\/www2.uepg.br\/lama\/wp-content\/uploads\/sites\/7\/2024\/11\/Imagem-2.jpg\" alt=\"\" width=\"642\" height=\"405\" \/><p id=\"caption-attachment-705\" class=\"wp-caption-text\">Apresenta\u00e7\u00e3o do Prof. Daniel Hidalgo, da Universidade de Bristol, UK, com linha de pesquisa em qualidade do solo, muito semelhante aos trabalhos do Lama\/UEPG.<\/p><\/div>\n","protected":false},"excerpt":{"rendered":"<p>Na \u00faltima semana de outubro, o Laborat\u00f3rio de Mecaniza\u00e7\u00e3o Agr\u00edcola da Universidade Estadual de Ponta Grossa (Lama\/UEPG) participou do IV Encontro Panamericano de Manejo Agroecol\u00f3gico de Pastagens (PRV-Pastoreio Racional Voisin nas Am\u00e9ricas), em Florian\u00f3polis. O evento foi organizado pelo N\u00facleo de Pastoreio Racional Voisin da UFSC.O Eng. Agr\u00f4nomo (Doutorando Lama\/UEPG e CCA) Waldir Zarrochinski apresentou&nbsp;&hellip;<\/p>\n","protected":false},"author":264,"featured_media":704,"comment_status":"closed","ping_status":"closed","sticky":false,"template":"","format":"standard","meta":[],"categories":[2],"tags":[],"_links":{"self":[{"href":"https:\/\/www2.uepg.br\/lama\/wp-json\/wp\/v2\/posts\/703"}],"collection":[{"href":"https:\/\/www2.uepg.br\/lama\/wp-json\/wp\/v2\/posts"}],"about":[{"href":"https:\/\/www2.uepg.br\/lama\/wp-json\/wp\/v2\/types\/post"}],"author":[{"embeddable":true,"href":"https:\/\/www2.uepg.br\/lama\/wp-json\/wp\/v2\/users\/264"}],"replies":[{"embeddable":true,"href":"https:\/\/www2.uepg.br\/lama\/wp-json\/wp\/v2\/comments?post=703"}],"version-history":[{"count":1,"href":"https:\/\/www2.uepg.br\/lama\/wp-json\/wp\/v2\/posts\/703\/revisions"}],"predecessor-version":[{"id":707,"href":"https:\/\/www2.uepg.br\/lama\/wp-json\/wp\/v2\/posts\/703\/revisions\/707"}],"wp:featuredmedia":[{"embeddable":true,"href":"https:\/\/www2.uepg.br\/lama\/wp-json\/wp\/v2\/media\/704"}],"wp:attachment":[{"href":"https:\/\/www2.uepg.br\/lama\/wp-json\/wp\/v2\/media?parent=703"}],"wp:term":[{"taxonomy":"category","embeddable":true,"href":"https:\/\/www2.uepg.br\/lama\/wp-json\/wp\/v2\/categories?post=703"},{"taxonomy":"post_tag","embeddable":true,"href":"https:\/\/www2.uepg.br\/lama\/wp-json\/wp\/v2\/tags?post=703"}],"curies":[{"name":"wp","href":"https:\/\/api.w.org\/{rel}","templated":true}]}}