{"id":716,"date":"2024-11-28T17:25:16","date_gmt":"2024-11-28T20:25:16","guid":{"rendered":"https:\/\/www2.uepg.br\/lama\/?p=716"},"modified":"2024-11-28T17:25:16","modified_gmt":"2024-11-28T20:25:16","slug":"lama-uepg-participa-do-iv-simposio-em-bioenergia","status":"publish","type":"post","link":"https:\/\/www2.uepg.br\/lama\/lama-uepg-participa-do-iv-simposio-em-bioenergia\/","title":{"rendered":"Lama\/UEPG participa do IV Simp\u00f3sio em Bioenergia"},"content":{"rendered":"<p>Nos dias 6,7 e 8 de novembro, o Laborat\u00f3rio de Mecaniza\u00e7\u00e3o Agr\u00edcola da Universidade Estadual de Ponta Grossa (Lama\/UEPG) participou do IV Simp\u00f3sio em Bioenergia: Globalizando a Energia Sustent\u00e1vel, realizado na Universidade Estadual do Centro Oeste &#8211; Unicentro, em Guarapuava, Paran\u00e1.<\/p>\n<div id=\"attachment_717\" style=\"width: 588px\" class=\"wp-caption aligncenter\"><img aria-describedby=\"caption-attachment-717\" loading=\"lazy\" class=\"wp-image-717\" src=\"http:\/\/www2.uepg.br\/lama\/wp-content\/uploads\/sites\/7\/2024\/11\/Imagem-1-2.jpg\" alt=\"\" width=\"578\" height=\"370\" \/><p id=\"caption-attachment-717\" class=\"wp-caption-text\">Abertura do Simp\u00f3sio, com a participa\u00e7\u00e3o do Vice-reitor, do Pr\u00f3-reitor de P\u00f3s-gradua\u00e7\u00e3o e Pesquisa da Unicentro e do Prof. Pedro (Lama\/UEPG), coordenador geral do programa de P\u00f3s-gradua\u00e7\u00e3o em Rede em Bioenergia (UEPG, UEL, UEM, Unicentro, Unioeste e UFPR).<\/p><\/div>\n<p>Os discentes vinculados ao mestrado e doutorado em Bioenergia apresentaram seis trabalhos, tr\u00eas orais e tr\u00eas em formato de banners. A mestranda Juliana Andrade Hay apresentou seu trabalho oral, sendo premiada na linha de biocombust\u00edveis, com o 1\u00ba Pr\u00eamio Paulo Rog\u00e9rio Pinto Rodrigues, relatando que a \u201cintera\u00e7\u00e3o com pesquisadores (docentes e discentes) de outras institui\u00e7\u00f5es \u00e9 muito interessante, os corredores do evento agregam muito\u201d. A mestranda apresentou seu trabalho focado na discuss\u00e3o da abordagem do Nexo, onde recursos como alimento, energia e \u00e1gua s\u00e3o pilares de um novo formato de desenvolvimento sustent\u00e1vel.<\/p>\n<div id=\"attachment_718\" style=\"width: 595px\" class=\"wp-caption aligncenter\"><img aria-describedby=\"caption-attachment-718\" loading=\"lazy\" class=\"wp-image-718\" src=\"http:\/\/www2.uepg.br\/lama\/wp-content\/uploads\/sites\/7\/2024\/11\/Imagem-2-2.jpg\" alt=\"\" width=\"585\" height=\"384\" \/><p id=\"caption-attachment-718\" class=\"wp-caption-text\">Juliana Andrade Hay apresentando seu trabalho, intitulado: O Nexo energia, \u00e1gua e alimento e o papel da Agricultura Familiar.<\/p><\/div>\n<p>&nbsp;<\/p>\n<div id=\"attachment_719\" style=\"width: 597px\" class=\"wp-caption aligncenter\"><img aria-describedby=\"caption-attachment-719\" loading=\"lazy\" class=\"wp-image-719\" src=\"http:\/\/www2.uepg.br\/lama\/wp-content\/uploads\/sites\/7\/2024\/11\/Imagem-3-2.jpg\" alt=\"\" width=\"587\" height=\"353\" \/><p id=\"caption-attachment-719\" class=\"wp-caption-text\">Prof. Jaime e Juliana Andrade Hay recebendo o pr\u00eamio de melhor trabalho oral na linha de Biocombust\u00edveis.<\/p><\/div>\n<p>A tamb\u00e9m mestranda Yasmin, que est\u00e1 no primeiro semestre de curso, comenta que \u201co evento serviu de \u2018combust\u00edvel\u2019, para a sequ\u00eancia do curso, sendo muito gratificante a participa\u00e7\u00e3o\u201d.<\/p>\n<div id=\"attachment_720\" style=\"width: 604px\" class=\"wp-caption aligncenter\"><img aria-describedby=\"caption-attachment-720\" loading=\"lazy\" class=\"wp-image-720\" src=\"http:\/\/www2.uepg.br\/lama\/wp-content\/uploads\/sites\/7\/2024\/11\/Imagem-4-1.jpg\" alt=\"\" width=\"594\" height=\"576\" \/><p id=\"caption-attachment-720\" class=\"wp-caption-text\">J\u00e9ssica Goba e Profa. Elena recebendo pr\u00eamio de melhor trabalho banner na linha Biocombust\u00edveis.<\/p><\/div>\n<div id=\"attachment_721\" style=\"width: 606px\" class=\"wp-caption aligncenter\"><img aria-describedby=\"caption-attachment-721\" loading=\"lazy\" class=\"wp-image-721\" src=\"http:\/\/www2.uepg.br\/lama\/wp-content\/uploads\/sites\/7\/2024\/11\/Imagem-5.jpg\" alt=\"\" width=\"596\" height=\"358\" \/><p id=\"caption-attachment-721\" class=\"wp-caption-text\">Welligton (orientado da Profa. Sandra) com pr\u00eamio de melhor trabalho oral na linha Energia Renov\u00e1veis, professores e alunos do Programa de P\u00f3s-gradua\u00e7\u00e3o em Bieonergia da UEPG.<\/p><\/div>\n<p>&nbsp;<\/p>\n","protected":false},"excerpt":{"rendered":"<p>Nos dias 6,7 e 8 de novembro, o Laborat\u00f3rio de Mecaniza\u00e7\u00e3o Agr\u00edcola da Universidade Estadual de Ponta Grossa (Lama\/UEPG) participou do IV Simp\u00f3sio em Bioenergia: Globalizando a Energia Sustent\u00e1vel, realizado na Universidade Estadual do Centro Oeste &#8211; Unicentro, em Guarapuava, Paran\u00e1. Os discentes vinculados ao mestrado e doutorado em Bioenergia apresentaram seis trabalhos, tr\u00eas orais&nbsp;&hellip;<\/p>\n","protected":false},"author":264,"featured_media":721,"comment_status":"closed","ping_status":"closed","sticky":false,"template":"","format":"standard","meta":[],"categories":[2],"tags":[],"_links":{"self":[{"href":"https:\/\/www2.uepg.br\/lama\/wp-json\/wp\/v2\/posts\/716"}],"collection":[{"href":"https:\/\/www2.uepg.br\/lama\/wp-json\/wp\/v2\/posts"}],"about":[{"href":"https:\/\/www2.uepg.br\/lama\/wp-json\/wp\/v2\/types\/post"}],"author":[{"embeddable":true,"href":"https:\/\/www2.uepg.br\/lama\/wp-json\/wp\/v2\/users\/264"}],"replies":[{"embeddable":true,"href":"https:\/\/www2.uepg.br\/lama\/wp-json\/wp\/v2\/comments?post=716"}],"version-history":[{"count":1,"href":"https:\/\/www2.uepg.br\/lama\/wp-json\/wp\/v2\/posts\/716\/revisions"}],"predecessor-version":[{"id":722,"href":"https:\/\/www2.uepg.br\/lama\/wp-json\/wp\/v2\/posts\/716\/revisions\/722"}],"wp:featuredmedia":[{"embeddable":true,"href":"https:\/\/www2.uepg.br\/lama\/wp-json\/wp\/v2\/media\/721"}],"wp:attachment":[{"href":"https:\/\/www2.uepg.br\/lama\/wp-json\/wp\/v2\/media?parent=716"}],"wp:term":[{"taxonomy":"category","embeddable":true,"href":"https:\/\/www2.uepg.br\/lama\/wp-json\/wp\/v2\/categories?post=716"},{"taxonomy":"post_tag","embeddable":true,"href":"https:\/\/www2.uepg.br\/lama\/wp-json\/wp\/v2\/tags?post=716"}],"curies":[{"name":"wp","href":"https:\/\/api.w.org\/{rel}","templated":true}]}}