{"id":724,"date":"2024-12-18T16:51:49","date_gmt":"2024-12-18T19:51:49","guid":{"rendered":"https:\/\/www2.uepg.br\/lama\/?p=724"},"modified":"2024-12-18T16:52:29","modified_gmt":"2024-12-18T19:52:29","slug":"lama-uepg-apoia-evento-do-2o-ano-de-agronomia","status":"publish","type":"post","link":"https:\/\/www2.uepg.br\/lama\/lama-uepg-apoia-evento-do-2o-ano-de-agronomia\/","title":{"rendered":"Lama\/UEPG apoia evento do 2\u00ba ano de Agronomia"},"content":{"rendered":"<p>No dia 26 de novembro, no audit\u00f3rio do Observat\u00f3rio Astron\u00f4mico da UEPG, os Alunos de Mecaniza\u00e7\u00e3o Agr\u00edcola, do segundo ano do curso de Agronomia, realizaram um evento intitulado Mecaniza\u00e7\u00e3o Sustent\u00e1vel: Combust\u00edveis alternativos. Este, teve como objetivo conhecer a vis\u00e3o das empresas montadoras de tratores agr\u00edcolas sobre a transi\u00e7\u00e3o energ\u00e9tica e o uso de combust\u00edveis alternativos. O evento contou com apoio do Laborat\u00f3rio de Mecaniza\u00e7\u00e3o Agr\u00edcola da Universidade Estadual de Ponta Grossa (Lama\/UEPG). O evento contou com a participa\u00e7\u00e3o de agricultores e acad\u00eamicos de diversas turmas.<\/p>\n\n\t\t<style type=\"text\/css\">\n\t\t\t#gallery-1 {\n\t\t\t\tmargin: auto;\n\t\t\t}\n\t\t\t#gallery-1 .gallery-item {\n\t\t\t\tfloat: left;\n\t\t\t\tmargin-top: 10px;\n\t\t\t\ttext-align: center;\n\t\t\t\twidth: 33%;\n\t\t\t}\n\t\t\t#gallery-1 img {\n\t\t\t\tborder: 2px solid #cfcfcf;\n\t\t\t}\n\t\t\t#gallery-1 .gallery-caption {\n\t\t\t\tmargin-left: 0;\n\t\t\t}\n\t\t\t\/* see gallery_shortcode() in wp-includes\/media.php *\/\n\t\t<\/style>\n\t\t<div id='gallery-1' class='gallery galleryid-724 gallery-columns-3 gallery-size-large'><dl class='gallery-item'>\n\t\t\t<dt class='gallery-icon landscape'>\n\t\t\t\t<a href='https:\/\/www2.uepg.br\/lama\/lama-uepg-apoia-evento-do-2o-ano-de-agronomia\/imagem-1-17\/'><img width=\"855\" height=\"569\" src=\"https:\/\/www2.uepg.br\/lama\/wp-content\/uploads\/sites\/7\/2024\/12\/Imagem-1.jpg\" class=\"attachment-large size-large\" alt=\"\" loading=\"lazy\" aria-describedby=\"gallery-1-725\" \/><\/a>\n\t\t\t<\/dt>\n\t\t\t\t<dd class='wp-caption-text gallery-caption' id='gallery-1-725'>\n\t\t\t\tRepresentante dos acad\u00eamicos do segundo ano como mestre de cerim\u00f4nia do evento.\n\t\t\t\t<\/dd><\/dl><dl class='gallery-item'>\n\t\t\t<dt class='gallery-icon landscape'>\n\t\t\t\t<a href='https:\/\/www2.uepg.br\/lama\/lama-uepg-apoia-evento-do-2o-ano-de-agronomia\/imagem-2-16\/'><img width=\"790\" height=\"506\" src=\"https:\/\/www2.uepg.br\/lama\/wp-content\/uploads\/sites\/7\/2024\/12\/Imagem-2.jpg\" class=\"attachment-large size-large\" alt=\"\" loading=\"lazy\" aria-describedby=\"gallery-1-726\" \/><\/a>\n\t\t\t<\/dt>\n\t\t\t\t<dd class='wp-caption-text gallery-caption' id='gallery-1-726'>\n\t\t\t\tRepresentante dos acad\u00eamicos na coordena\u00e7\u00e3o dos debates e questionamentos.\n\t\t\t\t<\/dd><\/dl><dl class='gallery-item'>\n\t\t\t<dt class='gallery-icon landscape'>\n\t\t\t\t<a href='https:\/\/www2.uepg.br\/lama\/lama-uepg-apoia-evento-do-2o-ano-de-agronomia\/imagem-3-15\/'><img width=\"791\" height=\"527\" src=\"https:\/\/www2.uepg.br\/lama\/wp-content\/uploads\/sites\/7\/2024\/12\/Imagem-3.jpg\" class=\"attachment-large size-large\" alt=\"\" loading=\"lazy\" aria-describedby=\"gallery-1-727\" \/><\/a>\n\t\t\t<\/dt>\n\t\t\t\t<dd class='wp-caption-text gallery-caption' id='gallery-1-727'>\n\t\t\t\tProfessor Pedro, auxiliando na abertura do evento.\n\t\t\t\t<\/dd><\/dl><br style=\"clear: both\" \/>\n\t\t<\/div>\n\n<p>Infelizmente alguns fabricantes n\u00e3o entenderam a proposta e n\u00e3o compareceram.<\/p>\n<p>O Coordenador de Projetos Sustent\u00e1veis da CNH, Juliano Perelli, apresentou os projetos da New Holland, considerando tratores el\u00e9tricos, a etanol e com aten\u00e7\u00e3o especial para o Biometano. Neste \u00faltimo caso chamou a aten\u00e7\u00e3o a vis\u00e3o global da empresa, considerando a produ\u00e7\u00e3o, processamento, abastecimento e o funcionamento de m\u00e1quinas a Biometano.<\/p>\n<div id=\"attachment_728\" style=\"width: 791px\" class=\"wp-caption aligncenter\"><img aria-describedby=\"caption-attachment-728\" loading=\"lazy\" class=\"wp-image-728\" src=\"http:\/\/www2.uepg.br\/lama\/wp-content\/uploads\/sites\/7\/2024\/12\/Imagem-4.jpg\" alt=\"\" width=\"781\" height=\"473\" \/><p id=\"caption-attachment-728\" class=\"wp-caption-text\">Palestra do representante da montadora de tratores da New Holland, em apresenta\u00e7\u00e3o remota s\u00edncrona.<\/p><\/div>\n<p>J\u00e1 o Instrutor (CDI) John Deere, Marcio Rocha, relatou que a empresa tem como linhas principais o uso do etanol (pela import\u00e2ncia do mesmo no Brasil) e o trator el\u00e9trico. Durante a apresenta\u00e7\u00e3o chamou a aten\u00e7\u00e3o o cuidado que a John Deere tem com a transi\u00e7\u00e3o energ\u00e9tica, onde n\u00e3o poupa cuidados e esfor\u00e7os quanto a melhorias na efici\u00eancia e com a redu\u00e7\u00e3o das emiss\u00f5es de gases dos atuais motores Ciclo Diesel.<\/p>\n<div id=\"attachment_729\" style=\"width: 627px\" class=\"wp-caption aligncenter\"><img aria-describedby=\"caption-attachment-729\" loading=\"lazy\" class=\"wp-image-729\" src=\"http:\/\/www2.uepg.br\/lama\/wp-content\/uploads\/sites\/7\/2024\/12\/Imagem-5.jpg\" alt=\"\" width=\"617\" height=\"373\" \/><p id=\"caption-attachment-729\" class=\"wp-caption-text\">Palestra do representante da f\u00e1brica de tratores John Deere, em apresenta\u00e7\u00e3o presencial.<\/p><\/div>\n<div id=\"attachment_730\" style=\"width: 886px\" class=\"wp-caption aligncenter\"><img aria-describedby=\"caption-attachment-730\" loading=\"lazy\" class=\"wp-image-730\" src=\"http:\/\/www2.uepg.br\/lama\/wp-content\/uploads\/sites\/7\/2024\/12\/Imagem-6.jpg\" alt=\"\" width=\"876\" height=\"503\" \/><p id=\"caption-attachment-730\" class=\"wp-caption-text\">Participantes do evento.<\/p><\/div>\n<div id=\"attachment_731\" style=\"width: 638px\" class=\"wp-caption aligncenter\"><img aria-describedby=\"caption-attachment-731\" loading=\"lazy\" class=\"wp-image-731\" src=\"http:\/\/www2.uepg.br\/lama\/wp-content\/uploads\/sites\/7\/2024\/12\/Imagem-7.jpg\" alt=\"\" width=\"628\" height=\"418\" \/><p id=\"caption-attachment-731\" class=\"wp-caption-text\">Acad\u00eamicos e comunidade externa em participa\u00e7\u00e3o de apresenta\u00e7\u00e3o paralela ao evento principal.<\/p><\/div>\n","protected":false},"excerpt":{"rendered":"<p>No dia 26 de novembro, no audit\u00f3rio do Observat\u00f3rio Astron\u00f4mico da UEPG, os Alunos de Mecaniza\u00e7\u00e3o Agr\u00edcola, do segundo ano do curso de Agronomia, realizaram um evento intitulado Mecaniza\u00e7\u00e3o Sustent\u00e1vel: Combust\u00edveis alternativos. Este, teve como objetivo conhecer a vis\u00e3o das empresas montadoras de tratores agr\u00edcolas sobre a transi\u00e7\u00e3o energ\u00e9tica e o uso de combust\u00edveis alternativos.&nbsp;&hellip;<\/p>\n","protected":false},"author":264,"featured_media":732,"comment_status":"closed","ping_status":"closed","sticky":false,"template":"","format":"standard","meta":[],"categories":[2],"tags":[],"_links":{"self":[{"href":"https:\/\/www2.uepg.br\/lama\/wp-json\/wp\/v2\/posts\/724"}],"collection":[{"href":"https:\/\/www2.uepg.br\/lama\/wp-json\/wp\/v2\/posts"}],"about":[{"href":"https:\/\/www2.uepg.br\/lama\/wp-json\/wp\/v2\/types\/post"}],"author":[{"embeddable":true,"href":"https:\/\/www2.uepg.br\/lama\/wp-json\/wp\/v2\/users\/264"}],"replies":[{"embeddable":true,"href":"https:\/\/www2.uepg.br\/lama\/wp-json\/wp\/v2\/comments?post=724"}],"version-history":[{"count":2,"href":"https:\/\/www2.uepg.br\/lama\/wp-json\/wp\/v2\/posts\/724\/revisions"}],"predecessor-version":[{"id":734,"href":"https:\/\/www2.uepg.br\/lama\/wp-json\/wp\/v2\/posts\/724\/revisions\/734"}],"wp:featuredmedia":[{"embeddable":true,"href":"https:\/\/www2.uepg.br\/lama\/wp-json\/wp\/v2\/media\/732"}],"wp:attachment":[{"href":"https:\/\/www2.uepg.br\/lama\/wp-json\/wp\/v2\/media?parent=724"}],"wp:term":[{"taxonomy":"category","embeddable":true,"href":"https:\/\/www2.uepg.br\/lama\/wp-json\/wp\/v2\/categories?post=724"},{"taxonomy":"post_tag","embeddable":true,"href":"https:\/\/www2.uepg.br\/lama\/wp-json\/wp\/v2\/tags?post=724"}],"curies":[{"name":"wp","href":"https:\/\/api.w.org\/{rel}","templated":true}]}}