{"id":744,"date":"2025-03-17T13:43:35","date_gmt":"2025-03-17T16:43:35","guid":{"rendered":"https:\/\/www2.uepg.br\/lama\/?p=744"},"modified":"2025-03-17T13:43:35","modified_gmt":"2025-03-17T16:43:35","slug":"nucleo-lama-uepg-participa-de-encontro-de-coordenadores-do-programa-parana-mais-organico-pmo","status":"publish","type":"post","link":"https:\/\/www2.uepg.br\/lama\/nucleo-lama-uepg-participa-de-encontro-de-coordenadores-do-programa-parana-mais-organico-pmo\/","title":{"rendered":"N\u00facleo Lama\/UEPG participa de encontro de Coordenadores do Programa Paran\u00e1 Mais Org\u00e2nico (PMO)"},"content":{"rendered":"<p>No final de fevereiro, o N\u00facleo Laborat\u00f3rio de Mecaniza\u00e7\u00e3o Agr\u00edcola da Universidade Estadual de Ponta Grossa (Lama\/UEPG) do Programa Paran\u00e1 Mais Org\u00e2nico (PMO), participou da Reuni\u00e3o dos Coordenadores Estaduais, em Curitiba. O programa, em sua fase 6 de execu\u00e7\u00e3o, foi implementado em 2009, e visa assist\u00eancia t\u00e9cnica e extens\u00e3o rural para a certifica\u00e7\u00e3o de produtos org\u00e2nicos de agricultores familiares do Estado do Paran\u00e1, al\u00e9m de treinamento de t\u00e9cnicos em tal tipo de manejo e comercializa\u00e7\u00e3o.<\/p>\n<p>Em um primeiro momento houve o encontro na Secretaria de Ci\u00eancia, Tecnologia e Ensino Superior do Paran\u00e1 (Seti), onde o secret\u00e1rio Aldo Bona deixou clara sua admira\u00e7\u00e3o pelo Programa e que no t\u00e9rmino da atual Fase, a secretaria n\u00e3o medir\u00e1 esfor\u00e7os para continuidade do mesmo.<\/p>\n<p>No segundo dia, os Coordenadores, mais o Prof. Sandro Deretti, Assessor de Ci\u00eancia e Tecnologia da Seti e o Eng. Agr. Fabio Corrales, Gerente do Centro de Certifica\u00e7\u00e3o do Tecpar, reuniram-se e discutiram realiza\u00e7\u00f5es e perspectivas para o Programa.<br \/>\nO prof. Pedro Henrique Weirich Neto (Lama\/UEPG\/PMO) comenta que \u201co encontro foi muito proveitoso, tanto politicamente como tecnicamente\u201d.<\/p>\n<p>&nbsp;<\/p>\n<div id=\"attachment_745\" style=\"width: 582px\" class=\"wp-caption aligncenter\"><img aria-describedby=\"caption-attachment-745\" loading=\"lazy\" class=\"wp-image-745\" src=\"http:\/\/www2.uepg.br\/lama\/wp-content\/uploads\/sites\/7\/2025\/03\/Imagem-1.jpg\" alt=\"\" width=\"572\" height=\"391\" \/><p id=\"caption-attachment-745\" class=\"wp-caption-text\">Prof. Michelon (PMO-UEM) e demais Coordenadores dos N\u00facleos do PMO, relatando n\u00fameros e feitos do Programa para o Secretario Aldo Bona, coordenadores e assessores da Seti.<\/p><\/div>\n<div id=\"attachment_746\" style=\"width: 587px\" class=\"wp-caption aligncenter\"><img aria-describedby=\"caption-attachment-746\" loading=\"lazy\" class=\"wp-image-746\" src=\"http:\/\/www2.uepg.br\/lama\/wp-content\/uploads\/sites\/7\/2025\/03\/Imagem-2.jpg\" alt=\"\" width=\"577\" height=\"353\" \/><p id=\"caption-attachment-746\" class=\"wp-caption-text\">Coordenadores dos N\u00facleos do PMO e o Secretario Aldo Bona relatando seu apre\u00e7o pelo Programa.<\/dd>\n<dd><\/p><\/div>\n<div id=\"attachment_747\" style=\"width: 591px\" class=\"wp-caption aligncenter\"><img aria-describedby=\"caption-attachment-747\" loading=\"lazy\" class=\"wp-image-747\" src=\"http:\/\/www2.uepg.br\/lama\/wp-content\/uploads\/sites\/7\/2025\/03\/Imagem-3.jpg\" alt=\"\" width=\"581\" height=\"349\" \/><p id=\"caption-attachment-747\" class=\"wp-caption-text\">Coordenadores dos N\u00facleos do PMO, representantes da Seti e do Tecpar no segundo dia de atividades.<\/p><\/div>\n","protected":false},"excerpt":{"rendered":"<p>No final de fevereiro, o N\u00facleo Laborat\u00f3rio de Mecaniza\u00e7\u00e3o Agr\u00edcola da Universidade Estadual de Ponta Grossa (Lama\/UEPG) do Programa Paran\u00e1 Mais Org\u00e2nico (PMO), participou da Reuni\u00e3o dos Coordenadores Estaduais, em Curitiba. O programa, em sua fase 6 de execu\u00e7\u00e3o, foi implementado em 2009, e visa assist\u00eancia t\u00e9cnica e extens\u00e3o rural para a certifica\u00e7\u00e3o de produtos&nbsp;&hellip;<\/p>\n","protected":false},"author":264,"featured_media":747,"comment_status":"closed","ping_status":"closed","sticky":false,"template":"","format":"standard","meta":[],"categories":[2],"tags":[],"_links":{"self":[{"href":"https:\/\/www2.uepg.br\/lama\/wp-json\/wp\/v2\/posts\/744"}],"collection":[{"href":"https:\/\/www2.uepg.br\/lama\/wp-json\/wp\/v2\/posts"}],"about":[{"href":"https:\/\/www2.uepg.br\/lama\/wp-json\/wp\/v2\/types\/post"}],"author":[{"embeddable":true,"href":"https:\/\/www2.uepg.br\/lama\/wp-json\/wp\/v2\/users\/264"}],"replies":[{"embeddable":true,"href":"https:\/\/www2.uepg.br\/lama\/wp-json\/wp\/v2\/comments?post=744"}],"version-history":[{"count":1,"href":"https:\/\/www2.uepg.br\/lama\/wp-json\/wp\/v2\/posts\/744\/revisions"}],"predecessor-version":[{"id":748,"href":"https:\/\/www2.uepg.br\/lama\/wp-json\/wp\/v2\/posts\/744\/revisions\/748"}],"wp:featuredmedia":[{"embeddable":true,"href":"https:\/\/www2.uepg.br\/lama\/wp-json\/wp\/v2\/media\/747"}],"wp:attachment":[{"href":"https:\/\/www2.uepg.br\/lama\/wp-json\/wp\/v2\/media?parent=744"}],"wp:term":[{"taxonomy":"category","embeddable":true,"href":"https:\/\/www2.uepg.br\/lama\/wp-json\/wp\/v2\/categories?post=744"},{"taxonomy":"post_tag","embeddable":true,"href":"https:\/\/www2.uepg.br\/lama\/wp-json\/wp\/v2\/tags?post=744"}],"curies":[{"name":"wp","href":"https:\/\/api.w.org\/{rel}","templated":true}]}}