{"id":750,"date":"2025-03-31T11:43:50","date_gmt":"2025-03-31T14:43:50","guid":{"rendered":"https:\/\/www2.uepg.br\/lama\/?p=750"},"modified":"2025-03-31T16:52:48","modified_gmt":"2025-03-31T19:52:48","slug":"lama-uepg-recebe-o-nucleo-regional-do-idr-extensao","status":"publish","type":"post","link":"https:\/\/www2.uepg.br\/lama\/lama-uepg-recebe-o-nucleo-regional-do-idr-extensao\/","title":{"rendered":"Lama\/UEPG recebe o N\u00facleo Regional do IDR\/Extens\u00e3o"},"content":{"rendered":"<p>No dia 14 de mar\u00e7o, o Laborat\u00f3rio de Mecaniza\u00e7\u00e3o Agr\u00edcola da Universidade Estadual de Ponta Grossa (Lama\/UEPG) recebeu a Gerente Regional de Desenvolvimento Rural do IDR \u2013 PR, Flavia Le\u00e3o Almeida Silva, e a Coordenadora Regional da \u00c1rea de Olericultura e Agroecologia, Renata Marlene Reis da Silva.<\/p>\n<p>A reuni\u00e3o teve como objetivo aproximar as institui\u00e7\u00f5es, em primeiro momento em torno do Programa Paran\u00e1 Mais Org\u00e2nico (PMO). Este programa foi implementado pela Secretaria de Ci\u00eancia, Tecnologia e Ensino Superior do Paran\u00e1 em 2009, e visa assist\u00eancia t\u00e9cnica e extens\u00e3o rural para a certifica\u00e7\u00e3o de produtos org\u00e2nicos de agricultores familiares do Estado do Paran\u00e1, al\u00e9m de treinamento de t\u00e9cnicos neste tipo de manejo e comercializa\u00e7\u00e3o. O representante Regional do PMO \u00e9 o Lama\/UEPG.<\/p>\n<p>A Eng.\u00aa Agr.\u00aa Renata relata que \u201cconhecia o acompanhamento do Lama\/UEPG na regi\u00e3o de Ventania e gostaria muito de extrapolar a parceria para mais munic\u00edpios\u201d. A tamb\u00e9m Eng.\u00aa Agr.\u00aa. Tainara, Bolsista do PMO, observa que \u201cexistem agricultores sendo acompanhados na regi\u00e3o de Ventania e que a Extensionista Renata tem dedicado bastante apoio \u00e0s a\u00e7\u00f5es\u201d.<\/p>\n<p>Na reuni\u00e3o, o Prof. Pedro, que \u00e9 coordenador do PMO, fez breve relato das atividades que o Lama\/UEPG desenvolve na regi\u00e3o e a Econ. Dom. Flavia comentou que \u201ca parceria em torno da certifica\u00e7\u00e3o de produtos org\u00e2nicos seja somente o in\u00edcio e que muito do que foi falado \u00e9 objetivo do IDR\/Extens\u00e3o na Regional de Ponta Grossa\u201d.<\/p>\n<p><img loading=\"lazy\" class=\"alignnone size-full wp-image-751\" src=\"http:\/\/www2.uepg.br\/lama\/wp-content\/uploads\/sites\/7\/2025\/03\/Imagem-do-WhatsApp-de-2025-03-31-as-11.42.23_12961fca.jpg\" alt=\"\" width=\"1600\" height=\"1200\" data-wp-editing=\"1\" \/><\/p>\n","protected":false},"excerpt":{"rendered":"<p>No dia 14 de mar\u00e7o, o Laborat\u00f3rio de Mecaniza\u00e7\u00e3o Agr\u00edcola da Universidade Estadual de Ponta Grossa (Lama\/UEPG) recebeu a Gerente Regional de Desenvolvimento Rural do IDR \u2013 PR, Flavia Le\u00e3o Almeida Silva, e a Coordenadora Regional da \u00c1rea de Olericultura e Agroecologia, Renata Marlene Reis da Silva. A reuni\u00e3o teve como objetivo aproximar as institui\u00e7\u00f5es,&nbsp;&hellip;<\/p>\n","protected":false},"author":264,"featured_media":751,"comment_status":"closed","ping_status":"closed","sticky":false,"template":"","format":"standard","meta":[],"categories":[2],"tags":[],"_links":{"self":[{"href":"https:\/\/www2.uepg.br\/lama\/wp-json\/wp\/v2\/posts\/750"}],"collection":[{"href":"https:\/\/www2.uepg.br\/lama\/wp-json\/wp\/v2\/posts"}],"about":[{"href":"https:\/\/www2.uepg.br\/lama\/wp-json\/wp\/v2\/types\/post"}],"author":[{"embeddable":true,"href":"https:\/\/www2.uepg.br\/lama\/wp-json\/wp\/v2\/users\/264"}],"replies":[{"embeddable":true,"href":"https:\/\/www2.uepg.br\/lama\/wp-json\/wp\/v2\/comments?post=750"}],"version-history":[{"count":2,"href":"https:\/\/www2.uepg.br\/lama\/wp-json\/wp\/v2\/posts\/750\/revisions"}],"predecessor-version":[{"id":754,"href":"https:\/\/www2.uepg.br\/lama\/wp-json\/wp\/v2\/posts\/750\/revisions\/754"}],"wp:featuredmedia":[{"embeddable":true,"href":"https:\/\/www2.uepg.br\/lama\/wp-json\/wp\/v2\/media\/751"}],"wp:attachment":[{"href":"https:\/\/www2.uepg.br\/lama\/wp-json\/wp\/v2\/media?parent=750"}],"wp:term":[{"taxonomy":"category","embeddable":true,"href":"https:\/\/www2.uepg.br\/lama\/wp-json\/wp\/v2\/categories?post=750"},{"taxonomy":"post_tag","embeddable":true,"href":"https:\/\/www2.uepg.br\/lama\/wp-json\/wp\/v2\/tags?post=750"}],"curies":[{"name":"wp","href":"https:\/\/api.w.org\/{rel}","templated":true}]}}