{"id":819,"date":"2025-04-14T12:13:47","date_gmt":"2025-04-14T15:13:47","guid":{"rendered":"https:\/\/www2.uepg.br\/lama\/?p=819"},"modified":"2025-04-14T15:41:32","modified_gmt":"2025-04-14T18:41:32","slug":"lama-uepg-recebe-visita-do-secretario-de-agricultura-de-ponta-grossa","status":"publish","type":"post","link":"https:\/\/www2.uepg.br\/lama\/lama-uepg-recebe-visita-do-secretario-de-agricultura-de-ponta-grossa\/","title":{"rendered":"Lama\/UEPG recebe visita do Secret\u00e1rio de Agricultura de Ponta Grossa"},"content":{"rendered":"<p>No final de mar\u00e7o, o Laborat\u00f3rio de Mecaniza\u00e7\u00e3o Agr\u00edcola da Universidade Estadual de Ponta Grossa (Lama\/UEPG), recebeu o Secret\u00e1rio de Agricultura e Abastecimento de Ponta Grossa Izaltino dos Santos e comitiva.<\/p>\n<div id=\"attachment_822\" style=\"width: 593px\" class=\"wp-caption aligncenter\"><img aria-describedby=\"caption-attachment-822\" loading=\"lazy\" class=\"wp-image-822\" src=\"http:\/\/www2.uepg.br\/lama\/wp-content\/uploads\/sites\/7\/2025\/04\/Imagem-3.jpg\" alt=\"\" width=\"583\" height=\"397\" \/><p id=\"caption-attachment-822\" class=\"wp-caption-text\">O prof. Jaime explicando parte dos experiemntos demonstrativos.<\/p><\/div>\n<p>A visita foi no espa\u00e7o agroecol\u00f3gico sob responsabilidade do Lama\/UEPG na Fazenda Escola Cap\u00e3o da On\u00e7a. Na oportunidade, a Secretaria doou colmeias de melipon\u00eddeas (abelhas nativas, sem ferr\u00e3o) que foram instaladas na \u00e1rea agroflorestal experimental. Estas, fazem parte do projeto \u201cPoliniza PG\u201d, sob responsabilidade do t\u00e9cnico Edson Afonso Maciel, e \u00e9 uma das a\u00e7\u00f5es da Secretaria.<\/p>\n<div id=\"attachment_823\" style=\"width: 614px\" class=\"wp-caption aligncenter\"><img aria-describedby=\"caption-attachment-823\" loading=\"lazy\" class=\"wp-image-823\" src=\"http:\/\/www2.uepg.br\/lama\/wp-content\/uploads\/sites\/7\/2025\/04\/Imagem-4.jpg\" alt=\"\" width=\"604\" height=\"367\" \/><p id=\"caption-attachment-823\" class=\"wp-caption-text\">Colmeia de Melipon\u00edferas no Sistema Agroflorestal.<\/p><\/div>\n<div id=\"attachment_821\" style=\"width: 622px\" class=\"wp-caption aligncenter\"><img aria-describedby=\"caption-attachment-821\" loading=\"lazy\" class=\"wp-image-821\" src=\"http:\/\/www2.uepg.br\/lama\/wp-content\/uploads\/sites\/7\/2025\/04\/Imagem-2.jpg\" alt=\"\" width=\"612\" height=\"427\" \/><p id=\"caption-attachment-821\" class=\"wp-caption-text\">Mesmo com chuva a prosa foi boa.<\/p><\/div>\n<p>O secret\u00e1rio Izaltino relatou que ficou muito feliz com a visita e com o que viu e declarou que \u201cfica claro que a secretaria de agricultura e o Lama\/UEPG podem realizar muitas atividades em conjunto em prol da agricultura familiar do munic\u00edpio e da regi\u00e3o\u201d.A visita foi acompanhada por t\u00e9cnicos da Fazenda Escola, bem como pelo diretor Prof. Orcial, que falou ao p\u00fablico que o campo experimental conduzido pelo Lama\/UEPG \u00e9 a representa\u00e7\u00e3o de uma Fazenda Escola: \u201ceste pequeno espa\u00e7o pratica a\u00e7\u00f5es de ensino, pesquisa e extens\u00e3o\u201d.Durante a visita, o Prof. Jaime, respons\u00e1vel pelo espa\u00e7o agroecol\u00f3gico, descreveu os trabalhos que est\u00e3o sendo realizados e que a referida \u00e1rea \u201cest\u00e1 \u00e0 disposi\u00e7\u00e3o da Secretaria para encontros, bem como para demandas de pesquisa, extens\u00e3o e ensino\u201d.<\/p>\n<div id=\"attachment_820\" style=\"width: 626px\" class=\"wp-caption aligncenter\"><img aria-describedby=\"caption-attachment-820\" loading=\"lazy\" class=\"wp-image-820\" src=\"http:\/\/www2.uepg.br\/lama\/wp-content\/uploads\/sites\/7\/2025\/04\/Imagem-1.jpg\" alt=\"\" width=\"616\" height=\"392\" \/><p id=\"caption-attachment-820\" class=\"wp-caption-text\">Vista geral do espa\u00e7o agroecol\u00f3gico na Fazenda Escola Cap\u00e3o da On\u00e7a (cole\u00e7\u00e3o de gen\u00f3tipos de batata-doce, agrofloresta, Voisin, sorgo, &#8230;).<\/p><\/div>\n","protected":false},"excerpt":{"rendered":"<p>No final de mar\u00e7o, o Laborat\u00f3rio de Mecaniza\u00e7\u00e3o Agr\u00edcola da Universidade Estadual de Ponta Grossa (Lama\/UEPG), recebeu o Secret\u00e1rio de Agricultura e Abastecimento de Ponta Grossa Izaltino dos Santos e comitiva. A visita foi no espa\u00e7o agroecol\u00f3gico sob responsabilidade do Lama\/UEPG na Fazenda Escola Cap\u00e3o da On\u00e7a. Na oportunidade, a Secretaria doou colmeias de melipon\u00eddeas&nbsp;&hellip;<\/p>\n","protected":false},"author":264,"featured_media":824,"comment_status":"closed","ping_status":"closed","sticky":false,"template":"","format":"standard","meta":[],"categories":[2],"tags":[],"_links":{"self":[{"href":"https:\/\/www2.uepg.br\/lama\/wp-json\/wp\/v2\/posts\/819"}],"collection":[{"href":"https:\/\/www2.uepg.br\/lama\/wp-json\/wp\/v2\/posts"}],"about":[{"href":"https:\/\/www2.uepg.br\/lama\/wp-json\/wp\/v2\/types\/post"}],"author":[{"embeddable":true,"href":"https:\/\/www2.uepg.br\/lama\/wp-json\/wp\/v2\/users\/264"}],"replies":[{"embeddable":true,"href":"https:\/\/www2.uepg.br\/lama\/wp-json\/wp\/v2\/comments?post=819"}],"version-history":[{"count":3,"href":"https:\/\/www2.uepg.br\/lama\/wp-json\/wp\/v2\/posts\/819\/revisions"}],"predecessor-version":[{"id":827,"href":"https:\/\/www2.uepg.br\/lama\/wp-json\/wp\/v2\/posts\/819\/revisions\/827"}],"wp:featuredmedia":[{"embeddable":true,"href":"https:\/\/www2.uepg.br\/lama\/wp-json\/wp\/v2\/media\/824"}],"wp:attachment":[{"href":"https:\/\/www2.uepg.br\/lama\/wp-json\/wp\/v2\/media?parent=819"}],"wp:term":[{"taxonomy":"category","embeddable":true,"href":"https:\/\/www2.uepg.br\/lama\/wp-json\/wp\/v2\/categories?post=819"},{"taxonomy":"post_tag","embeddable":true,"href":"https:\/\/www2.uepg.br\/lama\/wp-json\/wp\/v2\/tags?post=819"}],"curies":[{"name":"wp","href":"https:\/\/api.w.org\/{rel}","templated":true}]}}