{"id":829,"date":"2025-04-22T18:29:26","date_gmt":"2025-04-22T21:29:26","guid":{"rendered":"https:\/\/www2.uepg.br\/lama\/?p=829"},"modified":"2025-04-22T18:29:26","modified_gmt":"2025-04-22T21:29:26","slug":"lama-uepg-recebe-visita-do-secretario-de-agricultura-de-prudentopolis","status":"publish","type":"post","link":"https:\/\/www2.uepg.br\/lama\/lama-uepg-recebe-visita-do-secretario-de-agricultura-de-prudentopolis\/","title":{"rendered":"Lama\/UEPG recebe visita do Secret\u00e1rio de Agricultura de Prudent\u00f3polis"},"content":{"rendered":"<p>No in\u00edcio de abril, o Laborat\u00f3rio de Mecaniza\u00e7\u00e3o Agr\u00edcola da Universidade Estadual de Ponta Grossa (Lama\/UEPG), recebeu a visita do Secret\u00e1rio de Agricultura de Prudent\u00f3polis, Claudinei Belo e da Assessora T\u00e9cnica da Associa\u00e7\u00e3o Marcondes de Agricultores e Agricultoras, Ivone KadIubisk.<\/p>\n<p><img loading=\"lazy\" class=\"wp-image-830 aligncenter\" src=\"http:\/\/www2.uepg.br\/lama\/wp-content\/uploads\/sites\/7\/2025\/04\/1.jpg\" alt=\"\" width=\"821\" height=\"616\" \/><\/p>\n<p>A visita foi no espa\u00e7o agroecol\u00f3gico sob responsabilidade do Lama\/UEPG, na Fazenda Escola Cap\u00e3o da On\u00e7a. O objetivo foi conhecer o m\u00e9todo de espa\u00e7o experimental e demonstrativo para quem sabe no futuro, os agricultores de Prudent\u00f3polis possam usufruir de uma instala\u00e7\u00e3o semelhante.<\/p>\n<p><img loading=\"lazy\" class=\"wp-image-832 aligncenter\" src=\"http:\/\/www2.uepg.br\/lama\/wp-content\/uploads\/sites\/7\/2025\/04\/3.jpg\" alt=\"\" width=\"819\" height=\"614\" \/><\/p>\n<p>O secret\u00e1rio Claudinei relatou que ficou muito feliz com a visita e declarou que \u201cesse modelo pode ser realizado em Prudent\u00f3polis, a pr\u00f3pria Associa\u00e7\u00e3o da Comunidade Rural Jesu\u00edno Marcondes teria espa\u00e7o para os agricultores acompanharem alguns experimentos\u201d.<\/p>\n<p><img loading=\"lazy\" class=\"wp-image-831 aligncenter\" src=\"http:\/\/www2.uepg.br\/lama\/wp-content\/uploads\/sites\/7\/2025\/04\/2.jpg\" alt=\"\" width=\"843\" height=\"634\" \/><\/p>\n<p>O prof. Jo\u00e3o Luiz Dremiski, do IFPR\/Irati, parceiro do Lama\/UEPG, acompanhou a visita, e comentou que \u201ca demanda j\u00e1 foi ventilada, por agricultores das Comunidades Liga\u00e7\u00e3o, Vitorino e S\u00e3o Francisquinho, cuja ideia \u00e9 montar \u00e1rea comum para aprendizado sobre feij\u00e3o\u201d. O munic\u00edpio de Prudent\u00f3polis \u00e9 o segundo maior em produ\u00e7\u00e3o de feij\u00e3o do Paran\u00e1, o estado brasileiro que mais produz.<\/p>\n<p>&nbsp;<\/p>\n","protected":false},"excerpt":{"rendered":"<p>No in\u00edcio de abril, o Laborat\u00f3rio de Mecaniza\u00e7\u00e3o Agr\u00edcola da Universidade Estadual de Ponta Grossa (Lama\/UEPG), recebeu a visita do Secret\u00e1rio de Agricultura de Prudent\u00f3polis, Claudinei Belo e da Assessora T\u00e9cnica da Associa\u00e7\u00e3o Marcondes de Agricultores e Agricultoras, Ivone KadIubisk. A visita foi no espa\u00e7o agroecol\u00f3gico sob responsabilidade do Lama\/UEPG, na Fazenda Escola Cap\u00e3o da&nbsp;&hellip;<\/p>\n","protected":false},"author":264,"featured_media":833,"comment_status":"closed","ping_status":"closed","sticky":false,"template":"","format":"standard","meta":[],"categories":[2],"tags":[],"_links":{"self":[{"href":"https:\/\/www2.uepg.br\/lama\/wp-json\/wp\/v2\/posts\/829"}],"collection":[{"href":"https:\/\/www2.uepg.br\/lama\/wp-json\/wp\/v2\/posts"}],"about":[{"href":"https:\/\/www2.uepg.br\/lama\/wp-json\/wp\/v2\/types\/post"}],"author":[{"embeddable":true,"href":"https:\/\/www2.uepg.br\/lama\/wp-json\/wp\/v2\/users\/264"}],"replies":[{"embeddable":true,"href":"https:\/\/www2.uepg.br\/lama\/wp-json\/wp\/v2\/comments?post=829"}],"version-history":[{"count":1,"href":"https:\/\/www2.uepg.br\/lama\/wp-json\/wp\/v2\/posts\/829\/revisions"}],"predecessor-version":[{"id":834,"href":"https:\/\/www2.uepg.br\/lama\/wp-json\/wp\/v2\/posts\/829\/revisions\/834"}],"wp:featuredmedia":[{"embeddable":true,"href":"https:\/\/www2.uepg.br\/lama\/wp-json\/wp\/v2\/media\/833"}],"wp:attachment":[{"href":"https:\/\/www2.uepg.br\/lama\/wp-json\/wp\/v2\/media?parent=829"}],"wp:term":[{"taxonomy":"category","embeddable":true,"href":"https:\/\/www2.uepg.br\/lama\/wp-json\/wp\/v2\/categories?post=829"},{"taxonomy":"post_tag","embeddable":true,"href":"https:\/\/www2.uepg.br\/lama\/wp-json\/wp\/v2\/tags?post=829"}],"curies":[{"name":"wp","href":"https:\/\/api.w.org\/{rel}","templated":true}]}}