{"id":836,"date":"2025-05-05T11:52:53","date_gmt":"2025-05-05T14:52:53","guid":{"rendered":"https:\/\/www2.uepg.br\/lama\/?p=836"},"modified":"2025-05-05T11:52:53","modified_gmt":"2025-05-05T14:52:53","slug":"lama-uepg-e-secretaria-de-agricultura-de-guamiranga-realizam-6o-dia-de-campo-de-batata-doce","status":"publish","type":"post","link":"https:\/\/www2.uepg.br\/lama\/lama-uepg-e-secretaria-de-agricultura-de-guamiranga-realizam-6o-dia-de-campo-de-batata-doce\/","title":{"rendered":"Lama\/UEPG e Secretaria de Agricultura de Guamiranga realizam 6\u00ba dia de Campo de Batata-doce"},"content":{"rendered":"<p>No dia 11 de abril, o Laborat\u00f3rio de Mecaniza\u00e7\u00e3o Agr\u00edcola da Universidade Estadual de Ponta Grossa (Lama\/UEPG), em conjunto com Secretaria de Agricultura de Guamiranga e com a Associa\u00e7\u00e3o da Agricultura Familiar de Guamiranga (AAFAG), realizaram o Dia de Campo de Batata-doce no P\u00e9 da Serra da Natureza, Assentamento Rola Pedra, S\u00edtio Machado da Dona Maria e do Sr. Dorival.<\/p>\n<p>No dia, as Agr\u00f4nomas Juliana e Tainara (Bolsistas do Programa Paran\u00e1 Mais Org\u00e2nico &#8211; SETI\/Lama\/UEPG), falaram sobre o que s\u00e3o alimentos org\u00e2nicos e como ocorre a certifica\u00e7\u00e3o destes produtos. Logo ap\u00f3s, o Agr\u00f4nomo Waldir (CCA\/Itaipu, Lama\/UEPG) apresentou um m\u00e9todo para an\u00e1lise visual da sa\u00fade do solo (DRES). E por fim, o Prof. Jaime apresentou a cole\u00e7\u00e3o de gen\u00f3tipos de Batata-doce mantidos pelo Lama\/UEPG.<\/p>\n<div id=\"attachment_839\" style=\"width: 806px\" class=\"wp-caption aligncenter\"><img aria-describedby=\"caption-attachment-839\" loading=\"lazy\" class=\"wp-image-839\" src=\"http:\/\/www2.uepg.br\/lama\/wp-content\/uploads\/sites\/7\/2025\/05\/3.jpg\" alt=\"\" width=\"796\" height=\"448\" \/><p id=\"caption-attachment-839\" class=\"wp-caption-text\">Juliana, Tainara e Larissa apresentando o Programa Paran\u00e1 Mais Org\u00e2nico (PMO).<\/p><\/div>\n<div id=\"attachment_842\" style=\"width: 806px\" class=\"wp-caption aligncenter\"><img aria-describedby=\"caption-attachment-842\" loading=\"lazy\" class=\"wp-image-842\" src=\"http:\/\/www2.uepg.br\/lama\/wp-content\/uploads\/sites\/7\/2025\/05\/6.jpg\" alt=\"\" width=\"796\" height=\"448\" \/><p id=\"caption-attachment-842\" class=\"wp-caption-text\">Waldir falando sobre a sa\u00fade do solo.<\/p><\/div>\n<div id=\"attachment_843\" style=\"width: 808px\" class=\"wp-caption aligncenter\"><img aria-describedby=\"caption-attachment-843\" loading=\"lazy\" class=\"wp-image-843\" src=\"http:\/\/www2.uepg.br\/lama\/wp-content\/uploads\/sites\/7\/2025\/05\/7.jpg\" alt=\"\" width=\"798\" height=\"601\" \/><p id=\"caption-attachment-843\" class=\"wp-caption-text\">Prof. Jaime apresentando a cole\u00e7\u00e3o de gen\u00f3tipos de Batata-doce.<\/p><\/div>\n<p>Ao final do evento houve um \u201cbanquete\u201d com produtos \u00e0 base de Batata-doce. P\u00e3es, bolachas, bolos, aguardente, batata-doce-seca, chips de batata-doce, nhoque e somente cozida, principal forma de consumo desta raiz. Todos esses quitutes foram preparados pelas agricultoras da AAFAG.<\/p>\n<div id=\"attachment_841\" style=\"width: 813px\" class=\"wp-caption aligncenter\"><img aria-describedby=\"caption-attachment-841\" loading=\"lazy\" class=\"wp-image-841\" src=\"http:\/\/www2.uepg.br\/lama\/wp-content\/uploads\/sites\/7\/2025\/05\/5.jpg\" alt=\"\" width=\"803\" height=\"602\" \/><p id=\"caption-attachment-841\" class=\"wp-caption-text\">A melhor hora do dia campo, quitutes e autoras (tudo de Batata-doce).<\/p><\/div>\n<div id=\"attachment_840\" style=\"width: 818px\" class=\"wp-caption aligncenter\"><img aria-describedby=\"caption-attachment-840\" loading=\"lazy\" class=\"wp-image-840\" src=\"http:\/\/www2.uepg.br\/lama\/wp-content\/uploads\/sites\/7\/2025\/05\/4.jpg\" alt=\"\" width=\"808\" height=\"606\" \/><p id=\"caption-attachment-840\" class=\"wp-caption-text\">Degusta\u00e7\u00e3o:<\/p><\/div>\n<p>A Agr\u00f4noma Josiane Cavanssi, da Secretaria de Agricultura de Guamiranga, Coordenadora do evento, relata que \u201co evento foi muito bom, os agricultores gostaram muito, e logo depois j\u00e1 estavam perguntando mais coisas, como quando teria outro, como podem fazer o que os palestrantes falaram, ficou claro que a parceria est\u00e1 s\u00f3 come\u00e7ando\u201d.<\/p>\n<div id=\"attachment_838\" style=\"width: 490px\" class=\"wp-caption aligncenter\"><img aria-describedby=\"caption-attachment-838\" loading=\"lazy\" class=\"wp-image-838\" src=\"http:\/\/www2.uepg.br\/lama\/wp-content\/uploads\/sites\/7\/2025\/05\/2.jpg\" alt=\"\" width=\"480\" height=\"640\" \/><p id=\"caption-attachment-838\" class=\"wp-caption-text\">Agronoma Josiane, coordenadora do evento e o Prof. Jaime em momento de descontra\u00e7\u00e3o.<\/p><\/div>\n<p>A Dona Maria encerrou o evento comentando que \u201cno in\u00edcio estava meio desconfiada, mas achou muito interessante, as conversas antes, durante e depois do dia campo forma muito boas\u201d.<\/p>\n<div id=\"attachment_837\" style=\"width: 768px\" class=\"wp-caption aligncenter\"><img aria-describedby=\"caption-attachment-837\" loading=\"lazy\" class=\"wp-image-837\" src=\"http:\/\/www2.uepg.br\/lama\/wp-content\/uploads\/sites\/7\/2025\/05\/1.jpg\" alt=\"\" width=\"758\" height=\"571\" \/><p id=\"caption-attachment-837\" class=\"wp-caption-text\">Produtores se apoderando do conhecimento da Universidade na forma de mudas.<\/p><\/div>\n","protected":false},"excerpt":{"rendered":"<p>No dia 11 de abril, o Laborat\u00f3rio de Mecaniza\u00e7\u00e3o Agr\u00edcola da Universidade Estadual de Ponta Grossa (Lama\/UEPG), em conjunto com Secretaria de Agricultura de Guamiranga e com a Associa\u00e7\u00e3o da Agricultura Familiar de Guamiranga (AAFAG), realizaram o Dia de Campo de Batata-doce no P\u00e9 da Serra da Natureza, Assentamento Rola Pedra, S\u00edtio Machado da Dona&nbsp;&hellip;<\/p>\n","protected":false},"author":264,"featured_media":844,"comment_status":"closed","ping_status":"closed","sticky":false,"template":"","format":"standard","meta":[],"categories":[2],"tags":[],"_links":{"self":[{"href":"https:\/\/www2.uepg.br\/lama\/wp-json\/wp\/v2\/posts\/836"}],"collection":[{"href":"https:\/\/www2.uepg.br\/lama\/wp-json\/wp\/v2\/posts"}],"about":[{"href":"https:\/\/www2.uepg.br\/lama\/wp-json\/wp\/v2\/types\/post"}],"author":[{"embeddable":true,"href":"https:\/\/www2.uepg.br\/lama\/wp-json\/wp\/v2\/users\/264"}],"replies":[{"embeddable":true,"href":"https:\/\/www2.uepg.br\/lama\/wp-json\/wp\/v2\/comments?post=836"}],"version-history":[{"count":1,"href":"https:\/\/www2.uepg.br\/lama\/wp-json\/wp\/v2\/posts\/836\/revisions"}],"predecessor-version":[{"id":845,"href":"https:\/\/www2.uepg.br\/lama\/wp-json\/wp\/v2\/posts\/836\/revisions\/845"}],"wp:featuredmedia":[{"embeddable":true,"href":"https:\/\/www2.uepg.br\/lama\/wp-json\/wp\/v2\/media\/844"}],"wp:attachment":[{"href":"https:\/\/www2.uepg.br\/lama\/wp-json\/wp\/v2\/media?parent=836"}],"wp:term":[{"taxonomy":"category","embeddable":true,"href":"https:\/\/www2.uepg.br\/lama\/wp-json\/wp\/v2\/categories?post=836"},{"taxonomy":"post_tag","embeddable":true,"href":"https:\/\/www2.uepg.br\/lama\/wp-json\/wp\/v2\/tags?post=836"}],"curies":[{"name":"wp","href":"https:\/\/api.w.org\/{rel}","templated":true}]}}