{"id":854,"date":"2025-06-23T11:36:57","date_gmt":"2025-06-23T14:36:57","guid":{"rendered":"https:\/\/www2.uepg.br\/lama\/?p=854"},"modified":"2025-06-23T11:48:29","modified_gmt":"2025-06-23T14:48:29","slug":"lama-uepg-marca-presenca-no-world-food-forum-com-aluna-selecionada-para-o-young-scientists-group-ysg-wff","status":"publish","type":"post","link":"https:\/\/www2.uepg.br\/lama\/lama-uepg-marca-presenca-no-world-food-forum-com-aluna-selecionada-para-o-young-scientists-group-ysg-wff\/","title":{"rendered":"Lama\/UEPG marca presen\u00e7a no World Food Forum com aluna selecionada para o Young Scientists Group (YSG\/WFF)"},"content":{"rendered":"<p>No \u00faltimo m\u00eas, foi oficialmente divulgada a sele\u00e7\u00e3o do terceiro grupo de <em>Young Scientists Group<\/em> (coorte 2025\u20132027), do F\u00f3rum Mundial da Alimenta\u00e7\u00e3o (WFF). Lan\u00e7ado em 2022, a iniciativa \u00e9 respons\u00e1vel por fornecer evid\u00eancias cient\u00edficas e conhecimento t\u00e9cnico \u00e0s principais frentes do F\u00f3rum.<\/p>\n<p>Entre os 24 jovens cientistas selecionados globalmente, Juliana Andrade Hay, mestranda em Bioenergia e Bolsista do Programa Paran\u00e1 Mais Org\u00e2nico (PMO\/Lama\/UEPG) foi uma das escolhidas para representar a Am\u00e9rica Latina e o Caribe (LAC), em outubro de 2025 na sede da FAO (Organiza\u00e7\u00e3o das Na\u00e7\u00f5es Unidas para Alimenta\u00e7\u00e3o e Agricultura), em Roma.<\/p>\n<div id=\"attachment_860\" style=\"width: 532px\" class=\"wp-caption aligncenter\"><img aria-describedby=\"caption-attachment-860\" loading=\"lazy\" class=\"wp-image-860\" src=\"http:\/\/www2.uepg.br\/lama\/wp-content\/uploads\/sites\/7\/2025\/06\/Selection-Card-Juliana-A.-Hay-1-240x300.png\" alt=\"\" width=\"522\" height=\"652\" srcset=\"https:\/\/www2.uepg.br\/lama\/wp-content\/uploads\/sites\/7\/2025\/06\/Selection-Card-Juliana-A.-Hay-1-240x300.png 240w, https:\/\/www2.uepg.br\/lama\/wp-content\/uploads\/sites\/7\/2025\/06\/Selection-Card-Juliana-A.-Hay-1-819x1024.png 819w, https:\/\/www2.uepg.br\/lama\/wp-content\/uploads\/sites\/7\/2025\/06\/Selection-Card-Juliana-A.-Hay-1-768x960.png 768w, https:\/\/www2.uepg.br\/lama\/wp-content\/uploads\/sites\/7\/2025\/06\/Selection-Card-Juliana-A.-Hay-1-864x1080.png 864w, https:\/\/www2.uepg.br\/lama\/wp-content\/uploads\/sites\/7\/2025\/06\/Selection-Card-Juliana-A.-Hay-1.png 1080w\" sizes=\"(max-width: 522px) 100vw, 522px\" \/><p id=\"caption-attachment-860\" class=\"wp-caption-text\">Card de Sele\u00e7\u00e3o para o Young Scientists Group do World Food Forum.<\/p><\/div>\n<p>Entusiasta das discuss\u00f5es do F\u00f3rum Mundial da Alimenta\u00e7\u00e3o desde o primeiro <em>Flagship Event<\/em>, em 2021, Juliana enfrentou um processo seletivo \u201cdesafiador e altamente competitivo, exigindo muita dedica\u00e7\u00e3o e esfor\u00e7o\u201d.<\/p>\n<p>Agora, ela se junta a uma rede internacional de jovens cientistas que atuam em ciclos de dois anos, alinhados aos \u201cQuatro Melhores\u201d da FAO: melhor produ\u00e7\u00e3o, melhor nutri\u00e7\u00e3o, melhor meio ambiente e melhor vida.<\/p>\n\n\t\t<style type=\"text\/css\">\n\t\t\t#gallery-1 {\n\t\t\t\tmargin: auto;\n\t\t\t}\n\t\t\t#gallery-1 .gallery-item {\n\t\t\t\tfloat: left;\n\t\t\t\tmargin-top: 10px;\n\t\t\t\ttext-align: center;\n\t\t\t\twidth: 100%;\n\t\t\t}\n\t\t\t#gallery-1 img {\n\t\t\t\tborder: 2px solid #cfcfcf;\n\t\t\t}\n\t\t\t#gallery-1 .gallery-caption {\n\t\t\t\tmargin-left: 0;\n\t\t\t}\n\t\t\t\/* see gallery_shortcode() in wp-includes\/media.php *\/\n\t\t<\/style>\n\t\t<div id='gallery-1' class='gallery galleryid-854 gallery-columns-1 gallery-size-large'><dl class='gallery-item'>\n\t\t\t<dt class='gallery-icon landscape'>\n\t\t\t\t<a href='https:\/\/www2.uepg.br\/lama\/lama-uepg-marca-presenca-no-world-food-forum-com-aluna-selecionada-para-o-young-scientists-group-ysg-wff\/2-7\/'><img width=\"1024\" height=\"768\" src=\"https:\/\/www2.uepg.br\/lama\/wp-content\/uploads\/sites\/7\/2025\/06\/2-1024x768.jpg\" class=\"attachment-large size-large\" alt=\"\" loading=\"lazy\" aria-describedby=\"gallery-1-856\" srcset=\"https:\/\/www2.uepg.br\/lama\/wp-content\/uploads\/sites\/7\/2025\/06\/2-1024x768.jpg 1024w, https:\/\/www2.uepg.br\/lama\/wp-content\/uploads\/sites\/7\/2025\/06\/2-300x225.jpg 300w, https:\/\/www2.uepg.br\/lama\/wp-content\/uploads\/sites\/7\/2025\/06\/2-768x576.jpg 768w, https:\/\/www2.uepg.br\/lama\/wp-content\/uploads\/sites\/7\/2025\/06\/2-1232x924.jpg 1232w, https:\/\/www2.uepg.br\/lama\/wp-content\/uploads\/sites\/7\/2025\/06\/2.jpg 1280w\" sizes=\"(max-width: 1024px) 100vw, 1024px\" \/><\/a>\n\t\t\t<\/dt>\n\t\t\t\t<dd class='wp-caption-text gallery-caption' id='gallery-1-856'>\n\t\t\t\tJuliana ministrando aula pr\u00e1tica sobre produ\u00e7\u00e3o de biodiesel para os alunos da Gradua\u00e7\u00e3o em Agronomia.\n\t\t\t\t<\/dd><\/dl><br style=\"clear: both\" \/><dl class='gallery-item'>\n\t\t\t<dt class='gallery-icon landscape'>\n\t\t\t\t<a href='https:\/\/www2.uepg.br\/lama\/lama-uepg-marca-presenca-no-world-food-forum-com-aluna-selecionada-para-o-young-scientists-group-ysg-wff\/1-6\/'><img width=\"1024\" height=\"576\" src=\"https:\/\/www2.uepg.br\/lama\/wp-content\/uploads\/sites\/7\/2025\/06\/1-1024x576.jpg\" class=\"attachment-large size-large\" alt=\"\" loading=\"lazy\" aria-describedby=\"gallery-1-855\" srcset=\"https:\/\/www2.uepg.br\/lama\/wp-content\/uploads\/sites\/7\/2025\/06\/1-1024x576.jpg 1024w, https:\/\/www2.uepg.br\/lama\/wp-content\/uploads\/sites\/7\/2025\/06\/1-300x169.jpg 300w, https:\/\/www2.uepg.br\/lama\/wp-content\/uploads\/sites\/7\/2025\/06\/1-768x432.jpg 768w, https:\/\/www2.uepg.br\/lama\/wp-content\/uploads\/sites\/7\/2025\/06\/1-1232x693.jpg 1232w, https:\/\/www2.uepg.br\/lama\/wp-content\/uploads\/sites\/7\/2025\/06\/1.jpg 1280w\" sizes=\"(max-width: 1024px) 100vw, 1024px\" \/><\/a>\n\t\t\t<\/dt>\n\t\t\t\t<dd class='wp-caption-text gallery-caption' id='gallery-1-855'>\n\t\t\t\tJuliana apresentando sua pesquisa de Mestrado durante o IV Simp\u00f3sio em Bioenergia.\n\t\t\t\t<\/dd><\/dl><br style=\"clear: both\" \/><dl class='gallery-item'>\n\t\t\t<dt class='gallery-icon landscape'>\n\t\t\t\t<a href='https:\/\/www2.uepg.br\/lama\/lama-uepg-marca-presenca-no-world-food-forum-com-aluna-selecionada-para-o-young-scientists-group-ysg-wff\/3-4\/'><img width=\"1024\" height=\"576\" src=\"https:\/\/www2.uepg.br\/lama\/wp-content\/uploads\/sites\/7\/2025\/06\/3-1024x576.jpg\" class=\"attachment-large size-large\" alt=\"\" loading=\"lazy\" aria-describedby=\"gallery-1-857\" srcset=\"https:\/\/www2.uepg.br\/lama\/wp-content\/uploads\/sites\/7\/2025\/06\/3-1024x576.jpg 1024w, https:\/\/www2.uepg.br\/lama\/wp-content\/uploads\/sites\/7\/2025\/06\/3-300x169.jpg 300w, https:\/\/www2.uepg.br\/lama\/wp-content\/uploads\/sites\/7\/2025\/06\/3-768x432.jpg 768w, https:\/\/www2.uepg.br\/lama\/wp-content\/uploads\/sites\/7\/2025\/06\/3-1232x693.jpg 1232w, https:\/\/www2.uepg.br\/lama\/wp-content\/uploads\/sites\/7\/2025\/06\/3.jpg 1280w\" sizes=\"(max-width: 1024px) 100vw, 1024px\" \/><\/a>\n\t\t\t<\/dt>\n\t\t\t\t<dd class='wp-caption-text gallery-caption' id='gallery-1-857'>\n\t\t\t\tJuliana conduzindo a apresenta\u00e7\u00e3o do Programa Paran\u00e1 Mais Org\u00e2nico (PMO) para agricultores familiares.\n\t\t\t\t<\/dd><\/dl><br style=\"clear: both\" \/>\n\t\t<\/div>\n\n","protected":false},"excerpt":{"rendered":"<p>No \u00faltimo m\u00eas, foi oficialmente divulgada a sele\u00e7\u00e3o do terceiro grupo de Young Scientists Group (coorte 2025\u20132027), do F\u00f3rum Mundial da Alimenta\u00e7\u00e3o (WFF). Lan\u00e7ado em 2022, a iniciativa \u00e9 respons\u00e1vel por fornecer evid\u00eancias cient\u00edficas e conhecimento t\u00e9cnico \u00e0s principais frentes do F\u00f3rum. Entre os 24 jovens cientistas selecionados globalmente, Juliana Andrade Hay, mestranda em Bioenergia&nbsp;&hellip;<\/p>\n","protected":false},"author":264,"featured_media":858,"comment_status":"closed","ping_status":"closed","sticky":false,"template":"","format":"standard","meta":[],"categories":[2],"tags":[],"_links":{"self":[{"href":"https:\/\/www2.uepg.br\/lama\/wp-json\/wp\/v2\/posts\/854"}],"collection":[{"href":"https:\/\/www2.uepg.br\/lama\/wp-json\/wp\/v2\/posts"}],"about":[{"href":"https:\/\/www2.uepg.br\/lama\/wp-json\/wp\/v2\/types\/post"}],"author":[{"embeddable":true,"href":"https:\/\/www2.uepg.br\/lama\/wp-json\/wp\/v2\/users\/264"}],"replies":[{"embeddable":true,"href":"https:\/\/www2.uepg.br\/lama\/wp-json\/wp\/v2\/comments?post=854"}],"version-history":[{"count":4,"href":"https:\/\/www2.uepg.br\/lama\/wp-json\/wp\/v2\/posts\/854\/revisions"}],"predecessor-version":[{"id":864,"href":"https:\/\/www2.uepg.br\/lama\/wp-json\/wp\/v2\/posts\/854\/revisions\/864"}],"wp:featuredmedia":[{"embeddable":true,"href":"https:\/\/www2.uepg.br\/lama\/wp-json\/wp\/v2\/media\/858"}],"wp:attachment":[{"href":"https:\/\/www2.uepg.br\/lama\/wp-json\/wp\/v2\/media?parent=854"}],"wp:term":[{"taxonomy":"category","embeddable":true,"href":"https:\/\/www2.uepg.br\/lama\/wp-json\/wp\/v2\/categories?post=854"},{"taxonomy":"post_tag","embeddable":true,"href":"https:\/\/www2.uepg.br\/lama\/wp-json\/wp\/v2\/tags?post=854"}],"curies":[{"name":"wp","href":"https:\/\/api.w.org\/{rel}","templated":true}]}}