{"id":898,"date":"2025-09-19T14:13:56","date_gmt":"2025-09-19T17:13:56","guid":{"rendered":"https:\/\/www2.uepg.br\/lama\/?p=898"},"modified":"2025-09-19T14:13:56","modified_gmt":"2025-09-19T17:13:56","slug":"lama-uepg-fala-de-conservacao-de-solo-e-agua-no-haiti","status":"publish","type":"post","link":"https:\/\/www2.uepg.br\/lama\/lama-uepg-fala-de-conservacao-de-solo-e-agua-no-haiti\/","title":{"rendered":"Lama\/UEPG fala de conserva\u00e7\u00e3o de solo e \u00e1gua no Haiti"},"content":{"rendered":"<p>No \u00faltimo m\u00eas, o doutorando em Agronomia Jean-Fritz Milien (Bolsista CAPES), que desenvolve estudos no Laborat\u00f3rio de Mecaniza\u00e7\u00e3o Agr\u00edcola da Universidade Estadual de Ponta Grossa (Lama\/UEPG), realizou visitas t\u00e9cnicas no Haiti.<\/p>\n<div id=\"attachment_899\" style=\"width: 461px\" class=\"wp-caption aligncenter\"><img aria-describedby=\"caption-attachment-899\" loading=\"lazy\" class=\"wp-image-899\" src=\"http:\/\/www2.uepg.br\/lama\/wp-content\/uploads\/sites\/7\/2025\/09\/Imagem-1-300x156.jpg\" alt=\"\" width=\"451\" height=\"235\" srcset=\"https:\/\/www2.uepg.br\/lama\/wp-content\/uploads\/sites\/7\/2025\/09\/Imagem-1-300x156.jpg 300w, https:\/\/www2.uepg.br\/lama\/wp-content\/uploads\/sites\/7\/2025\/09\/Imagem-1-768x400.jpg 768w, https:\/\/www2.uepg.br\/lama\/wp-content\/uploads\/sites\/7\/2025\/09\/Imagem-1.jpg 911w\" sizes=\"(max-width: 451px) 100vw, 451px\" \/><p id=\"caption-attachment-899\" class=\"wp-caption-text\">Situa\u00e7\u00e3o das \u00e1reas agr\u00edcolas dispon\u00edveis para agricultura camponesa no Haiti.<span style=\"font-size: 16px\">\u00a0<\/span><span style=\"font-size: 16px\">\u00a0<\/span><span style=\"font-size: 16px\">\u00a0<\/span><\/p><\/div>\n<p>Um dos objetivos foi ministrar disciplina concentrada sobre Sistemas para Conserva\u00e7\u00e3o de Solo e \u00c1gua junto a acad\u00eamicos de Agronomia da Universidade de Fondwa (UniF) em Fondwa, Haiti. Al\u00e9m de construir dial\u00e9tica com agricultores camponeses haitianos para implanta\u00e7\u00e3o de Sistemas Agroflorestais (parte da Tese do Agr\u00f4nomo e Mestre em Agronomia Jean-Fritz).<\/p>\n<div id=\"attachment_900\" style=\"width: 456px\" class=\"wp-caption aligncenter\"><img aria-describedby=\"caption-attachment-900\" loading=\"lazy\" class=\"wp-image-900\" src=\"http:\/\/www2.uepg.br\/lama\/wp-content\/uploads\/sites\/7\/2025\/09\/Imagem-2-300x163.jpg\" alt=\"\" width=\"446\" height=\"242\" srcset=\"https:\/\/www2.uepg.br\/lama\/wp-content\/uploads\/sites\/7\/2025\/09\/Imagem-2-300x163.jpg 300w, https:\/\/www2.uepg.br\/lama\/wp-content\/uploads\/sites\/7\/2025\/09\/Imagem-2-768x417.jpg 768w, https:\/\/www2.uepg.br\/lama\/wp-content\/uploads\/sites\/7\/2025\/09\/Imagem-2.jpg 907w\" sizes=\"(max-width: 446px) 100vw, 446px\" \/><p id=\"caption-attachment-900\" class=\"wp-caption-text\">Faculdade de Veterin\u00e1ria\/Universidade de Fondwa.<\/p><\/div>\n<div id=\"attachment_901\" style=\"width: 452px\" class=\"wp-caption aligncenter\"><img aria-describedby=\"caption-attachment-901\" loading=\"lazy\" class=\"wp-image-901\" src=\"http:\/\/www2.uepg.br\/lama\/wp-content\/uploads\/sites\/7\/2025\/09\/Imagem-3-300x233.jpg\" alt=\"\" width=\"442\" height=\"343\" srcset=\"https:\/\/www2.uepg.br\/lama\/wp-content\/uploads\/sites\/7\/2025\/09\/Imagem-3-300x233.jpg 300w, https:\/\/www2.uepg.br\/lama\/wp-content\/uploads\/sites\/7\/2025\/09\/Imagem-3-768x596.jpg 768w, https:\/\/www2.uepg.br\/lama\/wp-content\/uploads\/sites\/7\/2025\/09\/Imagem-3.jpg 805w\" sizes=\"(max-width: 442px) 100vw, 442px\" \/><p id=\"caption-attachment-901\" class=\"wp-caption-text\">Aula sobre conserva\u00e7\u00e3o de \u00e1gua e solo na UniF\/Fondwa.<\/p><\/div>\n<div id=\"attachment_902\" style=\"width: 457px\" class=\"wp-caption aligncenter\"><img aria-describedby=\"caption-attachment-902\" loading=\"lazy\" class=\"wp-image-902\" src=\"http:\/\/www2.uepg.br\/lama\/wp-content\/uploads\/sites\/7\/2025\/09\/Imagem-4-300x182.jpg\" alt=\"\" width=\"447\" height=\"271\" srcset=\"https:\/\/www2.uepg.br\/lama\/wp-content\/uploads\/sites\/7\/2025\/09\/Imagem-4-300x182.jpg 300w, https:\/\/www2.uepg.br\/lama\/wp-content\/uploads\/sites\/7\/2025\/09\/Imagem-4-768x466.jpg 768w, https:\/\/www2.uepg.br\/lama\/wp-content\/uploads\/sites\/7\/2025\/09\/Imagem-4.jpg 850w\" sizes=\"(max-width: 447px) 100vw, 447px\" \/><p id=\"caption-attachment-902\" class=\"wp-caption-text\">Terceiro ano em Agronomia\/Disciplina Sistemas de Conserva\u00e7\u00e3o\/Unif\/Haiti.<\/p><\/div>\n<p>Estes se devem pois \u201co Haiti possu\u00ed revelo muito ondulado e o tamanho da propriedade rural \u00e9 em m\u00e9dia 0,4 ha, o que impossibilita a escolha de \u00e1reas para cultivos anuais necess\u00e1rios para a seguran\u00e7a alimentar\u201d relata Jean-Fritz. Sendo assim \u201cos problemas com eros\u00e3o s\u00e3o acentuados, onde somente sistemas agr\u00edcolas diferenciados, como agrofloresta, podem mitigar o efeito devastador dos processos erosivos\u201d comenta o Prof. Jaime, que j\u00e1 ministrou disciplinas na UniF.<\/p>\n<p>Para a Unif \u00e9 um prazer receber um egresso nosso e ao mesmo tempo manter o conv\u00eanio e a grande parceria que temos com o Lama\/UEPG\u201d relata o Reitor da UniF Ludsond Lafont (p\u00f3s-graduado na Agronomia\/UEPG). A disciplina foi viabilizada por projetos do Lama\/UEPG, pela UniF e pela ONG CODEM- Comit\u00e9 pour le d\u00e9veloppement\u00a0de\u00a0Musac (<a href=\"https:\/\/mycodem.org\/\">https:\/\/mycodem.org\/<\/a>).<\/p>\n<div id=\"attachment_903\" style=\"width: 478px\" class=\"wp-caption aligncenter\"><img aria-describedby=\"caption-attachment-903\" loading=\"lazy\" class=\"wp-image-903\" src=\"http:\/\/www2.uepg.br\/lama\/wp-content\/uploads\/sites\/7\/2025\/09\/Imagem-5-300x166.jpg\" alt=\"\" width=\"468\" height=\"259\" srcset=\"https:\/\/www2.uepg.br\/lama\/wp-content\/uploads\/sites\/7\/2025\/09\/Imagem-5-300x166.jpg 300w, https:\/\/www2.uepg.br\/lama\/wp-content\/uploads\/sites\/7\/2025\/09\/Imagem-5-768x424.jpg 768w, https:\/\/www2.uepg.br\/lama\/wp-content\/uploads\/sites\/7\/2025\/09\/Imagem-5.jpg 847w\" sizes=\"(max-width: 468px) 100vw, 468px\" \/><p id=\"caption-attachment-903\" class=\"wp-caption-text\">Reuni\u00e3o com Camponeses para discuss\u00e3o sobre Sistemas Agroflorestais.<\/p><\/div>\n","protected":false},"excerpt":{"rendered":"<p>No \u00faltimo m\u00eas, o doutorando em Agronomia Jean-Fritz Milien (Bolsista CAPES), que desenvolve estudos no Laborat\u00f3rio de Mecaniza\u00e7\u00e3o Agr\u00edcola da Universidade Estadual de Ponta Grossa (Lama\/UEPG), realizou visitas t\u00e9cnicas no Haiti. Um dos objetivos foi ministrar disciplina concentrada sobre Sistemas para Conserva\u00e7\u00e3o de Solo e \u00c1gua junto a acad\u00eamicos de Agronomia da Universidade de Fondwa&nbsp;&hellip;<\/p>\n","protected":false},"author":264,"featured_media":902,"comment_status":"closed","ping_status":"closed","sticky":false,"template":"","format":"standard","meta":[],"categories":[2],"tags":[],"_links":{"self":[{"href":"https:\/\/www2.uepg.br\/lama\/wp-json\/wp\/v2\/posts\/898"}],"collection":[{"href":"https:\/\/www2.uepg.br\/lama\/wp-json\/wp\/v2\/posts"}],"about":[{"href":"https:\/\/www2.uepg.br\/lama\/wp-json\/wp\/v2\/types\/post"}],"author":[{"embeddable":true,"href":"https:\/\/www2.uepg.br\/lama\/wp-json\/wp\/v2\/users\/264"}],"replies":[{"embeddable":true,"href":"https:\/\/www2.uepg.br\/lama\/wp-json\/wp\/v2\/comments?post=898"}],"version-history":[{"count":1,"href":"https:\/\/www2.uepg.br\/lama\/wp-json\/wp\/v2\/posts\/898\/revisions"}],"predecessor-version":[{"id":904,"href":"https:\/\/www2.uepg.br\/lama\/wp-json\/wp\/v2\/posts\/898\/revisions\/904"}],"wp:featuredmedia":[{"embeddable":true,"href":"https:\/\/www2.uepg.br\/lama\/wp-json\/wp\/v2\/media\/902"}],"wp:attachment":[{"href":"https:\/\/www2.uepg.br\/lama\/wp-json\/wp\/v2\/media?parent=898"}],"wp:term":[{"taxonomy":"category","embeddable":true,"href":"https:\/\/www2.uepg.br\/lama\/wp-json\/wp\/v2\/categories?post=898"},{"taxonomy":"post_tag","embeddable":true,"href":"https:\/\/www2.uepg.br\/lama\/wp-json\/wp\/v2\/tags?post=898"}],"curies":[{"name":"wp","href":"https:\/\/api.w.org\/{rel}","templated":true}]}}