{"id":914,"date":"2025-12-02T13:14:57","date_gmt":"2025-12-02T16:14:57","guid":{"rendered":"https:\/\/www2.uepg.br\/lama\/?p=914"},"modified":"2025-12-02T13:17:23","modified_gmt":"2025-12-02T16:17:23","slug":"lama-uepg-fala-sobre-sustentabilidade-no-instituto-federal-catarinense-campus-araquari","status":"publish","type":"post","link":"https:\/\/www2.uepg.br\/lama\/lama-uepg-fala-sobre-sustentabilidade-no-instituto-federal-catarinense-campus-araquari\/","title":{"rendered":"Lama\/UEPG fala sobre sustentabilidade no Instituto Federal Catarinense \u2013 Campus Araquari"},"content":{"rendered":"<p>Em setembro, a acad\u00eamica de gradua\u00e7\u00e3o em Agronomia Stefani Eurich (Bolsista PIBIC\/CNPq\/Lama\/UEPG) que desenvolve estudos no Laborat\u00f3rio de Mecaniza\u00e7\u00e3o Agr\u00edcola da Universidade Estadual de Ponta Grossa (Lama\/UEPG) e a Agr\u00f4noma Juliana Andrade Hay (bolsista Programa Paran\u00e1 Mais Org\u00e2nico\/Lama\/UEPG), palestraram em evento no Instituto Federal Catarinense, Campus Araquari.<\/p>\n<p>No referido encontro Stefani contou para acad\u00eamicos de gradua\u00e7\u00e3o em Agronomia do IFC, suas pesquisas em Biocombust\u00edveis, bem como a vis\u00e3o de Universidade do Lama\/UEPG, onde contou como sua inicia\u00e7\u00e3o cient\u00edfica est\u00e1 intimamente ligada ao ensino de gradua\u00e7\u00e3o e p\u00f3s-gradua\u00e7\u00e3o, bem como as a\u00e7\u00f5es de extens\u00e3o rural e pesquisas do laborat\u00f3rio.<\/p>\n<div id=\"attachment_918\" style=\"width: 375px\" class=\"wp-caption aligncenter\"><img aria-describedby=\"caption-attachment-918\" loading=\"lazy\" class=\"wp-image-918\" src=\"http:\/\/www2.uepg.br\/lama\/wp-content\/uploads\/sites\/7\/2025\/12\/Imagem-4-225x300.jpeg\" alt=\"\" width=\"365\" height=\"487\" srcset=\"https:\/\/www2.uepg.br\/lama\/wp-content\/uploads\/sites\/7\/2025\/12\/Imagem-4-225x300.jpeg 225w, https:\/\/www2.uepg.br\/lama\/wp-content\/uploads\/sites\/7\/2025\/12\/Imagem-4-768x1024.jpeg 768w, https:\/\/www2.uepg.br\/lama\/wp-content\/uploads\/sites\/7\/2025\/12\/Imagem-4-810x1080.jpeg 810w, https:\/\/www2.uepg.br\/lama\/wp-content\/uploads\/sites\/7\/2025\/12\/Imagem-4.jpeg 960w\" sizes=\"(max-width: 365px) 100vw, 365px\" \/><p id=\"caption-attachment-918\" class=\"wp-caption-text\">Stefani (Lama\/UEPG) conversando com acad\u00eamicos de Agronomia do IFC \u2013 Campus Araquari.<\/p><\/div>\n<p>A agr\u00f4noma Juliana, palestrou para alunos do Ensino M\u00e9dio e T\u00e9cnico sobre os Objetivos de Desenvolvimento Sustent\u00e1vel (ODS), conjunto de objetivos elaborados pela ONU, os quais resumem premissas para um futuro melhor. Os referidos s\u00e3o um plano de a\u00e7\u00e3o para proteger o planeta, acabar com a pobreza e garantir a paz. Para al\u00e9m dos ODS, a tamb\u00e9m bolsista do PMO, contou sobre o funcionamento do projeto no estado do Paran\u00e1 e como a certifica\u00e7\u00e3o org\u00e2nica pode ser alcan\u00e7ada por agricultores familiares da regi\u00e3o.<\/p>\n<div id=\"attachment_919\" style=\"width: 417px\" class=\"wp-caption aligncenter\"><img aria-describedby=\"caption-attachment-919\" loading=\"lazy\" class=\"wp-image-919\" src=\"http:\/\/www2.uepg.br\/lama\/wp-content\/uploads\/sites\/7\/2025\/12\/Imagem-5-300x225.jpeg\" alt=\"\" width=\"407\" height=\"305\" srcset=\"https:\/\/www2.uepg.br\/lama\/wp-content\/uploads\/sites\/7\/2025\/12\/Imagem-5-300x225.jpeg 300w, https:\/\/www2.uepg.br\/lama\/wp-content\/uploads\/sites\/7\/2025\/12\/Imagem-5-1024x768.jpeg 1024w, https:\/\/www2.uepg.br\/lama\/wp-content\/uploads\/sites\/7\/2025\/12\/Imagem-5-768x576.jpeg 768w, https:\/\/www2.uepg.br\/lama\/wp-content\/uploads\/sites\/7\/2025\/12\/Imagem-5-1232x924.jpeg 1232w, https:\/\/www2.uepg.br\/lama\/wp-content\/uploads\/sites\/7\/2025\/12\/Imagem-5.jpeg 1280w\" sizes=\"(max-width: 407px) 100vw, 407px\" \/><p id=\"caption-attachment-919\" class=\"wp-caption-text\">Juliana (PMO\/Lama\/UEPG) conversando com acad\u00eamicos do Ensino M\u00e9dio e T\u00e9cnico do IFC \u2013 Campus Araquari.<\/p><\/div>\n<div id=\"attachment_917\" style=\"width: 424px\" class=\"wp-caption aligncenter\"><img aria-describedby=\"caption-attachment-917\" loading=\"lazy\" class=\"wp-image-917\" src=\"http:\/\/www2.uepg.br\/lama\/wp-content\/uploads\/sites\/7\/2025\/12\/Imagem-3-225x300.jpeg\" alt=\"\" width=\"414\" height=\"552\" srcset=\"https:\/\/www2.uepg.br\/lama\/wp-content\/uploads\/sites\/7\/2025\/12\/Imagem-3-225x300.jpeg 225w, https:\/\/www2.uepg.br\/lama\/wp-content\/uploads\/sites\/7\/2025\/12\/Imagem-3-768x1024.jpeg 768w, https:\/\/www2.uepg.br\/lama\/wp-content\/uploads\/sites\/7\/2025\/12\/Imagem-3-810x1080.jpeg 810w, https:\/\/www2.uepg.br\/lama\/wp-content\/uploads\/sites\/7\/2025\/12\/Imagem-3.jpeg 960w\" sizes=\"(max-width: 414px) 100vw, 414px\" \/><p id=\"caption-attachment-917\" class=\"wp-caption-text\">Juliana (PMO\/Lama\/UEPG) conversando sobre o PMO com acad\u00eamicos de Agronomia do IFC \u2013 Campus Araquari.<\/p><\/div>\n<p>A Prof.\u00aa N\u00e1tali, Coordenadora de Extens\u00e3o do Campus Araquari e professora dos cursos de Agronomia e de Licenciatura em Ci\u00eancias Agr\u00edcolas na mesma Institui\u00e7\u00e3o relata que a ideia foi mostrar para os acad\u00eamicos do IFC outras experi\u00eancias, \u201ca gradua\u00e7\u00e3o com certeza n\u00e3o pode ser somente sala de aula, existem muitas coisas acontecendo fora dela, onde a extens\u00e3o verdadeiramente emancipadora s\u00f3 se constr\u00f3i com base no conhecimento efetivo da realidade onde se est\u00e1 inserido, demandando da pesquisa solu\u00e7\u00f5es para problemas identificados nessa realidade, ou mesmo, melhoria de processos\u00a0e\u00a0produtos\u201d.<\/p>\n","protected":false},"excerpt":{"rendered":"<p>Em setembro, a acad\u00eamica de gradua\u00e7\u00e3o em Agronomia Stefani Eurich (Bolsista PIBIC\/CNPq\/Lama\/UEPG) que desenvolve estudos no Laborat\u00f3rio de Mecaniza\u00e7\u00e3o Agr\u00edcola da Universidade Estadual de Ponta Grossa (Lama\/UEPG) e a Agr\u00f4noma Juliana Andrade Hay (bolsista Programa Paran\u00e1 Mais Org\u00e2nico\/Lama\/UEPG), palestraram em evento no Instituto Federal Catarinense, Campus Araquari. No referido encontro Stefani contou para acad\u00eamicos de&nbsp;&hellip;<\/p>\n","protected":false},"author":264,"featured_media":922,"comment_status":"closed","ping_status":"closed","sticky":false,"template":"","format":"standard","meta":[],"categories":[2],"tags":[],"_links":{"self":[{"href":"https:\/\/www2.uepg.br\/lama\/wp-json\/wp\/v2\/posts\/914"}],"collection":[{"href":"https:\/\/www2.uepg.br\/lama\/wp-json\/wp\/v2\/posts"}],"about":[{"href":"https:\/\/www2.uepg.br\/lama\/wp-json\/wp\/v2\/types\/post"}],"author":[{"embeddable":true,"href":"https:\/\/www2.uepg.br\/lama\/wp-json\/wp\/v2\/users\/264"}],"replies":[{"embeddable":true,"href":"https:\/\/www2.uepg.br\/lama\/wp-json\/wp\/v2\/comments?post=914"}],"version-history":[{"count":2,"href":"https:\/\/www2.uepg.br\/lama\/wp-json\/wp\/v2\/posts\/914\/revisions"}],"predecessor-version":[{"id":923,"href":"https:\/\/www2.uepg.br\/lama\/wp-json\/wp\/v2\/posts\/914\/revisions\/923"}],"wp:featuredmedia":[{"embeddable":true,"href":"https:\/\/www2.uepg.br\/lama\/wp-json\/wp\/v2\/media\/922"}],"wp:attachment":[{"href":"https:\/\/www2.uepg.br\/lama\/wp-json\/wp\/v2\/media?parent=914"}],"wp:term":[{"taxonomy":"category","embeddable":true,"href":"https:\/\/www2.uepg.br\/lama\/wp-json\/wp\/v2\/categories?post=914"},{"taxonomy":"post_tag","embeddable":true,"href":"https:\/\/www2.uepg.br\/lama\/wp-json\/wp\/v2\/tags?post=914"}],"curies":[{"name":"wp","href":"https:\/\/api.w.org\/{rel}","templated":true}]}}