{"id":927,"date":"2025-12-15T09:21:33","date_gmt":"2025-12-15T12:21:33","guid":{"rendered":"https:\/\/www2.uepg.br\/lama\/?p=927"},"modified":"2025-12-22T11:11:57","modified_gmt":"2025-12-22T14:11:57","slug":"lama-uepg-participa-de-encontro-de-feijao-em-prudentopolis","status":"publish","type":"post","link":"https:\/\/www2.uepg.br\/lama\/lama-uepg-participa-de-encontro-de-feijao-em-prudentopolis\/","title":{"rendered":"Lama\/UEPG participa de Encontro de Feij\u00e3o em Prudent\u00f3polis"},"content":{"rendered":"<p>O Laborat\u00f3rio de Mecaniza\u00e7\u00e3o Agr\u00edcola da Universidade Estadual de Ponta Grossa (Lama\/UEPG), apoiou e participou do Encontro Comunit\u00e1rio sobre Feij\u00e3o, este, foi organizado pelo Curso de Agentes Comunit\u00e1rios e Associa\u00e7\u00e3o Comunit\u00e1ria S\u00e3o Francisquinho e Vitorino.<\/p>\n<div id=\"attachment_940\" style=\"width: 493px\" class=\"wp-caption aligncenter\"><img aria-describedby=\"caption-attachment-940\" loading=\"lazy\" class=\" wp-image-940\" src=\"http:\/\/www2.uepg.br\/lama\/wp-content\/uploads\/sites\/7\/2025\/12\/Imagem-3-1-300x225.jpeg\" alt=\"\" width=\"483\" height=\"362\" srcset=\"https:\/\/www2.uepg.br\/lama\/wp-content\/uploads\/sites\/7\/2025\/12\/Imagem-3-1-300x225.jpeg 300w, https:\/\/www2.uepg.br\/lama\/wp-content\/uploads\/sites\/7\/2025\/12\/Imagem-3-1-1024x768.jpeg 1024w, https:\/\/www2.uepg.br\/lama\/wp-content\/uploads\/sites\/7\/2025\/12\/Imagem-3-1-768x576.jpeg 768w, https:\/\/www2.uepg.br\/lama\/wp-content\/uploads\/sites\/7\/2025\/12\/Imagem-3-1-1536x1152.jpeg 1536w, https:\/\/www2.uepg.br\/lama\/wp-content\/uploads\/sites\/7\/2025\/12\/Imagem-3-1-1232x924.jpeg 1232w, https:\/\/www2.uepg.br\/lama\/wp-content\/uploads\/sites\/7\/2025\/12\/Imagem-3-1-1440x1080.jpeg 1440w, https:\/\/www2.uepg.br\/lama\/wp-content\/uploads\/sites\/7\/2025\/12\/Imagem-3-1.jpeg 1600w\" sizes=\"(max-width: 483px) 100vw, 483px\" \/><p id=\"caption-attachment-940\" class=\"wp-caption-text\">Agricultores das comunidades de S\u00e3o Francisquinho e Vitorino em dia de campo sobre feij\u00e3o.<\/p><\/div>\n<p>As regi\u00f5es da Liga\u00e7\u00e3o e Jaciaba, em Prudent\u00f3polis, sofreram muito com a seca em 2024\/2025, com perdas muito grandes nas lavouras de feij\u00e3o. Esta, desencadeou por parte dos agricultores familiares discuss\u00f5es a respeito desta importante cultura. Com apoio do IFPR, Lama\/UEPG, IDR-Paran\u00e1, CONAB, SEAB-PR e a Prefeitura Municipal, foi realizado um campo de sementes de feij\u00e3o na Comunidade.<\/p>\n<p>O dia contou com discuss\u00f5es sobre cultivares de Feij\u00e3o (IDR-Paran\u00e1), sobre sementes de feij\u00e3o (IFC-Araquari) e sobre comercializa\u00e7\u00e3o de feij\u00e3o (CONAB). O prof. Jo\u00e3o Dremiski (IFPR, Doutorando Lama\/UEPG), coordenador do evento, relata que \u201cfoi um dia muito produtivo, pr\u00e1tico, \u00fatil, tudo como demanda da associa\u00e7\u00e3o local, espera-se que seja o primeiro de muitos\u201d.<\/p>\n\n\t\t<style type=\"text\/css\">\n\t\t\t#gallery-1 {\n\t\t\t\tmargin: auto;\n\t\t\t}\n\t\t\t#gallery-1 .gallery-item {\n\t\t\t\tfloat: left;\n\t\t\t\tmargin-top: 10px;\n\t\t\t\ttext-align: center;\n\t\t\t\twidth: 100%;\n\t\t\t}\n\t\t\t#gallery-1 img {\n\t\t\t\tborder: 2px solid #cfcfcf;\n\t\t\t}\n\t\t\t#gallery-1 .gallery-caption {\n\t\t\t\tmargin-left: 0;\n\t\t\t}\n\t\t\t\/* see gallery_shortcode() in wp-includes\/media.php *\/\n\t\t<\/style>\n\t\t<div id='gallery-1' class='gallery galleryid-927 gallery-columns-1 gallery-size-medium'><dl class='gallery-item'>\n\t\t\t<dt class='gallery-icon portrait'>\n\t\t\t\t<a href='https:\/\/www2.uepg.br\/lama\/lama-uepg-participa-de-encontro-de-feijao-em-prudentopolis\/imagem-4-11\/'><img width=\"253\" height=\"300\" src=\"https:\/\/www2.uepg.br\/lama\/wp-content\/uploads\/sites\/7\/2025\/12\/Imagem-4-253x300.png\" class=\"attachment-medium size-medium\" alt=\"\" loading=\"lazy\" aria-describedby=\"gallery-1-931\" srcset=\"https:\/\/www2.uepg.br\/lama\/wp-content\/uploads\/sites\/7\/2025\/12\/Imagem-4-253x300.png 253w, https:\/\/www2.uepg.br\/lama\/wp-content\/uploads\/sites\/7\/2025\/12\/Imagem-4.png 422w\" sizes=\"(max-width: 253px) 100vw, 253px\" \/><\/a>\n\t\t\t<\/dt>\n\t\t\t\t<dd class='wp-caption-text gallery-caption' id='gallery-1-931'>\n\t\t\t\tEng. Agro. Heitor (IDR-Prudent\u00f3polis), falando de manejo do feij\u00e3o.\n\t\t\t\t<\/dd><\/dl><br style=\"clear: both\" \/><dl class='gallery-item'>\n\t\t\t<dt class='gallery-icon landscape'>\n\t\t\t\t<a href='https:\/\/www2.uepg.br\/lama\/lama-uepg-participa-de-encontro-de-feijao-em-prudentopolis\/imagem-5-7\/'><img width=\"300\" height=\"262\" src=\"https:\/\/www2.uepg.br\/lama\/wp-content\/uploads\/sites\/7\/2025\/12\/Imagem-5-300x262.jpg\" class=\"attachment-medium size-medium\" alt=\"\" loading=\"lazy\" aria-describedby=\"gallery-1-934\" srcset=\"https:\/\/www2.uepg.br\/lama\/wp-content\/uploads\/sites\/7\/2025\/12\/Imagem-5-300x262.jpg 300w, https:\/\/www2.uepg.br\/lama\/wp-content\/uploads\/sites\/7\/2025\/12\/Imagem-5-768x671.jpg 768w, https:\/\/www2.uepg.br\/lama\/wp-content\/uploads\/sites\/7\/2025\/12\/Imagem-5.jpg 925w\" sizes=\"(max-width: 300px) 100vw, 300px\" \/><\/a>\n\t\t\t<\/dt>\n\t\t\t\t<dd class='wp-caption-text gallery-caption' id='gallery-1-934'>\n\t\t\t\tEng. Agr. Eloir (IDR-Paran\u00e1), falando sobre cultivares de feij\u00e3o.\n\t\t\t\t<\/dd><\/dl><br style=\"clear: both\" \/><dl class='gallery-item'>\n\t\t\t<dt class='gallery-icon landscape'>\n\t\t\t\t<a href='https:\/\/www2.uepg.br\/lama\/lama-uepg-participa-de-encontro-de-feijao-em-prudentopolis\/imagem-6-5\/'><img width=\"300\" height=\"287\" src=\"https:\/\/www2.uepg.br\/lama\/wp-content\/uploads\/sites\/7\/2025\/12\/Imagem-6-300x287.jpg\" class=\"attachment-medium size-medium\" alt=\"\" loading=\"lazy\" aria-describedby=\"gallery-1-932\" srcset=\"https:\/\/www2.uepg.br\/lama\/wp-content\/uploads\/sites\/7\/2025\/12\/Imagem-6-300x287.jpg 300w, https:\/\/www2.uepg.br\/lama\/wp-content\/uploads\/sites\/7\/2025\/12\/Imagem-6-1024x980.jpg 1024w, https:\/\/www2.uepg.br\/lama\/wp-content\/uploads\/sites\/7\/2025\/12\/Imagem-6-768x735.jpg 768w, https:\/\/www2.uepg.br\/lama\/wp-content\/uploads\/sites\/7\/2025\/12\/Imagem-6-1129x1080.jpg 1129w, https:\/\/www2.uepg.br\/lama\/wp-content\/uploads\/sites\/7\/2025\/12\/Imagem-6.jpg 1156w\" sizes=\"(max-width: 300px) 100vw, 300px\" \/><\/a>\n\t\t\t<\/dt>\n\t\t\t\t<dd class='wp-caption-text gallery-caption' id='gallery-1-932'>\n\t\t\t\tProf. N\u00e1tali (IFC-Araquari) falando sobre sementes de feij\u00e3o.\n\t\t\t\t<\/dd><\/dl><br style=\"clear: both\" \/><dl class='gallery-item'>\n\t\t\t<dt class='gallery-icon landscape'>\n\t\t\t\t<a href='https:\/\/www2.uepg.br\/lama\/lama-uepg-participa-de-encontro-de-feijao-em-prudentopolis\/imagem-7-3\/'><img width=\"300\" height=\"233\" src=\"https:\/\/www2.uepg.br\/lama\/wp-content\/uploads\/sites\/7\/2025\/12\/Imagem-7-300x233.jpg\" class=\"attachment-medium size-medium\" alt=\"\" loading=\"lazy\" aria-describedby=\"gallery-1-933\" srcset=\"https:\/\/www2.uepg.br\/lama\/wp-content\/uploads\/sites\/7\/2025\/12\/Imagem-7-300x233.jpg 300w, https:\/\/www2.uepg.br\/lama\/wp-content\/uploads\/sites\/7\/2025\/12\/Imagem-7-1024x795.jpg 1024w, https:\/\/www2.uepg.br\/lama\/wp-content\/uploads\/sites\/7\/2025\/12\/Imagem-7-768x596.jpg 768w, https:\/\/www2.uepg.br\/lama\/wp-content\/uploads\/sites\/7\/2025\/12\/Imagem-7.jpg 1165w\" sizes=\"(max-width: 300px) 100vw, 300px\" \/><\/a>\n\t\t\t<\/dt>\n\t\t\t\t<dd class='wp-caption-text gallery-caption' id='gallery-1-933'>\n\t\t\t\tEng. Agr. Valmor (Superintendente Conab-PR) falando sobre comercializa\u00e7\u00e3o de feij\u00e3o.\n\t\t\t\t<\/dd><\/dl><br style=\"clear: both\" \/><dl class='gallery-item'>\n\t\t\t<dt class='gallery-icon portrait'>\n\t\t\t\t<a href='https:\/\/www2.uepg.br\/lama\/lama-uepg-participa-de-encontro-de-feijao-em-prudentopolis\/imagem-2-21\/'><img width=\"225\" height=\"300\" src=\"https:\/\/www2.uepg.br\/lama\/wp-content\/uploads\/sites\/7\/2025\/12\/Imagem-2-1-225x300.jpeg\" class=\"attachment-medium size-medium\" alt=\"\" loading=\"lazy\" aria-describedby=\"gallery-1-929\" srcset=\"https:\/\/www2.uepg.br\/lama\/wp-content\/uploads\/sites\/7\/2025\/12\/Imagem-2-1-225x300.jpeg 225w, https:\/\/www2.uepg.br\/lama\/wp-content\/uploads\/sites\/7\/2025\/12\/Imagem-2-1-768x1024.jpeg 768w, https:\/\/www2.uepg.br\/lama\/wp-content\/uploads\/sites\/7\/2025\/12\/Imagem-2-1-1152x1536.jpeg 1152w, https:\/\/www2.uepg.br\/lama\/wp-content\/uploads\/sites\/7\/2025\/12\/Imagem-2-1-1536x2048.jpeg 1536w, https:\/\/www2.uepg.br\/lama\/wp-content\/uploads\/sites\/7\/2025\/12\/Imagem-2-1-1232x1643.jpeg 1232w, https:\/\/www2.uepg.br\/lama\/wp-content\/uploads\/sites\/7\/2025\/12\/Imagem-2-1-810x1080.jpeg 810w, https:\/\/www2.uepg.br\/lama\/wp-content\/uploads\/sites\/7\/2025\/12\/Imagem-2-1-scaled.jpeg 1920w\" sizes=\"(max-width: 225px) 100vw, 225px\" \/><\/a>\n\t\t\t<\/dt>\n\t\t\t\t<dd class='wp-caption-text gallery-caption' id='gallery-1-929'>\n\t\t\t\tProf. Jo\u00e3o Dremiski (IFPR, Doutorando Lama\/UEPG), coordenando uma conversa sobre feij\u00e3o com os agricultores.\n\t\t\t\t<\/dd><\/dl><br style=\"clear: both\" \/>\n\t\t<\/div>\n\n","protected":false},"excerpt":{"rendered":"<p>O Laborat\u00f3rio de Mecaniza\u00e7\u00e3o Agr\u00edcola da Universidade Estadual de Ponta Grossa (Lama\/UEPG), apoiou e participou do Encontro Comunit\u00e1rio sobre Feij\u00e3o, este, foi organizado pelo Curso de Agentes Comunit\u00e1rios e Associa\u00e7\u00e3o Comunit\u00e1ria S\u00e3o Francisquinho e Vitorino. As regi\u00f5es da Liga\u00e7\u00e3o e Jaciaba, em Prudent\u00f3polis, sofreram muito com a seca em 2024\/2025, com perdas muito grandes nas&nbsp;&hellip;<\/p>\n","protected":false},"author":264,"featured_media":928,"comment_status":"closed","ping_status":"closed","sticky":false,"template":"","format":"standard","meta":[],"categories":[2],"tags":[],"_links":{"self":[{"href":"https:\/\/www2.uepg.br\/lama\/wp-json\/wp\/v2\/posts\/927"}],"collection":[{"href":"https:\/\/www2.uepg.br\/lama\/wp-json\/wp\/v2\/posts"}],"about":[{"href":"https:\/\/www2.uepg.br\/lama\/wp-json\/wp\/v2\/types\/post"}],"author":[{"embeddable":true,"href":"https:\/\/www2.uepg.br\/lama\/wp-json\/wp\/v2\/users\/264"}],"replies":[{"embeddable":true,"href":"https:\/\/www2.uepg.br\/lama\/wp-json\/wp\/v2\/comments?post=927"}],"version-history":[{"count":5,"href":"https:\/\/www2.uepg.br\/lama\/wp-json\/wp\/v2\/posts\/927\/revisions"}],"predecessor-version":[{"id":941,"href":"https:\/\/www2.uepg.br\/lama\/wp-json\/wp\/v2\/posts\/927\/revisions\/941"}],"wp:featuredmedia":[{"embeddable":true,"href":"https:\/\/www2.uepg.br\/lama\/wp-json\/wp\/v2\/media\/928"}],"wp:attachment":[{"href":"https:\/\/www2.uepg.br\/lama\/wp-json\/wp\/v2\/media?parent=927"}],"wp:term":[{"taxonomy":"category","embeddable":true,"href":"https:\/\/www2.uepg.br\/lama\/wp-json\/wp\/v2\/categories?post=927"},{"taxonomy":"post_tag","embeddable":true,"href":"https:\/\/www2.uepg.br\/lama\/wp-json\/wp\/v2\/tags?post=927"}],"curies":[{"name":"wp","href":"https:\/\/api.w.org\/{rel}","templated":true}]}}