{"id":942,"date":"2025-12-22T11:45:49","date_gmt":"2025-12-22T14:45:49","guid":{"rendered":"https:\/\/www2.uepg.br\/lama\/?p=942"},"modified":"2025-12-22T11:45:49","modified_gmt":"2025-12-22T14:45:49","slug":"lama-uepg-participa-do-i-encontro-regional-de-olericultura-e-agroecologia-do-idr","status":"publish","type":"post","link":"https:\/\/www2.uepg.br\/lama\/lama-uepg-participa-do-i-encontro-regional-de-olericultura-e-agroecologia-do-idr\/","title":{"rendered":"Lama\/UEPG participa do I Encontro Regional de Olericultura e Agroecologia do IDR"},"content":{"rendered":"<p>O Laborat\u00f3rio de Mecaniza\u00e7\u00e3o Agr\u00edcola da Universidade Estadual de Ponta Grossa (Lama\/UEPG) apoiou e participou do I Encontro Regional de Olericultura e Agroecologia de Ponta Grossa do Instituto de Desenvolvimento Rural do Paran\u00e1 (IDR-Paran\u00e1). Este foi realizado no munic\u00edpio de Ipiranga e contou com momentos de solenidade e de discuss\u00e3o t\u00e9cnica com v\u00e1rias oficinas.<\/p>\n<div id=\"attachment_945\" style=\"width: 443px\" class=\"wp-caption aligncenter\"><img aria-describedby=\"caption-attachment-945\" loading=\"lazy\" class=\"wp-image-945\" src=\"http:\/\/www2.uepg.br\/lama\/wp-content\/uploads\/sites\/7\/2025\/12\/Imagem-3-2-300x225.jpeg\" alt=\"\" width=\"433\" height=\"325\" srcset=\"https:\/\/www2.uepg.br\/lama\/wp-content\/uploads\/sites\/7\/2025\/12\/Imagem-3-2-300x225.jpeg 300w, https:\/\/www2.uepg.br\/lama\/wp-content\/uploads\/sites\/7\/2025\/12\/Imagem-3-2-1024x768.jpeg 1024w, https:\/\/www2.uepg.br\/lama\/wp-content\/uploads\/sites\/7\/2025\/12\/Imagem-3-2-768x576.jpeg 768w, https:\/\/www2.uepg.br\/lama\/wp-content\/uploads\/sites\/7\/2025\/12\/Imagem-3-2-1536x1152.jpeg 1536w, https:\/\/www2.uepg.br\/lama\/wp-content\/uploads\/sites\/7\/2025\/12\/Imagem-3-2-1232x924.jpeg 1232w, https:\/\/www2.uepg.br\/lama\/wp-content\/uploads\/sites\/7\/2025\/12\/Imagem-3-2-1440x1080.jpeg 1440w, https:\/\/www2.uepg.br\/lama\/wp-content\/uploads\/sites\/7\/2025\/12\/Imagem-3-2.jpeg 1600w\" sizes=\"(max-width: 433px) 100vw, 433px\" \/><p id=\"caption-attachment-945\" class=\"wp-caption-text\">Equipe IDR-Paran\u00e1 e PMO.<\/p><\/div>\n<p>Na parte da manh\u00e3, junto a abertura da IV Expo Feira de Ipiranga, foram entregues certificados de Produ\u00e7\u00e3o Org\u00e2nica para produtores e Col\u00e9gio Agr\u00edcola, simbolizando a conquista do Programa Paran\u00e1 Mais Org\u00e2nico (PMO), da Regional de Ponta Grossa do IDR-Paran\u00e1 e dos produtores certificados. Neste momento o Prof. Pedro, coordenador do projeto, contou o que \u00e9 o Paran\u00e1 Mais Org\u00e2nico (PMO) desenvolvido pela Secretaria de Ci\u00eancia, Tecnologia e Ensino Superior do Estado do Paran\u00e1 (Seti-Paran\u00e1) e conduzida pela Unidade Executora do Fundo (UEF-Fundo Paran\u00e1).<\/p>\n<div id=\"attachment_944\" style=\"width: 562px\" class=\"wp-caption aligncenter\"><img aria-describedby=\"caption-attachment-944\" loading=\"lazy\" class=\"wp-image-944\" src=\"http:\/\/www2.uepg.br\/lama\/wp-content\/uploads\/sites\/7\/2025\/12\/Imagem-2-2-300x135.jpeg\" alt=\"\" width=\"552\" height=\"248\" srcset=\"https:\/\/www2.uepg.br\/lama\/wp-content\/uploads\/sites\/7\/2025\/12\/Imagem-2-2-300x135.jpeg 300w, https:\/\/www2.uepg.br\/lama\/wp-content\/uploads\/sites\/7\/2025\/12\/Imagem-2-2-1024x461.jpeg 1024w, https:\/\/www2.uepg.br\/lama\/wp-content\/uploads\/sites\/7\/2025\/12\/Imagem-2-2-768x346.jpeg 768w, https:\/\/www2.uepg.br\/lama\/wp-content\/uploads\/sites\/7\/2025\/12\/Imagem-2-2-1536x691.jpeg 1536w, https:\/\/www2.uepg.br\/lama\/wp-content\/uploads\/sites\/7\/2025\/12\/Imagem-2-2-1232x554.jpeg 1232w, https:\/\/www2.uepg.br\/lama\/wp-content\/uploads\/sites\/7\/2025\/12\/Imagem-2-2.jpeg 1600w\" sizes=\"(max-width: 552px) 100vw, 552px\" \/><p id=\"caption-attachment-944\" class=\"wp-caption-text\">Equipe IDR- Paran\u00e1, PMO e agricultores presentes na oficina. \u00c0 esquerda, o sr. Josildo, um dos agricultores org\u00e2nicos do programa que recebeu seu certificado em solenidade no evento.<\/p><\/div>\n<p>Na parte da tarde, foram realizadas diversas oficinas tem\u00e1ticas, tais como: cultivo de alho, cultivo de morango, uso de bioinsumos, sementes crioulas e agricultura org\u00e2nica. O prof. Jaime (Lama\/UEPG) com aux\u00edlio das Agr\u00f4nomas Juliana e Ana Cla\u00fadia (PMO\/Lama\/UEPG), conversaram com os agricultores sobre sementes e mudas crioulas.<\/p>\n<div id=\"attachment_946\" style=\"width: 304px\" class=\"wp-caption aligncenter\"><img aria-describedby=\"caption-attachment-946\" loading=\"lazy\" class=\"wp-image-946\" src=\"http:\/\/www2.uepg.br\/lama\/wp-content\/uploads\/sites\/7\/2025\/12\/Imagem-4-1-225x300.jpeg\" alt=\"\" width=\"294\" height=\"392\" srcset=\"https:\/\/www2.uepg.br\/lama\/wp-content\/uploads\/sites\/7\/2025\/12\/Imagem-4-1-225x300.jpeg 225w, https:\/\/www2.uepg.br\/lama\/wp-content\/uploads\/sites\/7\/2025\/12\/Imagem-4-1-768x1024.jpeg 768w, https:\/\/www2.uepg.br\/lama\/wp-content\/uploads\/sites\/7\/2025\/12\/Imagem-4-1-1152x1536.jpeg 1152w, https:\/\/www2.uepg.br\/lama\/wp-content\/uploads\/sites\/7\/2025\/12\/Imagem-4-1-810x1080.jpeg 810w, https:\/\/www2.uepg.br\/lama\/wp-content\/uploads\/sites\/7\/2025\/12\/Imagem-4-1.jpeg 1200w\" sizes=\"(max-width: 294px) 100vw, 294px\" \/><p id=\"caption-attachment-946\" class=\"wp-caption-text\">Prof. Jaime realizando um dos momentos da oficina.<\/p><\/div>\n<div id=\"attachment_950\" style=\"width: 305px\" class=\"wp-caption aligncenter\"><img aria-describedby=\"caption-attachment-950\" loading=\"lazy\" class=\"wp-image-950\" src=\"http:\/\/www2.uepg.br\/lama\/wp-content\/uploads\/sites\/7\/2025\/12\/Imagem-5-1-225x300.jpeg\" alt=\"\" width=\"295\" height=\"393\" srcset=\"https:\/\/www2.uepg.br\/lama\/wp-content\/uploads\/sites\/7\/2025\/12\/Imagem-5-1-225x300.jpeg 225w, https:\/\/www2.uepg.br\/lama\/wp-content\/uploads\/sites\/7\/2025\/12\/Imagem-5-1-768x1024.jpeg 768w, https:\/\/www2.uepg.br\/lama\/wp-content\/uploads\/sites\/7\/2025\/12\/Imagem-5-1-1152x1536.jpeg 1152w, https:\/\/www2.uepg.br\/lama\/wp-content\/uploads\/sites\/7\/2025\/12\/Imagem-5-1-810x1080.jpeg 810w, https:\/\/www2.uepg.br\/lama\/wp-content\/uploads\/sites\/7\/2025\/12\/Imagem-5-1.jpeg 1200w\" sizes=\"(max-width: 295px) 100vw, 295px\" \/><p id=\"caption-attachment-950\" class=\"wp-caption-text\">Prof. Pedro (coordenador PMO), realizando um dos momentos da oficina.<\/p><\/div>\n<p>Como estrat\u00e9gia de divulga\u00e7\u00e3o e multiplica\u00e7\u00e3o da oficina, do programa PMO e do Lama\/UEPG em si, foram elaborados e distribu\u00eddos aos agricultores participantes das apresenta\u00e7\u00f5es kits de batata-doce, contendo quatro gen\u00f3tipos distintos, al\u00e9m de quatro sementes crioulas: feij\u00e3o vermelho, milho resist\u00eancia, milho roxo e feij\u00e3o-de-porco.<\/p>\n<div id=\"attachment_948\" style=\"width: 315px\" class=\"wp-caption aligncenter\"><img aria-describedby=\"caption-attachment-948\" loading=\"lazy\" class=\"wp-image-948\" src=\"http:\/\/www2.uepg.br\/lama\/wp-content\/uploads\/sites\/7\/2025\/12\/Imagem-7-225x300.jpeg\" alt=\"\" width=\"305\" height=\"407\" srcset=\"https:\/\/www2.uepg.br\/lama\/wp-content\/uploads\/sites\/7\/2025\/12\/Imagem-7-225x300.jpeg 225w, https:\/\/www2.uepg.br\/lama\/wp-content\/uploads\/sites\/7\/2025\/12\/Imagem-7-768x1024.jpeg 768w, https:\/\/www2.uepg.br\/lama\/wp-content\/uploads\/sites\/7\/2025\/12\/Imagem-7-1152x1536.jpeg 1152w, https:\/\/www2.uepg.br\/lama\/wp-content\/uploads\/sites\/7\/2025\/12\/Imagem-7-810x1080.jpeg 810w, https:\/\/www2.uepg.br\/lama\/wp-content\/uploads\/sites\/7\/2025\/12\/Imagem-7.jpeg 1200w\" sizes=\"(max-width: 305px) 100vw, 305px\" \/><p id=\"caption-attachment-948\" class=\"wp-caption-text\">Kits com 4 gen\u00f3tipos de batata-doce e livreto com as caracter\u00edsticas de cada um.<\/p><\/div>\n<div id=\"attachment_949\" style=\"width: 315px\" class=\"wp-caption aligncenter\"><img aria-describedby=\"caption-attachment-949\" loading=\"lazy\" class=\"wp-image-949\" src=\"http:\/\/www2.uepg.br\/lama\/wp-content\/uploads\/sites\/7\/2025\/12\/Imagem-8-225x300.jpeg\" alt=\"\" width=\"305\" height=\"407\" srcset=\"https:\/\/www2.uepg.br\/lama\/wp-content\/uploads\/sites\/7\/2025\/12\/Imagem-8-225x300.jpeg 225w, https:\/\/www2.uepg.br\/lama\/wp-content\/uploads\/sites\/7\/2025\/12\/Imagem-8-768x1024.jpeg 768w, https:\/\/www2.uepg.br\/lama\/wp-content\/uploads\/sites\/7\/2025\/12\/Imagem-8-1152x1536.jpeg 1152w, https:\/\/www2.uepg.br\/lama\/wp-content\/uploads\/sites\/7\/2025\/12\/Imagem-8-810x1080.jpeg 810w, https:\/\/www2.uepg.br\/lama\/wp-content\/uploads\/sites\/7\/2025\/12\/Imagem-8.jpeg 1200w\" sizes=\"(max-width: 305px) 100vw, 305px\" \/><p id=\"caption-attachment-949\" class=\"wp-caption-text\">Tubetes com sementes crioulas de milho (roxo e resist\u00eancia) e de feij\u00e3o (vermelho e de porco).<\/p><\/div>\n","protected":false},"excerpt":{"rendered":"<p>O Laborat\u00f3rio de Mecaniza\u00e7\u00e3o Agr\u00edcola da Universidade Estadual de Ponta Grossa (Lama\/UEPG) apoiou e participou do I Encontro Regional de Olericultura e Agroecologia de Ponta Grossa do Instituto de Desenvolvimento Rural do Paran\u00e1 (IDR-Paran\u00e1). Este foi realizado no munic\u00edpio de Ipiranga e contou com momentos de solenidade e de discuss\u00e3o t\u00e9cnica com v\u00e1rias oficinas. Na&nbsp;&hellip;<\/p>\n","protected":false},"author":264,"featured_media":943,"comment_status":"closed","ping_status":"closed","sticky":false,"template":"","format":"standard","meta":[],"categories":[2],"tags":[],"_links":{"self":[{"href":"https:\/\/www2.uepg.br\/lama\/wp-json\/wp\/v2\/posts\/942"}],"collection":[{"href":"https:\/\/www2.uepg.br\/lama\/wp-json\/wp\/v2\/posts"}],"about":[{"href":"https:\/\/www2.uepg.br\/lama\/wp-json\/wp\/v2\/types\/post"}],"author":[{"embeddable":true,"href":"https:\/\/www2.uepg.br\/lama\/wp-json\/wp\/v2\/users\/264"}],"replies":[{"embeddable":true,"href":"https:\/\/www2.uepg.br\/lama\/wp-json\/wp\/v2\/comments?post=942"}],"version-history":[{"count":1,"href":"https:\/\/www2.uepg.br\/lama\/wp-json\/wp\/v2\/posts\/942\/revisions"}],"predecessor-version":[{"id":951,"href":"https:\/\/www2.uepg.br\/lama\/wp-json\/wp\/v2\/posts\/942\/revisions\/951"}],"wp:featuredmedia":[{"embeddable":true,"href":"https:\/\/www2.uepg.br\/lama\/wp-json\/wp\/v2\/media\/943"}],"wp:attachment":[{"href":"https:\/\/www2.uepg.br\/lama\/wp-json\/wp\/v2\/media?parent=942"}],"wp:term":[{"taxonomy":"category","embeddable":true,"href":"https:\/\/www2.uepg.br\/lama\/wp-json\/wp\/v2\/categories?post=942"},{"taxonomy":"post_tag","embeddable":true,"href":"https:\/\/www2.uepg.br\/lama\/wp-json\/wp\/v2\/tags?post=942"}],"curies":[{"name":"wp","href":"https:\/\/api.w.org\/{rel}","templated":true}]}}