{"id":962,"date":"2026-04-14T16:01:52","date_gmt":"2026-04-14T19:01:52","guid":{"rendered":"https:\/\/www2.uepg.br\/lama\/?p=962"},"modified":"2026-04-14T16:02:23","modified_gmt":"2026-04-14T19:02:23","slug":"lama-uepg-apoia-evento-sobre-bioenergia-do-2o-ano-de-agronomia","status":"publish","type":"post","link":"https:\/\/www2.uepg.br\/lama\/lama-uepg-apoia-evento-sobre-bioenergia-do-2o-ano-de-agronomia\/","title":{"rendered":"Lama\/UEPG apoia evento sobre Bioenergia do 2\u00ba ano de Agronomia"},"content":{"rendered":"<p>O evento foi realizado no audit\u00f3rio do Centro Integrar da UEPG, por iniciativa dos Alunos de Mecaniza\u00e7\u00e3o Agr\u00edcola, segundo ano\/2025 do curso de Agronomia da UEPG. Intitulado 2\u00ba Encontro de Mecaniza\u00e7\u00e3o Sustent\u00e1vel, tendo como objetivo conhecer a cadeia do Etanol de Milho no Brasil.<\/p>\n<p>O evento contou com apoio do Laborat\u00f3rio de Mecaniza\u00e7\u00e3o Agr\u00edcola da Universidade Estadual de Ponta Grossa (Lama\/UEPG), do Centro Acad\u00eamico de Agronomia Am\u00e9rico Meinicke da UEPG, acad\u00eamicos da disciplina de Agroenergia e do Programa de P\u00f3s-gradua\u00e7\u00e3o em Bioenergia.<\/p>\n<p>Neste foi discutido temas como ecofisiologia e melhoramento gen\u00e9tico do milho, enzimas e transforma\u00e7\u00e3o do milho em etanol, utiliza\u00e7\u00e3o do etanol em tratores agr\u00edcolas e o mercado do milho na regi\u00e3o, no Brasil e no mundo.<\/p>\n<p>O evento contou com patroc\u00ednio das empresas FS Bioenergia, Expurgos M\u00e1quinas e Equipamentos Agr\u00edcolas e PlantAgro.<\/p>\n\n\t\t<style type=\"text\/css\">\n\t\t\t#gallery-1 {\n\t\t\t\tmargin: auto;\n\t\t\t}\n\t\t\t#gallery-1 .gallery-item {\n\t\t\t\tfloat: left;\n\t\t\t\tmargin-top: 10px;\n\t\t\t\ttext-align: center;\n\t\t\t\twidth: 33%;\n\t\t\t}\n\t\t\t#gallery-1 img {\n\t\t\t\tborder: 2px solid #cfcfcf;\n\t\t\t}\n\t\t\t#gallery-1 .gallery-caption {\n\t\t\t\tmargin-left: 0;\n\t\t\t}\n\t\t\t\/* see gallery_shortcode() in wp-includes\/media.php *\/\n\t\t<\/style>\n\t\t<div id='gallery-1' class='gallery galleryid-962 gallery-columns-3 gallery-size-large'><dl class='gallery-item'>\n\t\t\t<dt class='gallery-icon landscape'>\n\t\t\t\t<a href='https:\/\/www2.uepg.br\/lama\/lama-uepg-apoia-evento-sobre-bioenergia-do-2o-ano-de-agronomia\/imagem-2-24\/'><img width=\"306\" height=\"242\" src=\"https:\/\/www2.uepg.br\/lama\/wp-content\/uploads\/sites\/7\/2026\/04\/Imagem-2.jpg\" class=\"attachment-large size-large\" alt=\"\" loading=\"lazy\" aria-describedby=\"gallery-1-967\" srcset=\"https:\/\/www2.uepg.br\/lama\/wp-content\/uploads\/sites\/7\/2026\/04\/Imagem-2.jpg 306w, https:\/\/www2.uepg.br\/lama\/wp-content\/uploads\/sites\/7\/2026\/04\/Imagem-2-300x237.jpg 300w\" sizes=\"(max-width: 306px) 100vw, 306px\" \/><\/a>\n\t\t\t<\/dt>\n\t\t\t\t<dd class='wp-caption-text gallery-caption' id='gallery-1-967'>\n\t\t\t\tRepresentante dos acad\u00eamicos do segundo ano como mestre de cerim\u00f4nia do evento. \n\t\t\t\t<\/dd><\/dl><dl class='gallery-item'>\n\t\t\t<dt class='gallery-icon landscape'>\n\t\t\t\t<a href='https:\/\/www2.uepg.br\/lama\/lama-uepg-apoia-evento-sobre-bioenergia-do-2o-ano-de-agronomia\/imagem-3-24\/'><img width=\"705\" height=\"474\" src=\"https:\/\/www2.uepg.br\/lama\/wp-content\/uploads\/sites\/7\/2026\/04\/Imagem-3.jpg\" class=\"attachment-large size-large\" alt=\"\" loading=\"lazy\" aria-describedby=\"gallery-1-968\" srcset=\"https:\/\/www2.uepg.br\/lama\/wp-content\/uploads\/sites\/7\/2026\/04\/Imagem-3.jpg 705w, https:\/\/www2.uepg.br\/lama\/wp-content\/uploads\/sites\/7\/2026\/04\/Imagem-3-300x202.jpg 300w, https:\/\/www2.uepg.br\/lama\/wp-content\/uploads\/sites\/7\/2026\/04\/Imagem-3-272x182.jpg 272w\" sizes=\"(max-width: 705px) 100vw, 705px\" \/><\/a>\n\t\t\t<\/dt>\n\t\t\t\t<dd class='wp-caption-text gallery-caption' id='gallery-1-968'>\n\t\t\t\tEcofisiologia do milho (Profa. N\u00e1tali Maidl de Souza \u2013 IFC\/Araquari \u2013 SC).\n\t\t\t\t<\/dd><\/dl><dl class='gallery-item'>\n\t\t\t<dt class='gallery-icon landscape'>\n\t\t\t\t<a href='https:\/\/www2.uepg.br\/lama\/lama-uepg-apoia-evento-sobre-bioenergia-do-2o-ano-de-agronomia\/imagem-4-14\/'><img width=\"688\" height=\"495\" src=\"https:\/\/www2.uepg.br\/lama\/wp-content\/uploads\/sites\/7\/2026\/04\/Imagem-4.jpg\" class=\"attachment-large size-large\" alt=\"\" loading=\"lazy\" aria-describedby=\"gallery-1-969\" srcset=\"https:\/\/www2.uepg.br\/lama\/wp-content\/uploads\/sites\/7\/2026\/04\/Imagem-4.jpg 688w, https:\/\/www2.uepg.br\/lama\/wp-content\/uploads\/sites\/7\/2026\/04\/Imagem-4-300x216.jpg 300w\" sizes=\"(max-width: 688px) 100vw, 688px\" \/><\/a>\n\t\t\t<\/dt>\n\t\t\t\t<dd class='wp-caption-text gallery-caption' id='gallery-1-969'>\n\t\t\t\tQualidade do milho para etanol e biorefinaria (Fernando Souza e Pedro S\u00e1vio \u2013 FS Bioenergia).\n\t\t\t\t<\/dd><\/dl><br style=\"clear: both\" \/><dl class='gallery-item'>\n\t\t\t<dt class='gallery-icon landscape'>\n\t\t\t\t<a href='https:\/\/www2.uepg.br\/lama\/lama-uepg-apoia-evento-sobre-bioenergia-do-2o-ano-de-agronomia\/imagem-5-10\/'><img width=\"305\" height=\"187\" src=\"https:\/\/www2.uepg.br\/lama\/wp-content\/uploads\/sites\/7\/2026\/04\/Imagem-5.jpg\" class=\"attachment-large size-large\" alt=\"\" loading=\"lazy\" aria-describedby=\"gallery-1-970\" srcset=\"https:\/\/www2.uepg.br\/lama\/wp-content\/uploads\/sites\/7\/2026\/04\/Imagem-5.jpg 305w, https:\/\/www2.uepg.br\/lama\/wp-content\/uploads\/sites\/7\/2026\/04\/Imagem-5-300x184.jpg 300w\" sizes=\"(max-width: 305px) 100vw, 305px\" \/><\/a>\n\t\t\t<\/dt>\n\t\t\t\t<dd class='wp-caption-text gallery-caption' id='gallery-1-970'>\n\t\t\t\tProcessos de hidr\u00f3lise e fermenta\u00e7\u00e3o do milho (Leonardo Motta de Andrade \u2013 Novonesis).\n\t\t\t\t<\/dd><\/dl><dl class='gallery-item'>\n\t\t\t<dt class='gallery-icon landscape'>\n\t\t\t\t<a href='https:\/\/www2.uepg.br\/lama\/lama-uepg-apoia-evento-sobre-bioenergia-do-2o-ano-de-agronomia\/imagem-6-7\/'><img width=\"680\" height=\"500\" src=\"https:\/\/www2.uepg.br\/lama\/wp-content\/uploads\/sites\/7\/2026\/04\/Imagem-6.jpg\" class=\"attachment-large size-large\" alt=\"\" loading=\"lazy\" aria-describedby=\"gallery-1-971\" srcset=\"https:\/\/www2.uepg.br\/lama\/wp-content\/uploads\/sites\/7\/2026\/04\/Imagem-6.jpg 680w, https:\/\/www2.uepg.br\/lama\/wp-content\/uploads\/sites\/7\/2026\/04\/Imagem-6-300x221.jpg 300w\" sizes=\"(max-width: 680px) 100vw, 680px\" \/><\/a>\n\t\t\t<\/dt>\n\t\t\t\t<dd class='wp-caption-text gallery-caption' id='gallery-1-971'>\n\t\t\t\tMelhoramento gen\u00e9tico do milho para produ\u00e7\u00e3o de etanol (Jos\u00e9 Lindercio Matias Junior \u2013 Limagrain).\n\t\t\t\t<\/dd><\/dl><dl class='gallery-item'>\n\t\t\t<dt class='gallery-icon landscape'>\n\t\t\t\t<a href='https:\/\/www2.uepg.br\/lama\/lama-uepg-apoia-evento-sobre-bioenergia-do-2o-ano-de-agronomia\/imagem-7-5\/'><img width=\"686\" height=\"521\" src=\"https:\/\/www2.uepg.br\/lama\/wp-content\/uploads\/sites\/7\/2026\/04\/Imagem-7.jpg\" class=\"attachment-large size-large\" alt=\"\" loading=\"lazy\" aria-describedby=\"gallery-1-972\" srcset=\"https:\/\/www2.uepg.br\/lama\/wp-content\/uploads\/sites\/7\/2026\/04\/Imagem-7.jpg 686w, https:\/\/www2.uepg.br\/lama\/wp-content\/uploads\/sites\/7\/2026\/04\/Imagem-7-300x228.jpg 300w\" sizes=\"(max-width: 686px) 100vw, 686px\" \/><\/a>\n\t\t\t<\/dt>\n\t\t\t\t<dd class='wp-caption-text gallery-caption' id='gallery-1-972'>\n\t\t\t\tUso de etanol em motores agr\u00edcolas (Nilson Righi \u2013 CNH\/Case IH).\n\t\t\t\t<\/dd><\/dl><br style=\"clear: both\" \/><dl class='gallery-item'>\n\t\t\t<dt class='gallery-icon landscape'>\n\t\t\t\t<a href='https:\/\/www2.uepg.br\/lama\/lama-uepg-apoia-evento-sobre-bioenergia-do-2o-ano-de-agronomia\/imagem-8-2\/'><img width=\"690\" height=\"417\" src=\"https:\/\/www2.uepg.br\/lama\/wp-content\/uploads\/sites\/7\/2026\/04\/Imagem-8.jpg\" class=\"attachment-large size-large\" alt=\"\" loading=\"lazy\" aria-describedby=\"gallery-1-973\" srcset=\"https:\/\/www2.uepg.br\/lama\/wp-content\/uploads\/sites\/7\/2026\/04\/Imagem-8.jpg 690w, https:\/\/www2.uepg.br\/lama\/wp-content\/uploads\/sites\/7\/2026\/04\/Imagem-8-300x181.jpg 300w\" sizes=\"(max-width: 690px) 100vw, 690px\" \/><\/a>\n\t\t\t<\/dt>\n\t\t\t\t<dd class='wp-caption-text gallery-caption' id='gallery-1-973'>\n\t\t\t\tMercado do milho e o etanol (Claudio Kapp &#8211; Funda\u00e7\u00e3o ABC).\n\t\t\t\t<\/dd><\/dl><dl class='gallery-item'>\n\t\t\t<dt class='gallery-icon landscape'>\n\t\t\t\t<a href='https:\/\/www2.uepg.br\/lama\/lama-uepg-apoia-evento-sobre-bioenergia-do-2o-ano-de-agronomia\/imagem-9\/'><img width=\"301\" height=\"178\" src=\"https:\/\/www2.uepg.br\/lama\/wp-content\/uploads\/sites\/7\/2026\/04\/Imagem-9.jpg\" class=\"attachment-large size-large\" alt=\"\" loading=\"lazy\" aria-describedby=\"gallery-1-974\" \/><\/a>\n\t\t\t<\/dt>\n\t\t\t\t<dd class='wp-caption-text gallery-caption' id='gallery-1-974'>\n\t\t\t\tParticipantes do evento.\n\t\t\t\t<\/dd><\/dl>\n\t\t\t<br style='clear: both' \/>\n\t\t<\/div>\n\n<p>&nbsp;<\/p>\n","protected":false},"excerpt":{"rendered":"<p>O evento foi realizado no audit\u00f3rio do Centro Integrar da UEPG, por iniciativa dos Alunos de Mecaniza\u00e7\u00e3o Agr\u00edcola, segundo ano\/2025 do curso de Agronomia da UEPG. Intitulado 2\u00ba Encontro de Mecaniza\u00e7\u00e3o Sustent\u00e1vel, tendo como objetivo conhecer a cadeia do Etanol de Milho no Brasil. O evento contou com apoio do Laborat\u00f3rio de Mecaniza\u00e7\u00e3o Agr\u00edcola da&nbsp;&hellip;<\/p>\n","protected":false},"author":264,"featured_media":966,"comment_status":"closed","ping_status":"closed","sticky":false,"template":"","format":"standard","meta":[],"categories":[2],"tags":[],"_links":{"self":[{"href":"https:\/\/www2.uepg.br\/lama\/wp-json\/wp\/v2\/posts\/962"}],"collection":[{"href":"https:\/\/www2.uepg.br\/lama\/wp-json\/wp\/v2\/posts"}],"about":[{"href":"https:\/\/www2.uepg.br\/lama\/wp-json\/wp\/v2\/types\/post"}],"author":[{"embeddable":true,"href":"https:\/\/www2.uepg.br\/lama\/wp-json\/wp\/v2\/users\/264"}],"replies":[{"embeddable":true,"href":"https:\/\/www2.uepg.br\/lama\/wp-json\/wp\/v2\/comments?post=962"}],"version-history":[{"count":2,"href":"https:\/\/www2.uepg.br\/lama\/wp-json\/wp\/v2\/posts\/962\/revisions"}],"predecessor-version":[{"id":976,"href":"https:\/\/www2.uepg.br\/lama\/wp-json\/wp\/v2\/posts\/962\/revisions\/976"}],"wp:featuredmedia":[{"embeddable":true,"href":"https:\/\/www2.uepg.br\/lama\/wp-json\/wp\/v2\/media\/966"}],"wp:attachment":[{"href":"https:\/\/www2.uepg.br\/lama\/wp-json\/wp\/v2\/media?parent=962"}],"wp:term":[{"taxonomy":"category","embeddable":true,"href":"https:\/\/www2.uepg.br\/lama\/wp-json\/wp\/v2\/categories?post=962"},{"taxonomy":"post_tag","embeddable":true,"href":"https:\/\/www2.uepg.br\/lama\/wp-json\/wp\/v2\/tags?post=962"}],"curies":[{"name":"wp","href":"https:\/\/api.w.org\/{rel}","templated":true}]}}