{"id":980,"date":"2026-04-22T13:31:08","date_gmt":"2026-04-22T16:31:08","guid":{"rendered":"https:\/\/www2.uepg.br\/lama\/?p=980"},"modified":"2026-04-22T13:31:08","modified_gmt":"2026-04-22T16:31:08","slug":"lama-uepg-apresenta-trabalhos-para-graduandos-da-universite-du-quebec-en-outaouais","status":"publish","type":"post","link":"https:\/\/www2.uepg.br\/lama\/lama-uepg-apresenta-trabalhos-para-graduandos-da-universite-du-quebec-en-outaouais\/","title":{"rendered":"Lama\/UEPG apresenta trabalhos para graduandos da Universit\u00e9 du Qu\u00e9bec en Outaouais"},"content":{"rendered":"<p>No final de 2025, o Doutorando em Agronomia Jean-Fritz Milien, proferiu uma palestra para alunos de gradua\u00e7\u00e3o em Eng. Florestal sobre trabalhos realizados pelo Laborat\u00f3rio de Mecaniza\u00e7\u00e3o Agr\u00edcola da Universidade Estadual de Ponta Grossa (Lama\/UEPG).<\/p>\n<div id=\"attachment_982\" style=\"width: 424px\" class=\"wp-caption aligncenter\"><img aria-describedby=\"caption-attachment-982\" loading=\"lazy\" class=\"wp-image-982\" src=\"http:\/\/www2.uepg.br\/lama\/wp-content\/uploads\/sites\/7\/2026\/04\/Imagem-1-1-300x169.jpg\" alt=\"\" width=\"414\" height=\"233\" srcset=\"https:\/\/www2.uepg.br\/lama\/wp-content\/uploads\/sites\/7\/2026\/04\/Imagem-1-1-300x169.jpg 300w, https:\/\/www2.uepg.br\/lama\/wp-content\/uploads\/sites\/7\/2026\/04\/Imagem-1-1-1024x576.jpg 1024w, https:\/\/www2.uepg.br\/lama\/wp-content\/uploads\/sites\/7\/2026\/04\/Imagem-1-1-768x432.jpg 768w, https:\/\/www2.uepg.br\/lama\/wp-content\/uploads\/sites\/7\/2026\/04\/Imagem-1-1.jpg 1092w\" sizes=\"(max-width: 414px) 100vw, 414px\" \/><p id=\"caption-attachment-982\" class=\"wp-caption-text\">Jean-Fritz e estudantes em Engenharia Florestal da Universit\u00e9 du Qu\u00e9bec en Outaouais.<\/p><\/div>\n<p>Jean-Fritz falou sobre os trabalhos que o laborat\u00f3rio realiza junto a agricultura camponesa no Haiti e no Brasil, com \u00eanfase em Sistemas Agroflorestais, tema na qual a <em>Universit\u00e9 du Qu\u00e9bec en Outaouais<\/em>, localizada em Otawa, Canad\u00e1, \u00e9 refer\u00eancia mundial.<\/p>\n<div id=\"attachment_983\" style=\"width: 377px\" class=\"wp-caption aligncenter\"><img aria-describedby=\"caption-attachment-983\" loading=\"lazy\" class=\"wp-image-983\" src=\"http:\/\/www2.uepg.br\/lama\/wp-content\/uploads\/sites\/7\/2026\/04\/Imagem-2-1-281x300.jpg\" alt=\"\" width=\"367\" height=\"392\" srcset=\"https:\/\/www2.uepg.br\/lama\/wp-content\/uploads\/sites\/7\/2026\/04\/Imagem-2-1-281x300.jpg 281w, https:\/\/www2.uepg.br\/lama\/wp-content\/uploads\/sites\/7\/2026\/04\/Imagem-2-1-768x821.jpg 768w, https:\/\/www2.uepg.br\/lama\/wp-content\/uploads\/sites\/7\/2026\/04\/Imagem-2-1.jpg 857w\" sizes=\"(max-width: 367px) 100vw, 367px\" \/><p id=\"caption-attachment-983\" class=\"wp-caption-text\">Jean-Fritz entregando c\u00f3pia de publica\u00e7\u00e3o do Lama\/UEPG para Prof. David Rivest, do Instituto de Pesquisas em Florestas Temperadas da Universit\u00e9 du Qu\u00e9bec en Outaouais.<\/p><\/div>\n<div id=\"attachment_984\" style=\"width: 380px\" class=\"wp-caption aligncenter\"><img aria-describedby=\"caption-attachment-984\" loading=\"lazy\" class=\"wp-image-984\" src=\"http:\/\/www2.uepg.br\/lama\/wp-content\/uploads\/sites\/7\/2026\/04\/Imagem-3-1-300x169.jpg\" alt=\"\" width=\"370\" height=\"208\" srcset=\"https:\/\/www2.uepg.br\/lama\/wp-content\/uploads\/sites\/7\/2026\/04\/Imagem-3-1-300x169.jpg 300w, https:\/\/www2.uepg.br\/lama\/wp-content\/uploads\/sites\/7\/2026\/04\/Imagem-3-1-768x432.jpg 768w, https:\/\/www2.uepg.br\/lama\/wp-content\/uploads\/sites\/7\/2026\/04\/Imagem-3-1.jpg 990w\" sizes=\"(max-width: 370px) 100vw, 370px\" \/><p id=\"caption-attachment-984\" class=\"wp-caption-text\">Jean Fritz na Universit\u00e9 du Qu\u00e9bec en Outaouais.<\/p><\/div>\n<p>&nbsp;<\/p>\n","protected":false},"excerpt":{"rendered":"<p>No final de 2025, o Doutorando em Agronomia Jean-Fritz Milien, proferiu uma palestra para alunos de gradua\u00e7\u00e3o em Eng. Florestal sobre trabalhos realizados pelo Laborat\u00f3rio de Mecaniza\u00e7\u00e3o Agr\u00edcola da Universidade Estadual de Ponta Grossa (Lama\/UEPG). Jean-Fritz falou sobre os trabalhos que o laborat\u00f3rio realiza junto a agricultura camponesa no Haiti e no Brasil, com \u00eanfase&nbsp;&hellip;<\/p>\n","protected":false},"author":264,"featured_media":981,"comment_status":"closed","ping_status":"closed","sticky":false,"template":"","format":"standard","meta":[],"categories":[2],"tags":[],"_links":{"self":[{"href":"https:\/\/www2.uepg.br\/lama\/wp-json\/wp\/v2\/posts\/980"}],"collection":[{"href":"https:\/\/www2.uepg.br\/lama\/wp-json\/wp\/v2\/posts"}],"about":[{"href":"https:\/\/www2.uepg.br\/lama\/wp-json\/wp\/v2\/types\/post"}],"author":[{"embeddable":true,"href":"https:\/\/www2.uepg.br\/lama\/wp-json\/wp\/v2\/users\/264"}],"replies":[{"embeddable":true,"href":"https:\/\/www2.uepg.br\/lama\/wp-json\/wp\/v2\/comments?post=980"}],"version-history":[{"count":1,"href":"https:\/\/www2.uepg.br\/lama\/wp-json\/wp\/v2\/posts\/980\/revisions"}],"predecessor-version":[{"id":985,"href":"https:\/\/www2.uepg.br\/lama\/wp-json\/wp\/v2\/posts\/980\/revisions\/985"}],"wp:featuredmedia":[{"embeddable":true,"href":"https:\/\/www2.uepg.br\/lama\/wp-json\/wp\/v2\/media\/981"}],"wp:attachment":[{"href":"https:\/\/www2.uepg.br\/lama\/wp-json\/wp\/v2\/media?parent=980"}],"wp:term":[{"taxonomy":"category","embeddable":true,"href":"https:\/\/www2.uepg.br\/lama\/wp-json\/wp\/v2\/categories?post=980"},{"taxonomy":"post_tag","embeddable":true,"href":"https:\/\/www2.uepg.br\/lama\/wp-json\/wp\/v2\/tags?post=980"}],"curies":[{"name":"wp","href":"https:\/\/api.w.org\/{rel}","templated":true}]}}