{"id":986,"date":"2026-04-24T11:49:18","date_gmt":"2026-04-24T14:49:18","guid":{"rendered":"https:\/\/www2.uepg.br\/lama\/?p=986"},"modified":"2026-04-24T11:49:18","modified_gmt":"2026-04-24T14:49:18","slug":"lama-uepg-parabeniza-o-engenheiro-agronomo-anderson-farias-pela-100a-protecao-de-fonte-realizada","status":"publish","type":"post","link":"https:\/\/www2.uepg.br\/lama\/lama-uepg-parabeniza-o-engenheiro-agronomo-anderson-farias-pela-100a-protecao-de-fonte-realizada\/","title":{"rendered":"Lama\/UEPG parabeniza o Engenheiro Agr\u00f4nomo Anderson Farias pela 100\u00aa prote\u00e7\u00e3o de fonte realizada"},"content":{"rendered":"<p>O Engenheiro Agr\u00f4nomo Anderson Farias, formado pela UEPG, com Mestrado e Doutorado em Bioenergia pela UEPG e t\u00e9cnico na Secretaria de Agricultura de Ortigueira, Paran\u00e1, tem sua vida acad\u00eamica e tecnol\u00f3gica baseada no framework, estudado, planejado e praticado pelo Laborat\u00f3rio de Mecaniza\u00e7\u00e3o Agr\u00edcola da Universidade Estadual de Ponta Grossa (Lama\/UEPG). Com v\u00e1rias parcerias e em v\u00e1rios munic\u00edpios dos Campos Gerais, o Eng. Agr. Anderson, completou em abril de 2026 sua 100\u00aa prote\u00e7\u00e3o de fontes.<\/p>\n\n\t\t<style type=\"text\/css\">\n\t\t\t#gallery-1 {\n\t\t\t\tmargin: auto;\n\t\t\t}\n\t\t\t#gallery-1 .gallery-item {\n\t\t\t\tfloat: left;\n\t\t\t\tmargin-top: 10px;\n\t\t\t\ttext-align: center;\n\t\t\t\twidth: 100%;\n\t\t\t}\n\t\t\t#gallery-1 img {\n\t\t\t\tborder: 2px solid #cfcfcf;\n\t\t\t}\n\t\t\t#gallery-1 .gallery-caption {\n\t\t\t\tmargin-left: 0;\n\t\t\t}\n\t\t\t\/* see gallery_shortcode() in wp-includes\/media.php *\/\n\t\t<\/style>\n\t\t<div id='gallery-1' class='gallery galleryid-986 gallery-columns-1 gallery-size-medium'><dl class='gallery-item'>\n\t\t\t<dt class='gallery-icon landscape'>\n\t\t\t\t<a href='https:\/\/www2.uepg.br\/lama\/lama-uepg-parabeniza-o-engenheiro-agronomo-anderson-farias-pela-100a-protecao-de-fonte-realizada\/imagem-2-26\/'><img width=\"300\" height=\"199\" src=\"https:\/\/www2.uepg.br\/lama\/wp-content\/uploads\/sites\/7\/2026\/04\/Imagem-2-2-300x199.jpg\" class=\"attachment-medium size-medium\" alt=\"\" loading=\"lazy\" srcset=\"https:\/\/www2.uepg.br\/lama\/wp-content\/uploads\/sites\/7\/2026\/04\/Imagem-2-2-300x199.jpg 300w, https:\/\/www2.uepg.br\/lama\/wp-content\/uploads\/sites\/7\/2026\/04\/Imagem-2-2-768x509.jpg 768w, https:\/\/www2.uepg.br\/lama\/wp-content\/uploads\/sites\/7\/2026\/04\/Imagem-2-2.jpg 946w\" sizes=\"(max-width: 300px) 100vw, 300px\" \/><\/a>\n\t\t\t<\/dt><\/dl><br style=\"clear: both\" \/><dl class='gallery-item'>\n\t\t\t<dt class='gallery-icon landscape'>\n\t\t\t\t<a href='https:\/\/www2.uepg.br\/lama\/lama-uepg-parabeniza-o-engenheiro-agronomo-anderson-farias-pela-100a-protecao-de-fonte-realizada\/imagem-3-26\/'><img width=\"300\" height=\"183\" src=\"https:\/\/www2.uepg.br\/lama\/wp-content\/uploads\/sites\/7\/2026\/04\/Imagem-3-2-300x183.jpg\" class=\"attachment-medium size-medium\" alt=\"\" loading=\"lazy\" srcset=\"https:\/\/www2.uepg.br\/lama\/wp-content\/uploads\/sites\/7\/2026\/04\/Imagem-3-2-300x183.jpg 300w, https:\/\/www2.uepg.br\/lama\/wp-content\/uploads\/sites\/7\/2026\/04\/Imagem-3-2-768x469.jpg 768w, https:\/\/www2.uepg.br\/lama\/wp-content\/uploads\/sites\/7\/2026\/04\/Imagem-3-2.jpg 944w\" sizes=\"(max-width: 300px) 100vw, 300px\" \/><\/a>\n\t\t\t<\/dt><\/dl><br style=\"clear: both\" \/>\n\t\t<\/div>\n\n<p>Entre as a\u00e7\u00f5es de extens\u00e3o rural junto a agricultura camponesa regional, a premissa b\u00e1sica \u00e9 a conserva\u00e7\u00e3o de solo e \u00e1gua. Quando se fala em \u00e1gua, t\u00e9cnicas como prote\u00e7\u00e3o de nascentes, bacias de evapotranspira\u00e7\u00e3o, c\u00edrculo das bananeiras, entre outras, s\u00e3o t\u00e9cnicas frugais, que deveriam ser pol\u00edticas p\u00fablicas obrigat\u00f3rias em todos os n\u00edveis do estado brasileiro.<\/p>\n<p>O prof. Pedro Henrique Weirich Neto (Lama\/UEPG) comenta que \u201cuma pessoa que queira fazer \u00e9 muito mais \u00fatil para o coletivo, que empresas oficiais que deveriam ter como objetivo o comentado, ou que empresa estatal que distribui milh\u00f5es, mas em reuni\u00f5es com grupos de interesse moment\u00e2neo, sem estabelecer qualquer crit\u00e9rio t\u00e9cnico. Devemos lembrar que estamos falando de \u00e1gua\u201d.<\/p>\n\n\t\t<style type=\"text\/css\">\n\t\t\t#gallery-2 {\n\t\t\t\tmargin: auto;\n\t\t\t}\n\t\t\t#gallery-2 .gallery-item {\n\t\t\t\tfloat: left;\n\t\t\t\tmargin-top: 10px;\n\t\t\t\ttext-align: center;\n\t\t\t\twidth: 100%;\n\t\t\t}\n\t\t\t#gallery-2 img {\n\t\t\t\tborder: 2px solid #cfcfcf;\n\t\t\t}\n\t\t\t#gallery-2 .gallery-caption {\n\t\t\t\tmargin-left: 0;\n\t\t\t}\n\t\t\t\/* see gallery_shortcode() in wp-includes\/media.php *\/\n\t\t<\/style>\n\t\t<div id='gallery-2' class='gallery galleryid-986 gallery-columns-1 gallery-size-medium'><dl class='gallery-item'>\n\t\t\t<dt class='gallery-icon landscape'>\n\t\t\t\t<a href='https:\/\/www2.uepg.br\/lama\/lama-uepg-parabeniza-o-engenheiro-agronomo-anderson-farias-pela-100a-protecao-de-fonte-realizada\/imagem-4-15\/'><img width=\"300\" height=\"196\" src=\"https:\/\/www2.uepg.br\/lama\/wp-content\/uploads\/sites\/7\/2026\/04\/Imagem-4-1-300x196.jpg\" class=\"attachment-medium size-medium\" alt=\"\" loading=\"lazy\" srcset=\"https:\/\/www2.uepg.br\/lama\/wp-content\/uploads\/sites\/7\/2026\/04\/Imagem-4-1-300x196.jpg 300w, https:\/\/www2.uepg.br\/lama\/wp-content\/uploads\/sites\/7\/2026\/04\/Imagem-4-1-768x503.jpg 768w, https:\/\/www2.uepg.br\/lama\/wp-content\/uploads\/sites\/7\/2026\/04\/Imagem-4-1.jpg 907w\" sizes=\"(max-width: 300px) 100vw, 300px\" \/><\/a>\n\t\t\t<\/dt><\/dl><br style=\"clear: both\" \/><dl class='gallery-item'>\n\t\t\t<dt class='gallery-icon landscape'>\n\t\t\t\t<a href='https:\/\/www2.uepg.br\/lama\/lama-uepg-parabeniza-o-engenheiro-agronomo-anderson-farias-pela-100a-protecao-de-fonte-realizada\/imagem-6-8\/'><img width=\"300\" height=\"191\" src=\"https:\/\/www2.uepg.br\/lama\/wp-content\/uploads\/sites\/7\/2026\/04\/Imagem-6-1-300x191.jpg\" class=\"attachment-medium size-medium\" alt=\"\" loading=\"lazy\" srcset=\"https:\/\/www2.uepg.br\/lama\/wp-content\/uploads\/sites\/7\/2026\/04\/Imagem-6-1-300x191.jpg 300w, https:\/\/www2.uepg.br\/lama\/wp-content\/uploads\/sites\/7\/2026\/04\/Imagem-6-1-768x489.jpg 768w, https:\/\/www2.uepg.br\/lama\/wp-content\/uploads\/sites\/7\/2026\/04\/Imagem-6-1.jpg 953w\" sizes=\"(max-width: 300px) 100vw, 300px\" \/><\/a>\n\t\t\t<\/dt><\/dl><br style=\"clear: both\" \/>\n\t\t<\/div>\n\n","protected":false},"excerpt":{"rendered":"<p>O Engenheiro Agr\u00f4nomo Anderson Farias, formado pela UEPG, com Mestrado e Doutorado em Bioenergia pela UEPG e t\u00e9cnico na Secretaria de Agricultura de Ortigueira, Paran\u00e1, tem sua vida acad\u00eamica e tecnol\u00f3gica baseada no framework, estudado, planejado e praticado pelo Laborat\u00f3rio de Mecaniza\u00e7\u00e3o Agr\u00edcola da Universidade Estadual de Ponta Grossa (Lama\/UEPG). Com v\u00e1rias parcerias e em&nbsp;&hellip;<\/p>\n","protected":false},"author":264,"featured_media":987,"comment_status":"closed","ping_status":"closed","sticky":false,"template":"","format":"standard","meta":[],"categories":[2],"tags":[],"_links":{"self":[{"href":"https:\/\/www2.uepg.br\/lama\/wp-json\/wp\/v2\/posts\/986"}],"collection":[{"href":"https:\/\/www2.uepg.br\/lama\/wp-json\/wp\/v2\/posts"}],"about":[{"href":"https:\/\/www2.uepg.br\/lama\/wp-json\/wp\/v2\/types\/post"}],"author":[{"embeddable":true,"href":"https:\/\/www2.uepg.br\/lama\/wp-json\/wp\/v2\/users\/264"}],"replies":[{"embeddable":true,"href":"https:\/\/www2.uepg.br\/lama\/wp-json\/wp\/v2\/comments?post=986"}],"version-history":[{"count":1,"href":"https:\/\/www2.uepg.br\/lama\/wp-json\/wp\/v2\/posts\/986\/revisions"}],"predecessor-version":[{"id":993,"href":"https:\/\/www2.uepg.br\/lama\/wp-json\/wp\/v2\/posts\/986\/revisions\/993"}],"wp:featuredmedia":[{"embeddable":true,"href":"https:\/\/www2.uepg.br\/lama\/wp-json\/wp\/v2\/media\/987"}],"wp:attachment":[{"href":"https:\/\/www2.uepg.br\/lama\/wp-json\/wp\/v2\/media?parent=986"}],"wp:term":[{"taxonomy":"category","embeddable":true,"href":"https:\/\/www2.uepg.br\/lama\/wp-json\/wp\/v2\/categories?post=986"},{"taxonomy":"post_tag","embeddable":true,"href":"https:\/\/www2.uepg.br\/lama\/wp-json\/wp\/v2\/tags?post=986"}],"curies":[{"name":"wp","href":"https:\/\/api.w.org\/{rel}","templated":true}]}}