{"id":994,"date":"2026-04-24T11:56:28","date_gmt":"2026-04-24T14:56:28","guid":{"rendered":"https:\/\/www2.uepg.br\/lama\/?p=994"},"modified":"2026-04-27T10:29:10","modified_gmt":"2026-04-27T13:29:10","slug":"lama-uepg-recebe-a-vista-de-professor-da-escola-rural-na-espanha","status":"publish","type":"post","link":"https:\/\/www2.uepg.br\/lama\/lama-uepg-recebe-a-vista-de-professor-da-escola-rural-na-espanha\/","title":{"rendered":"Lama\/UEPG recebe a vista de Professor da Escola Rural na Espanha"},"content":{"rendered":"<p>O Laborat\u00f3rio de Mecaniza\u00e7\u00e3o Agr\u00edcola da Universidade Estadual de Ponta Grossa (Lama\/UEPG) recebeu a vista do Pedagogo, Professor de Escola Rural e Campon\u00eas espanhol (produtor de oliveiras e azeite de oliva), Tobalo Crist\u00f3bal. \u00a0Ele atualmente coordena projeto, premiado, do Governo Espanhol, denominado Extiercol, com experi\u00eancias em Terras Coletivas, onde a produ\u00e7\u00e3o \u00e9 comercializada com restaurantes e todos os subprodutos do processo retornam para compostagem e reutiliza\u00e7\u00e3o no solo.<\/p>\n\n\t\t<style type=\"text\/css\">\n\t\t\t#gallery-1 {\n\t\t\t\tmargin: auto;\n\t\t\t}\n\t\t\t#gallery-1 .gallery-item {\n\t\t\t\tfloat: left;\n\t\t\t\tmargin-top: 10px;\n\t\t\t\ttext-align: center;\n\t\t\t\twidth: 100%;\n\t\t\t}\n\t\t\t#gallery-1 img {\n\t\t\t\tborder: 2px solid #cfcfcf;\n\t\t\t}\n\t\t\t#gallery-1 .gallery-caption {\n\t\t\t\tmargin-left: 0;\n\t\t\t}\n\t\t\t\/* see gallery_shortcode() in wp-includes\/media.php *\/\n\t\t<\/style>\n\t\t<div id='gallery-1' class='gallery galleryid-994 gallery-columns-1 gallery-size-medium'><dl class='gallery-item'>\n\t\t\t<dt class='gallery-icon landscape'>\n\t\t\t\t<a href='https:\/\/www2.uepg.br\/lama\/lama-uepg-recebe-a-vista-de-professor-da-escola-rural-na-espanha\/imagem-1-28\/'><img width=\"300\" height=\"186\" src=\"https:\/\/www2.uepg.br\/lama\/wp-content\/uploads\/sites\/7\/2026\/04\/Imagem-1-2-300x186.jpg\" class=\"attachment-medium size-medium\" alt=\"\" loading=\"lazy\" aria-describedby=\"gallery-1-995\" srcset=\"https:\/\/www2.uepg.br\/lama\/wp-content\/uploads\/sites\/7\/2026\/04\/Imagem-1-2-300x186.jpg 300w, https:\/\/www2.uepg.br\/lama\/wp-content\/uploads\/sites\/7\/2026\/04\/Imagem-1-2.jpg 360w\" sizes=\"(max-width: 300px) 100vw, 300px\" \/><\/a>\n\t\t\t<\/dt>\n\t\t\t\t<dd class='wp-caption-text gallery-caption' id='gallery-1-995'>\n\t\t\t\tReuni\u00e3o para troca de experi\u00eancias no Lama\/UEPG.\n\t\t\t\t<\/dd><\/dl><br style=\"clear: both\" \/><dl class='gallery-item'>\n\t\t\t<dt class='gallery-icon landscape'>\n\t\t\t\t<a href='https:\/\/www2.uepg.br\/lama\/lama-uepg-recebe-a-vista-de-professor-da-escola-rural-na-espanha\/imagem-2-27\/'><img width=\"300\" height=\"181\" src=\"https:\/\/www2.uepg.br\/lama\/wp-content\/uploads\/sites\/7\/2026\/04\/Imagem-2-3-300x181.jpg\" class=\"attachment-medium size-medium\" alt=\"\" loading=\"lazy\" aria-describedby=\"gallery-1-996\" srcset=\"https:\/\/www2.uepg.br\/lama\/wp-content\/uploads\/sites\/7\/2026\/04\/Imagem-2-3-300x181.jpg 300w, https:\/\/www2.uepg.br\/lama\/wp-content\/uploads\/sites\/7\/2026\/04\/Imagem-2-3-768x462.jpg 768w, https:\/\/www2.uepg.br\/lama\/wp-content\/uploads\/sites\/7\/2026\/04\/Imagem-2-3.jpg 844w\" sizes=\"(max-width: 300px) 100vw, 300px\" \/><\/a>\n\t\t\t<\/dt>\n\t\t\t\t<dd class='wp-caption-text gallery-caption' id='gallery-1-996'>\n\t\t\t\tVisita ao Espa\u00e7o Agroecol\u00f3gico na Fazenda Escola da UEPG.\n\t\t\t\t<\/dd><\/dl><br style=\"clear: both\" \/><dl class='gallery-item'>\n\t\t\t<dt class='gallery-icon landscape'>\n\t\t\t\t<a href='https:\/\/www2.uepg.br\/lama\/lama-uepg-recebe-a-vista-de-professor-da-escola-rural-na-espanha\/imagem-3-27\/'><img width=\"300\" height=\"160\" src=\"https:\/\/www2.uepg.br\/lama\/wp-content\/uploads\/sites\/7\/2026\/04\/Imagem-3-3-300x160.jpg\" class=\"attachment-medium size-medium\" alt=\"\" loading=\"lazy\" aria-describedby=\"gallery-1-997\" srcset=\"https:\/\/www2.uepg.br\/lama\/wp-content\/uploads\/sites\/7\/2026\/04\/Imagem-3-3-300x160.jpg 300w, https:\/\/www2.uepg.br\/lama\/wp-content\/uploads\/sites\/7\/2026\/04\/Imagem-3-3-768x411.jpg 768w, https:\/\/www2.uepg.br\/lama\/wp-content\/uploads\/sites\/7\/2026\/04\/Imagem-3-3.jpg 883w\" sizes=\"(max-width: 300px) 100vw, 300px\" \/><\/a>\n\t\t\t<\/dt>\n\t\t\t\t<dd class='wp-caption-text gallery-caption' id='gallery-1-997'>\n\t\t\t\tVisita ao Sistema Agroflorestal na Fazenda Escola da UEPG.\n\t\t\t\t<\/dd><\/dl><br style=\"clear: both\" \/>\n\t\t<\/div>\n\n<p>O prof. Jo\u00e3o Dremiski (IFPR e Doutorando em Agronomia\/UEPG), comentou que \u201ctive o prazer de conhecer o prof. Crist\u00f3bal, a Escola Rural e a experi\u00eancia do Extiercol em Cuevas del Becerro, Espanha e temos muitas experi\u00eancias para trocar\u201d. O prof. Jo\u00e3o montou roteiro de experi\u00eancias rurais camponesas e coletivas nos Campos Gerias e acompanhou o prof. Crist\u00f3bal pela regi\u00e3o.<\/p>\n\n\t\t<style type=\"text\/css\">\n\t\t\t#gallery-2 {\n\t\t\t\tmargin: auto;\n\t\t\t}\n\t\t\t#gallery-2 .gallery-item {\n\t\t\t\tfloat: left;\n\t\t\t\tmargin-top: 10px;\n\t\t\t\ttext-align: center;\n\t\t\t\twidth: 100%;\n\t\t\t}\n\t\t\t#gallery-2 img {\n\t\t\t\tborder: 2px solid #cfcfcf;\n\t\t\t}\n\t\t\t#gallery-2 .gallery-caption {\n\t\t\t\tmargin-left: 0;\n\t\t\t}\n\t\t\t\/* see gallery_shortcode() in wp-includes\/media.php *\/\n\t\t<\/style>\n\t\t<div id='gallery-2' class='gallery galleryid-994 gallery-columns-1 gallery-size-medium'><dl class='gallery-item'>\n\t\t\t<dt class='gallery-icon landscape'>\n\t\t\t\t<a href='https:\/\/www2.uepg.br\/lama\/lama-uepg-recebe-a-vista-de-professor-da-escola-rural-na-espanha\/imagem-4-16\/'><img width=\"300\" height=\"160\" src=\"https:\/\/www2.uepg.br\/lama\/wp-content\/uploads\/sites\/7\/2026\/04\/Imagem-4-2-300x160.jpg\" class=\"attachment-medium size-medium\" alt=\"\" loading=\"lazy\" aria-describedby=\"gallery-2-998\" srcset=\"https:\/\/www2.uepg.br\/lama\/wp-content\/uploads\/sites\/7\/2026\/04\/Imagem-4-2-300x160.jpg 300w, https:\/\/www2.uepg.br\/lama\/wp-content\/uploads\/sites\/7\/2026\/04\/Imagem-4-2-768x411.jpg 768w, https:\/\/www2.uepg.br\/lama\/wp-content\/uploads\/sites\/7\/2026\/04\/Imagem-4-2.jpg 877w\" sizes=\"(max-width: 300px) 100vw, 300px\" \/><\/a>\n\t\t\t<\/dt>\n\t\t\t\t<dd class='wp-caption-text gallery-caption' id='gallery-2-998'>\n\t\t\t\tVisita a Escola Latino Americana de Agroecologia, Lapa, Paran\u00e1.\n\t\t\t\t<\/dd><\/dl><br style=\"clear: both\" \/><dl class='gallery-item'>\n\t\t\t<dt class='gallery-icon landscape'>\n\t\t\t\t<a href='https:\/\/www2.uepg.br\/lama\/lama-uepg-recebe-a-vista-de-professor-da-escola-rural-na-espanha\/imagem-5-13\/'><img width=\"300\" height=\"177\" src=\"https:\/\/www2.uepg.br\/lama\/wp-content\/uploads\/sites\/7\/2026\/04\/Imagem-5-2-300x177.jpg\" class=\"attachment-medium size-medium\" alt=\"\" loading=\"lazy\" aria-describedby=\"gallery-2-999\" srcset=\"https:\/\/www2.uepg.br\/lama\/wp-content\/uploads\/sites\/7\/2026\/04\/Imagem-5-2-300x177.jpg 300w, https:\/\/www2.uepg.br\/lama\/wp-content\/uploads\/sites\/7\/2026\/04\/Imagem-5-2.jpg 385w\" sizes=\"(max-width: 300px) 100vw, 300px\" \/><\/a>\n\t\t\t<\/dt>\n\t\t\t\t<dd class='wp-caption-text gallery-caption' id='gallery-2-999'>\n\t\t\t\tVisita a Casa da Semente em Mandirituba, Paran\u00e1.\n\t\t\t\t<\/dd><\/dl><br style=\"clear: both\" \/>\n\t\t<\/div>\n\n","protected":false},"excerpt":{"rendered":"<p>O Laborat\u00f3rio de Mecaniza\u00e7\u00e3o Agr\u00edcola da Universidade Estadual de Ponta Grossa (Lama\/UEPG) recebeu a vista do Pedagogo, Professor de Escola Rural e Campon\u00eas espanhol (produtor de oliveiras e azeite de oliva), Tobalo Crist\u00f3bal. \u00a0Ele atualmente coordena projeto, premiado, do Governo Espanhol, denominado Extiercol, com experi\u00eancias em Terras Coletivas, onde a produ\u00e7\u00e3o \u00e9 comercializada com restaurantes&nbsp;&hellip;<\/p>\n","protected":false},"author":264,"featured_media":995,"comment_status":"closed","ping_status":"closed","sticky":false,"template":"","format":"standard","meta":[],"categories":[2],"tags":[],"_links":{"self":[{"href":"https:\/\/www2.uepg.br\/lama\/wp-json\/wp\/v2\/posts\/994"}],"collection":[{"href":"https:\/\/www2.uepg.br\/lama\/wp-json\/wp\/v2\/posts"}],"about":[{"href":"https:\/\/www2.uepg.br\/lama\/wp-json\/wp\/v2\/types\/post"}],"author":[{"embeddable":true,"href":"https:\/\/www2.uepg.br\/lama\/wp-json\/wp\/v2\/users\/264"}],"replies":[{"embeddable":true,"href":"https:\/\/www2.uepg.br\/lama\/wp-json\/wp\/v2\/comments?post=994"}],"version-history":[{"count":1,"href":"https:\/\/www2.uepg.br\/lama\/wp-json\/wp\/v2\/posts\/994\/revisions"}],"predecessor-version":[{"id":1000,"href":"https:\/\/www2.uepg.br\/lama\/wp-json\/wp\/v2\/posts\/994\/revisions\/1000"}],"wp:featuredmedia":[{"embeddable":true,"href":"https:\/\/www2.uepg.br\/lama\/wp-json\/wp\/v2\/media\/995"}],"wp:attachment":[{"href":"https:\/\/www2.uepg.br\/lama\/wp-json\/wp\/v2\/media?parent=994"}],"wp:term":[{"taxonomy":"category","embeddable":true,"href":"https:\/\/www2.uepg.br\/lama\/wp-json\/wp\/v2\/categories?post=994"},{"taxonomy":"post_tag","embeddable":true,"href":"https:\/\/www2.uepg.br\/lama\/wp-json\/wp\/v2\/tags?post=994"}],"curies":[{"name":"wp","href":"https:\/\/api.w.org\/{rel}","templated":true}]}}