{"id":391,"date":"2020-06-01T11:27:57","date_gmt":"2020-06-01T14:27:57","guid":{"rendered":"http:\/\/www2.uepg.br\/licenciatura-artes-visuais\/?p=391"},"modified":"2021-03-09T14:28:56","modified_gmt":"2021-03-09T17:28:56","slug":"a-graduacao-em-artes-visuais-da-uepg-e-a-pandemia-crise-e-retomada-na-formacao-academica","status":"publish","type":"post","link":"https:\/\/www2.uepg.br\/licenciatura-artes-visuais\/a-graduacao-em-artes-visuais-da-uepg-e-a-pandemia-crise-e-retomada-na-formacao-academica\/","title":{"rendered":"A GRADUA\u00c7\u00c3O EM ARTES VISUAIS DA UEPG E A PANDEMIA: CRISE E RETOMADA NA FORMA\u00c7\u00c3O ACAD\u00caMICA"},"content":{"rendered":"<p>O Colegiado de Artes Visuais da UEPG convida todos seus acad\u00eamicos de Licenciatura em Artes Visuais para juntos iniciarmos o processo de transi\u00e7\u00e3o. Teremos uma mesa redonda (virtual- google meet), com os professores representantes: Profa Sandra Borsoi, representando o 1\u00ba ano, o Prof Renato Torres representando o 2\u00ba ano, a Prof Josie Agatha Parrilha da Silva, representando o 3\u00ba ano e a Profa Ana Luiza Ruschel Nunes, representando o 4\u00ba ano, com os mediadores Prof Nelson Silva Junior e a Profa Adriana Rodrigues Suarez para discutirmos sobre o momento que estamos vivendo. Contamos com a presen\u00e7a de todos, para juntos fortalecemos o processo que se inicia.<\/p>\n<p>Abra\u00e7o<\/p>\n","protected":false},"excerpt":{"rendered":"<p>O Colegiado de Artes Visuais da UEPG convida todos seus acad\u00eamicos de Licenciatura em Artes Visuais para juntos iniciarmos o processo de transi\u00e7\u00e3o. Teremos uma mesa redonda (virtual- google meet), com os professores representantes: Profa Sandra Borsoi, representando o 1\u00ba ano, o Prof Renato Torres representando o 2\u00ba ano, a Prof Josie Agatha Parrilha da&nbsp;&hellip;<\/p>\n","protected":false},"author":151,"featured_media":396,"comment_status":"closed","ping_status":"open","sticky":false,"template":"","format":"standard","meta":[],"categories":[12],"tags":[],"_links":{"self":[{"href":"https:\/\/www2.uepg.br\/licenciatura-artes-visuais\/wp-json\/wp\/v2\/posts\/391"}],"collection":[{"href":"https:\/\/www2.uepg.br\/licenciatura-artes-visuais\/wp-json\/wp\/v2\/posts"}],"about":[{"href":"https:\/\/www2.uepg.br\/licenciatura-artes-visuais\/wp-json\/wp\/v2\/types\/post"}],"author":[{"embeddable":true,"href":"https:\/\/www2.uepg.br\/licenciatura-artes-visuais\/wp-json\/wp\/v2\/users\/151"}],"replies":[{"embeddable":true,"href":"https:\/\/www2.uepg.br\/licenciatura-artes-visuais\/wp-json\/wp\/v2\/comments?post=391"}],"version-history":[{"count":3,"href":"https:\/\/www2.uepg.br\/licenciatura-artes-visuais\/wp-json\/wp\/v2\/posts\/391\/revisions"}],"predecessor-version":[{"id":404,"href":"https:\/\/www2.uepg.br\/licenciatura-artes-visuais\/wp-json\/wp\/v2\/posts\/391\/revisions\/404"}],"wp:featuredmedia":[{"embeddable":true,"href":"https:\/\/www2.uepg.br\/licenciatura-artes-visuais\/wp-json\/wp\/v2\/media\/396"}],"wp:attachment":[{"href":"https:\/\/www2.uepg.br\/licenciatura-artes-visuais\/wp-json\/wp\/v2\/media?parent=391"}],"wp:term":[{"taxonomy":"category","embeddable":true,"href":"https:\/\/www2.uepg.br\/licenciatura-artes-visuais\/wp-json\/wp\/v2\/categories?post=391"},{"taxonomy":"post_tag","embeddable":true,"href":"https:\/\/www2.uepg.br\/licenciatura-artes-visuais\/wp-json\/wp\/v2\/tags?post=391"}],"curies":[{"name":"wp","href":"https:\/\/api.w.org\/{rel}","templated":true}]}}