{"id":412,"date":"2020-06-16T12:39:09","date_gmt":"2020-06-16T15:39:09","guid":{"rendered":"http:\/\/www2.uepg.br\/licenciatura-artes-visuais\/?p=412"},"modified":"2021-03-09T14:28:55","modified_gmt":"2021-03-09T17:28:55","slug":"dialogartes-lives","status":"publish","type":"post","link":"https:\/\/www2.uepg.br\/licenciatura-artes-visuais\/dialogartes-lives\/","title":{"rendered":"DIALOGARTES LIVES"},"content":{"rendered":"<p>O<strong> DIALOGARTE LIVES<\/strong> constitui atividade elaborada para os acad\u00eamicos do 3\u00ba Ano do Curso de Licenciatura em Artes Visuais, por meio do Departamento de Artes, Setor de Ci\u00eancias Humanas, Letras e Artes, da Universidade Estadual de Ponta Grossa. Sob a coordena\u00e7\u00e3o dos professores Ms. Carla E. Nascimento, Dra. Josie \u00c1gatha Parrilha da Silva e Dr.\u00a0 Nelson Silva Junior, os acad\u00eamicos ter\u00e3o a oportunidade de ouvir, questionar, discutir e refletir aspectos relacionados ao ensino, pesquisa e produ\u00e7\u00e3o em arte, por meio da realiza\u00e7\u00e3o de <em>lives<\/em>, o <strong>Dialogarte<em> Lives<\/em> 2020,<\/strong> sempre contando com a presen\u00e7a de um profissional de destaque da comunidade. A Primeira <em>live<\/em> foi realizada no dia 09 de junho de 2020, ocasi\u00e3o na qual o evento foi apresentado aos acad\u00eamicos, contando com uma participa\u00e7\u00e3o expressiva de alunos e uma perspectiva de boas discuss\u00f5es.<\/p>\n<p><strong>S\u00edntese do evento:<\/strong> ciclo de palestras e debates sobre educa\u00e7\u00e3o, arte e sociedade em formato de<em> lives<\/em>, atendendo ao momento de distanciamento imposto pela COVID 19, no qual ser\u00e3o convidados Professores de Artes Visuais e egressos do Curso de Licenciatura em Artes Visuais para partilhar suas pesquisas e experi\u00eancias. As datas de realiza\u00e7\u00e3o do evento ser\u00e3o os dias 16, 23, 30 de junho e 07, 14 e 16 de julho, as 14 horas via <em>google meet.<\/em><\/p>\n<p>Entre os convidados para o evento est\u00e3o professores\/artistas, da rede de Educa\u00e7\u00e3o B\u00e1sica de Ensino, como Neuci Martins e F\u00e1bio Martins, e professores\/artistas atuantes no ensino informal de arte: Rafaela Prestes e Rute Yumi. No formato pensado para as<em> lives<\/em>, cada convidado ter\u00e1 a oportunidade de participar duas vezes, em um primeiro momento, de apresenta\u00e7\u00e3o individual, o convidado ir\u00e1 expor a sua viv\u00eancia no campo da arte (ensino, pesquisa e pr\u00e1tica art\u00edstica) e em um segundo momento, ir\u00e1 <strong>dialogar <\/strong>com os acad\u00eamicos e com um segundo convidado do evento.<\/p>\n<p>Para a realiza\u00e7\u00e3o do <strong>Dialogarte <em>Lives,<\/em><\/strong> os acad\u00eamicos ter\u00e3o importante contribui\u00e7\u00e3o, pois dever\u00e3o realizar estudos pr\u00e9vios dirigidos, que os embasem teoricamente para a condu\u00e7\u00e3o das reflex\u00f5es propostas em cada <em>live.<\/em> O evento ser\u00e1 certificado e est\u00e1 aberto \u00e0 participa\u00e7\u00e3o da comunidade acad\u00eamica. As datas de realiza\u00e7\u00e3o do evento, temas e participantes s\u00e3o:<\/p>\n<p><strong>Para maiores informa\u00e7\u00f5es:<\/strong> <em>diallogartelives@gm<\/em><em>ail.com<\/em><\/p>\n<table>\n<tbody>\n<tr>\n<td width=\"283\"><strong>Dia 16\/06<\/strong><\/p>\n<p><strong>Tema:<\/strong> Ser artista, ser professora: di\u00e1logos entre o ateli\u00ea e a escola<\/p>\n<p><strong>Convidada:<\/strong> Neuci Martins<\/p>\n<p>&nbsp;<\/td>\n<td width=\"283\"><strong>Dia 07\/07<\/strong><\/p>\n<p><strong>Tema:<\/strong> Ensino<\/p>\n<p>de arte no espa\u00e7o informal<\/p>\n<p><strong>Convidada:<\/strong> Rafaela Prestes<\/p>\n<p>&nbsp;<\/td>\n<\/tr>\n<tr>\n<td width=\"283\"><strong>Dia 23\/06<\/strong><\/p>\n<p><strong>Tema<\/strong>: Ser professor, artista, pesquisador<\/p>\n<p><strong>Convidado:<\/strong> F\u00e1bio Martins<\/td>\n<td width=\"283\"><strong>Dia 14\/07<\/strong><\/p>\n<p><strong>Tema:<\/strong> Ensino de arte: professor, artista e pesquisador<\/p>\n<p><strong>Convidados:<\/strong> Neuci Martins e F\u00e1bio Martins<\/p>\n<p>&nbsp;<\/td>\n<\/tr>\n<tr>\n<td width=\"283\"><strong>Dia 30\/06<\/strong><\/p>\n<p><strong>Tema:<\/strong> Ensino de arte no espa\u00e7o informal<\/p>\n<p><strong>Convidada:<\/strong> Rute Yumi<\/p>\n<p>&nbsp;<\/td>\n<td width=\"283\"><strong>Dia 16\/07<\/strong><\/p>\n<p><strong>T<\/strong><strong>ema:<\/strong> Ensino de arte n\u00e3o formal e possibilidades de atua\u00e7\u00e3o da \u00e1rea de Artes Visuais<\/p>\n<p><strong>Convidados:<\/strong> Rute Yumi e Rafaela Prestes<\/td>\n<\/tr>\n<\/tbody>\n<\/table>\n<p>&nbsp;<\/p>\n<p><strong>CONVITES:<\/strong><\/p>\n\n\t\t<style type=\"text\/css\">\n\t\t\t#gallery-1 {\n\t\t\t\tmargin: auto;\n\t\t\t}\n\t\t\t#gallery-1 .gallery-item {\n\t\t\t\tfloat: left;\n\t\t\t\tmargin-top: 10px;\n\t\t\t\ttext-align: center;\n\t\t\t\twidth: 33%;\n\t\t\t}\n\t\t\t#gallery-1 img {\n\t\t\t\tborder: 2px solid #cfcfcf;\n\t\t\t}\n\t\t\t#gallery-1 .gallery-caption {\n\t\t\t\tmargin-left: 0;\n\t\t\t}\n\t\t\t\/* see gallery_shortcode() in wp-includes\/media.php *\/\n\t\t<\/style>\n\t\t<div id='gallery-1' class='gallery galleryid-412 gallery-columns-3 gallery-size-thumbnail'><dl class='gallery-item'>\n\t\t\t<dt class='gallery-icon portrait'>\n\t\t\t\t<a href='https:\/\/www2.uepg.br\/licenciatura-artes-visuais\/dialogartes-lives\/arte\/'><img width=\"150\" height=\"150\" src=\"https:\/\/www2.uepg.br\/licenciatura-artes-visuais\/wp-content\/uploads\/sites\/99\/2020\/06\/arte-150x150.jpg\" class=\"attachment-thumbnail size-thumbnail\" alt=\"\" loading=\"lazy\" \/><\/a>\n\t\t\t<\/dt><\/dl><dl class='gallery-item'>\n\t\t\t<dt class='gallery-icon landscape'>\n\t\t\t\t<a href='https:\/\/www2.uepg.br\/licenciatura-artes-visuais\/dialogartes-lives\/3ano\/'><img width=\"150\" height=\"150\" src=\"https:\/\/www2.uepg.br\/licenciatura-artes-visuais\/wp-content\/uploads\/sites\/99\/2020\/06\/3ano-150x150.jpeg\" class=\"attachment-thumbnail size-thumbnail\" alt=\"\" loading=\"lazy\" srcset=\"https:\/\/www2.uepg.br\/licenciatura-artes-visuais\/wp-content\/uploads\/sites\/99\/2020\/06\/3ano-150x150.jpeg 150w, https:\/\/www2.uepg.br\/licenciatura-artes-visuais\/wp-content\/uploads\/sites\/99\/2020\/06\/3ano-300x300.jpeg 300w, https:\/\/www2.uepg.br\/licenciatura-artes-visuais\/wp-content\/uploads\/sites\/99\/2020\/06\/3ano-1024x1024.jpeg 1024w, https:\/\/www2.uepg.br\/licenciatura-artes-visuais\/wp-content\/uploads\/sites\/99\/2020\/06\/3ano-768x768.jpeg 768w, https:\/\/www2.uepg.br\/licenciatura-artes-visuais\/wp-content\/uploads\/sites\/99\/2020\/06\/3ano.jpeg 1080w\" sizes=\"(max-width: 150px) 100vw, 150px\" \/><\/a>\n\t\t\t<\/dt><\/dl>\n\t\t\t<br style='clear: both' \/>\n\t\t<\/div>\n\n","protected":false},"excerpt":{"rendered":"<p>O DIALOGARTE LIVES constitui atividade elaborada para os acad\u00eamicos do 3\u00ba Ano do Curso de Licenciatura em Artes Visuais, por meio do Departamento de Artes, Setor de Ci\u00eancias Humanas, Letras e Artes, da Universidade Estadual de Ponta Grossa. Sob a coordena\u00e7\u00e3o dos professores Ms. Carla E. Nascimento, Dra. Josie \u00c1gatha Parrilha da Silva e Dr.\u00a0&nbsp;&hellip;<\/p>\n","protected":false},"author":151,"featured_media":445,"comment_status":"closed","ping_status":"open","sticky":false,"template":"","format":"standard","meta":[],"categories":[12],"tags":[],"_links":{"self":[{"href":"https:\/\/www2.uepg.br\/licenciatura-artes-visuais\/wp-json\/wp\/v2\/posts\/412"}],"collection":[{"href":"https:\/\/www2.uepg.br\/licenciatura-artes-visuais\/wp-json\/wp\/v2\/posts"}],"about":[{"href":"https:\/\/www2.uepg.br\/licenciatura-artes-visuais\/wp-json\/wp\/v2\/types\/post"}],"author":[{"embeddable":true,"href":"https:\/\/www2.uepg.br\/licenciatura-artes-visuais\/wp-json\/wp\/v2\/users\/151"}],"replies":[{"embeddable":true,"href":"https:\/\/www2.uepg.br\/licenciatura-artes-visuais\/wp-json\/wp\/v2\/comments?post=412"}],"version-history":[{"count":11,"href":"https:\/\/www2.uepg.br\/licenciatura-artes-visuais\/wp-json\/wp\/v2\/posts\/412\/revisions"}],"predecessor-version":[{"id":487,"href":"https:\/\/www2.uepg.br\/licenciatura-artes-visuais\/wp-json\/wp\/v2\/posts\/412\/revisions\/487"}],"wp:featuredmedia":[{"embeddable":true,"href":"https:\/\/www2.uepg.br\/licenciatura-artes-visuais\/wp-json\/wp\/v2\/media\/445"}],"wp:attachment":[{"href":"https:\/\/www2.uepg.br\/licenciatura-artes-visuais\/wp-json\/wp\/v2\/media?parent=412"}],"wp:term":[{"taxonomy":"category","embeddable":true,"href":"https:\/\/www2.uepg.br\/licenciatura-artes-visuais\/wp-json\/wp\/v2\/categories?post=412"},{"taxonomy":"post_tag","embeddable":true,"href":"https:\/\/www2.uepg.br\/licenciatura-artes-visuais\/wp-json\/wp\/v2\/tags?post=412"}],"curies":[{"name":"wp","href":"https:\/\/api.w.org\/{rel}","templated":true}]}}