{"id":418,"date":"2020-06-18T18:38:46","date_gmt":"2020-06-18T21:38:46","guid":{"rendered":"http:\/\/www2.uepg.br\/licenciatura-artes-visuais\/?p=418"},"modified":"2021-03-09T14:28:55","modified_gmt":"2021-03-09T17:28:55","slug":"o-feio-na-arte","status":"publish","type":"post","link":"https:\/\/www2.uepg.br\/licenciatura-artes-visuais\/o-feio-na-arte\/","title":{"rendered":"O FEIO NA ARTE"},"content":{"rendered":"<p><strong>Processo de Transi\u00e7\u00e3o- 1\u00aa parte<\/strong><\/p>\n<p>O trabalho de transi\u00e7\u00e3o com os acad\u00eamicos do 1\u00ba Ano do Curso de Licenciatura em Artes Visuais consiste em uma proposta de reflex\u00f5es te\u00f3ricas, po\u00e9ticas e produ\u00e7\u00f5es art\u00edsticas em Artes Visuais, coordenado pelas professoras, Dra Adriana Rodrigues Suarez, Dra. Sandra Borsoi e Esp. Julia Pereira Souza.<\/p>\n<p>Para o desenvolvimento metodol\u00f3gico das atividades, utilizamos como suporte dos encontros\/lives o GoogleClassroom,o google meet, nas discuss\u00f5es a partir de textos como: \u201c<em>O Feio na Arte\u201d<\/em> de Ariano Suassuna e \u201c<em>A<\/em><em> casa. Do por\u00e3o ao s\u00f3t\u00e3o. O sentido da cabana<\/em>\u201d de Gaston Bachelard, pesquisas, apresenta\u00e7\u00f5es e produ\u00e7\u00f5es art\u00edsticas.<\/p>\n<p>Ao falarmos do Feio na Arte, primeiro texto sugerido, destacamos o que segundo De Bruyne (apud SUASSUNA, 2011, p. 237) nos diz:<\/p>\n<p>\u201cPor que o Feio nos causa esta singular mistura de sentimentos de horror, de temor, de repulsa, de piedade, de curiosidade? \u00c9 porque ele nos revela o profundo mist\u00e9rio da nossa realidade complexa, porque ele nos faz sentir, num mist\u00e9rio estranho, o valor da nossa vida, a mis\u00e9ria que nos espreita e que contradiz t\u00e3o cruelmente nossos desejos, nossas esperan\u00e7as e nossos pensamentos&#8230; Quando o Feio surge na Arte, \u00e9 um meio de&#8230; nos fazer captar de modo intuitivo, o sentido da vida.\u201d (Loc. cit.)<\/p>\n<p>Reflex\u00f5es necess\u00e1rias para compreendermos a produ\u00e7\u00e3o art\u00edstica dos artistas de toda a Hist\u00f3ria da Arte desde seu princ\u00edpio at\u00e9 os dias atuais, fundamentando a produ\u00e7\u00e3o art\u00edstica dos acad\u00eamicos na proposta final desse processo.<\/p>\n<p>Os encontros acontecem nas quintas feiras, \u00e0s 14 horas, quando os acad\u00eamicos do 1\u00ba ano do Curso de Licenciatura em Artes Visuais e professoras, se re\u00fanem para discutir os pontos relevantee e significativos por cada acad\u00eamico no sentido objetivo e subjetivo das propostas apresentadas a partir das suas reflex\u00f5es.<\/p>\n<p>O primeiro encontro realizado dia 04 de junho, teve a inten\u00e7\u00e3o de socializar as ang\u00fastias vividas neste tempo de pandemia COVID19. Cada acad\u00eamico falou sobre si, com isso trocamos pensamentos, ang\u00fastias, esperan\u00e7as e sobre nosso futuro pr\u00f3ximo p\u00f3s-pandemia. Neste encontro pudemos explanar sobre a situa\u00e7\u00e3o da Universidade em rela\u00e7\u00e3o as a\u00e7\u00f5es positivas frente a pandemia e a din\u00e2mica que realizaremos no processo de transi\u00e7\u00e3o.<\/p>\n<p>As professoras solicitaram a leitura do primeiro texto<em> O Feio na Arte<\/em> de Ariano Suassuna, o qual proporcionou estudos significativos sobre os conceitos de grandes fil\u00f3sofos, discuss\u00f5es sobre o feio na arte, e ainda uma pesquisa sobre obras\/artistas que perpassam esses conceitos em suas po\u00e9ticas\/t\u00e9cnicas.<\/p>\n<p>No segundo encontro, no dia 11 de junho, foram destacados pontos importantes sobre o texto sugerido. Cada participante, apresentou seu ponto de vista, trazendo olhares fundamentados pela narrativa de Ariano Suassuna. Foi\u00a0 importante essa escuta, afinal, momento oportuno para falarmos sobre as quest\u00f5es do feio em v\u00e1rios \u00e2mbitos, objetivos e subjetivos da arte e do mundo.<\/p>\n<p>No terceiro encontro, dia 18 de junho, os acad\u00eamicos aprsentaram suas pesquisas sobre o artista e obra escolhida em rela\u00e7\u00e3o com o texto <em>O Feio na Arte <\/em>de Ariano Suassuna. Na plataforma Google Meet projetamos a obra e o acad\u00eamico apresentou suas considera\u00e7\u00f5es sobre a mesma e o artista. Momento evidenciou o olhar do acad\u00eamico sobre suas reflex\u00f5es a partir das correla\u00e7\u00f5es feitas entre suas viv\u00eancias com o texto, suas pesquisas e escolha da obra\/artista.\u00a0 Reflex\u00f5es propositivas surgiram nas discuss\u00f5es entre todos os presentes.<\/p>\n<p>Nessa primeira etapa, temos um resultado importante para o caminho a que se prop\u00f5e a proposta geral. Fundamentar, atrav\u00e9s de leituras, pesquisas, reflex\u00f5es, revisitando sempre os grandes mestres da Hist\u00f3ria da Arte, com relevantes inspira\u00e7\u00f5es, nos capacita a alimentar percep\u00e7\u00f5es e com isso, professoras e acad\u00eamicos, nos sentimos preparados para pensar sobre quem somos, o que queremos, para onde vamos e qual ser\u00e1 nosso olhar sobre nossas produ\u00e7\u00f5es art\u00edsticas.<\/p>\n<p>Passemos ent\u00e3o, para a segunda etapa do processo!<\/p>\n<p>&nbsp;<\/p>\n<p>Profa Dra Adriana Rodrigues Suarez<\/p>\n<p>Profa Esp. Julia Pereira Souza<\/p>\n<p>Profa Dra Sandra Borsoi<\/p>\n<p>&nbsp;<\/p>\n<p>&nbsp;<\/p>\n<ul>\n<li><strong>TEXTO:<\/strong> <em>O Feio na Arte<\/em> (SUASUNA, A.,<strong> Inicia\u00e7\u00e3o \u00e0 Est\u00e9tica.<\/strong> (livro 04, cap.22), RJ: Ed. Jos\u00e9 Olimpyo, 2011.)<\/li>\n<\/ul>\n<p><a href=\"http:\/\/www2.uepg.br\/licenciatura-artes-visuais\/wp-content\/uploads\/sites\/99\/2020\/06\/O-Feio-na-Arte2.pdf\">O Feio na Arte2\u00a0\u00a0<\/a><\/p>\n<p>&nbsp;<\/p>\n\n\t\t<style type=\"text\/css\">\n\t\t\t#gallery-1 {\n\t\t\t\tmargin: auto;\n\t\t\t}\n\t\t\t#gallery-1 .gallery-item {\n\t\t\t\tfloat: left;\n\t\t\t\tmargin-top: 10px;\n\t\t\t\ttext-align: center;\n\t\t\t\twidth: 33%;\n\t\t\t}\n\t\t\t#gallery-1 img {\n\t\t\t\tborder: 2px solid #cfcfcf;\n\t\t\t}\n\t\t\t#gallery-1 .gallery-caption {\n\t\t\t\tmargin-left: 0;\n\t\t\t}\n\t\t\t\/* see gallery_shortcode() in wp-includes\/media.php *\/\n\t\t<\/style>\n\t\t<div id='gallery-1' class='gallery galleryid-418 gallery-columns-3 gallery-size-thumbnail'><dl class='gallery-item'>\n\t\t\t<dt class='gallery-icon landscape'>\n\t\t\t\t<a href='https:\/\/www2.uepg.br\/licenciatura-artes-visuais\/o-feio-na-arte\/whatsapp-image-2020-06-10-at-18-26-46\/'><img width=\"150\" height=\"150\" src=\"https:\/\/www2.uepg.br\/licenciatura-artes-visuais\/wp-content\/uploads\/sites\/99\/2020\/06\/WhatsApp-Image-2020-06-10-at-18.26.46-150x150.jpeg\" class=\"attachment-thumbnail size-thumbnail\" alt=\"\" loading=\"lazy\" \/><\/a>\n\t\t\t<\/dt><\/dl><dl class='gallery-item'>\n\t\t\t<dt class='gallery-icon landscape'>\n\t\t\t\t<a href='https:\/\/www2.uepg.br\/licenciatura-artes-visuais\/o-feio-na-arte\/whatsapp-image-2020-06-10-at-18-26-27\/'><img width=\"150\" height=\"150\" src=\"https:\/\/www2.uepg.br\/licenciatura-artes-visuais\/wp-content\/uploads\/sites\/99\/2020\/06\/WhatsApp-Image-2020-06-10-at-18.26.27-150x150.jpeg\" class=\"attachment-thumbnail size-thumbnail\" alt=\"\" loading=\"lazy\" \/><\/a>\n\t\t\t<\/dt><\/dl><dl class='gallery-item'>\n\t\t\t<dt class='gallery-icon landscape'>\n\t\t\t\t<a href='https:\/\/www2.uepg.br\/licenciatura-artes-visuais\/o-feio-na-arte\/whatsapp-image-2020-06-10-at-18-26-27-2\/'><img width=\"150\" height=\"150\" src=\"https:\/\/www2.uepg.br\/licenciatura-artes-visuais\/wp-content\/uploads\/sites\/99\/2020\/06\/WhatsApp-Image-2020-06-10-at-18.26.27-2-150x150.jpeg\" class=\"attachment-thumbnail size-thumbnail\" alt=\"\" loading=\"lazy\" \/><\/a>\n\t\t\t<\/dt><\/dl><br style=\"clear: both\" \/><dl class='gallery-item'>\n\t\t\t<dt class='gallery-icon landscape'>\n\t\t\t\t<a href='https:\/\/www2.uepg.br\/licenciatura-artes-visuais\/o-feio-na-arte\/whatsapp-image-2020-06-10-at-18-26-27-1\/'><img width=\"150\" height=\"150\" src=\"https:\/\/www2.uepg.br\/licenciatura-artes-visuais\/wp-content\/uploads\/sites\/99\/2020\/06\/WhatsApp-Image-2020-06-10-at-18.26.27-1-150x150.jpeg\" class=\"attachment-thumbnail size-thumbnail\" alt=\"\" loading=\"lazy\" \/><\/a>\n\t\t\t<\/dt><\/dl><dl class='gallery-item'>\n\t\t\t<dt class='gallery-icon landscape'>\n\t\t\t\t<a href='https:\/\/www2.uepg.br\/licenciatura-artes-visuais\/o-feio-na-arte\/captura-de-tela-2020-06-18-14-15-56-2\/'><img width=\"150\" height=\"150\" src=\"https:\/\/www2.uepg.br\/licenciatura-artes-visuais\/wp-content\/uploads\/sites\/99\/2020\/06\/Captura-de-tela-2020-06-18-14.15.56-1-150x150.png\" class=\"attachment-thumbnail size-thumbnail\" alt=\"\" loading=\"lazy\" \/><\/a>\n\t\t\t<\/dt><\/dl><dl class='gallery-item'>\n\t\t\t<dt class='gallery-icon landscape'>\n\t\t\t\t<a href='https:\/\/www2.uepg.br\/licenciatura-artes-visuais\/o-feio-na-arte\/captura-de-tela-2020-06-18-15-43-10\/'><img width=\"150\" height=\"150\" src=\"https:\/\/www2.uepg.br\/licenciatura-artes-visuais\/wp-content\/uploads\/sites\/99\/2020\/06\/Captura-de-tela-2020-06-18-15.43.10-150x150.png\" class=\"attachment-thumbnail size-thumbnail\" alt=\"\" loading=\"lazy\" \/><\/a>\n\t\t\t<\/dt><\/dl><br style=\"clear: both\" \/>\n\t\t<\/div>\n\n<p>&nbsp;<\/p>\n","protected":false},"excerpt":{"rendered":"<p>Processo de Transi\u00e7\u00e3o- 1\u00aa parte O trabalho de transi\u00e7\u00e3o com os acad\u00eamicos do 1\u00ba Ano do Curso de Licenciatura em Artes Visuais consiste em uma proposta de reflex\u00f5es te\u00f3ricas, po\u00e9ticas e produ\u00e7\u00f5es art\u00edsticas em Artes Visuais, coordenado pelas professoras, Dra Adriana Rodrigues Suarez, Dra. Sandra Borsoi e Esp. Julia Pereira Souza. Para o desenvolvimento metodol\u00f3gico&nbsp;&hellip;<\/p>\n","protected":false},"author":151,"featured_media":419,"comment_status":"closed","ping_status":"open","sticky":false,"template":"","format":"standard","meta":[],"categories":[12],"tags":[],"_links":{"self":[{"href":"https:\/\/www2.uepg.br\/licenciatura-artes-visuais\/wp-json\/wp\/v2\/posts\/418"}],"collection":[{"href":"https:\/\/www2.uepg.br\/licenciatura-artes-visuais\/wp-json\/wp\/v2\/posts"}],"about":[{"href":"https:\/\/www2.uepg.br\/licenciatura-artes-visuais\/wp-json\/wp\/v2\/types\/post"}],"author":[{"embeddable":true,"href":"https:\/\/www2.uepg.br\/licenciatura-artes-visuais\/wp-json\/wp\/v2\/users\/151"}],"replies":[{"embeddable":true,"href":"https:\/\/www2.uepg.br\/licenciatura-artes-visuais\/wp-json\/wp\/v2\/comments?post=418"}],"version-history":[{"count":7,"href":"https:\/\/www2.uepg.br\/licenciatura-artes-visuais\/wp-json\/wp\/v2\/posts\/418\/revisions"}],"predecessor-version":[{"id":436,"href":"https:\/\/www2.uepg.br\/licenciatura-artes-visuais\/wp-json\/wp\/v2\/posts\/418\/revisions\/436"}],"wp:featuredmedia":[{"embeddable":true,"href":"https:\/\/www2.uepg.br\/licenciatura-artes-visuais\/wp-json\/wp\/v2\/media\/419"}],"wp:attachment":[{"href":"https:\/\/www2.uepg.br\/licenciatura-artes-visuais\/wp-json\/wp\/v2\/media?parent=418"}],"wp:term":[{"taxonomy":"category","embeddable":true,"href":"https:\/\/www2.uepg.br\/licenciatura-artes-visuais\/wp-json\/wp\/v2\/categories?post=418"},{"taxonomy":"post_tag","embeddable":true,"href":"https:\/\/www2.uepg.br\/licenciatura-artes-visuais\/wp-json\/wp\/v2\/tags?post=418"}],"curies":[{"name":"wp","href":"https:\/\/api.w.org\/{rel}","templated":true}]}}