{"id":460,"date":"2020-06-23T11:23:34","date_gmt":"2020-06-23T14:23:34","guid":{"rendered":"http:\/\/www2.uepg.br\/licenciatura-artes-visuais\/?p=460"},"modified":"2021-03-09T14:28:55","modified_gmt":"2021-03-09T17:28:55","slug":"relacoes-entre-pesquisa-producao-artistica-e-formacao-docente","status":"publish","type":"post","link":"https:\/\/www2.uepg.br\/licenciatura-artes-visuais\/relacoes-entre-pesquisa-producao-artistica-e-formacao-docente\/","title":{"rendered":"RELA\u00c7\u00d5ES ENTRE PESQUISA, PRODU\u00c7\u00c3O ART\u00cdSTICA E FORMA\u00c7\u00c3O DOCENTE"},"content":{"rendered":"<p>A live <strong>\u201cRela\u00e7\u00f5es entre pesquisa, produ\u00e7\u00e3o art\u00edstica e forma\u00e7\u00e3o docente\u201d<\/strong> \u00e9 uma atividade organizada pelos acad\u00eamicos do 2\u00ba Ano do Curso de Licenciatura em Artes Visuais, por meio do Departamento de Artes, Setor de Ci\u00eancias Humanas, Letras e Artes, da Universidade Estadual de Ponta Grossa. Sob a coordena\u00e7\u00e3o dos professores Dra. Maria Cristina Mendes, Dra. Patricia Camera Varella e\u00a0 Dr. Renato Torres.<\/p>\n<p>A convidada \u00e9 a Prof\u00aa. Dra. Mauren Teuber, Doutora e Mestre em Educa\u00e7\u00e3o, na linha de pesquisa Cultura, Escola e Ensino da Universidade Federal do Paran\u00e1\/UFPR. Realizou est\u00e1gio de doutoramento na Florida State University, no Departamento de Arte Educa\u00e7\u00e3o, pelo programa CAPES\/ FULBRIGHT. Possui Bacharelado no Curso Superior de Pintura pela EMBAP\/PR e especializa\u00e7\u00e3o em Ensino de Artes Visuais pela UDESC. Coordenadora do Curso de Licenciatura em Artes Visuais, da Universidade Estadual do Paran\u00e1\/UNESPAR, Campus de Curitiba II. Coordenadora de \u00e1rea do subprojeto de Artes Visuais do PIBID UNESPAR &#8211; Campus II. Integrante do Grupo de Pesquisa Arte, Ensino e Forma\u00e7\u00e3o Continuada\/UNESPAR e do N\u00facleo de Pesquisa em Publica\u00e7\u00f5es Did\u00e1ticas\/ UFPR. Desenvolve pesquisas na \u00e1rea de forma\u00e7\u00e3o de professores, com enfoque nas rela\u00e7\u00f5es entre artista-professor-pesquisador e sobre materiais did\u00e1ticos para Artes Visuais.<\/p>\n<p>O evento \u00e9 resultante das discuss\u00f5es realizadas no per\u00edodo de ensino remoto, organizadas de modo a contemplar debates e produ\u00e7\u00f5es art\u00edsticas a partir de: elementos pl\u00e1sticos explorados na modernidade, quest\u00f5es conceituais das Artes Visuais, reflexos da modernidade na Arte contempor\u00e2nea e inter-rela\u00e7\u00f5es entre produ\u00e7\u00e3o art\u00edstica e ensino da arte.<\/p>\n<p>Link de acesso:\u00a0 <strong>meet.google.com\/dib-xshx-ysp<\/strong><\/p>\n<p>&nbsp;<\/p>\n<p><strong>Registros das atividades de transi\u00e7\u00e3o desenvolvidas com os acad\u00eamicos do 2\u00ba ano e professores envolvidos.<\/strong><\/p>\n\n\t\t<style type=\"text\/css\">\n\t\t\t#gallery-1 {\n\t\t\t\tmargin: auto;\n\t\t\t}\n\t\t\t#gallery-1 .gallery-item {\n\t\t\t\tfloat: left;\n\t\t\t\tmargin-top: 10px;\n\t\t\t\ttext-align: center;\n\t\t\t\twidth: 33%;\n\t\t\t}\n\t\t\t#gallery-1 img {\n\t\t\t\tborder: 2px solid #cfcfcf;\n\t\t\t}\n\t\t\t#gallery-1 .gallery-caption {\n\t\t\t\tmargin-left: 0;\n\t\t\t}\n\t\t\t\/* see gallery_shortcode() in wp-includes\/media.php *\/\n\t\t<\/style>\n\t\t<div id='gallery-1' class='gallery galleryid-460 gallery-columns-3 gallery-size-thumbnail'><dl class='gallery-item'>\n\t\t\t<dt class='gallery-icon landscape'>\n\t\t\t\t<a href='https:\/\/www2.uepg.br\/licenciatura-artes-visuais\/relacoes-entre-pesquisa-producao-artistica-e-formacao-docente\/attachment\/01\/'><img width=\"150\" height=\"150\" src=\"https:\/\/www2.uepg.br\/licenciatura-artes-visuais\/wp-content\/uploads\/sites\/99\/2020\/06\/01-150x150.png\" class=\"attachment-thumbnail size-thumbnail\" alt=\"\" loading=\"lazy\" \/><\/a>\n\t\t\t<\/dt><\/dl><dl class='gallery-item'>\n\t\t\t<dt class='gallery-icon landscape'>\n\t\t\t\t<a href='https:\/\/www2.uepg.br\/licenciatura-artes-visuais\/relacoes-entre-pesquisa-producao-artistica-e-formacao-docente\/captura-de-tela-2020-06-12-15-42-28\/'><img width=\"150\" height=\"150\" src=\"https:\/\/www2.uepg.br\/licenciatura-artes-visuais\/wp-content\/uploads\/sites\/99\/2020\/06\/Captura-de-tela-2020-06-12-15.42.28-150x150.jpg\" class=\"attachment-thumbnail size-thumbnail\" alt=\"\" loading=\"lazy\" \/><\/a>\n\t\t\t<\/dt><\/dl>\n\t\t\t<br style='clear: both' \/>\n\t\t<\/div>\n\n","protected":false},"excerpt":{"rendered":"<p>A live \u201cRela\u00e7\u00f5es entre pesquisa, produ\u00e7\u00e3o art\u00edstica e forma\u00e7\u00e3o docente\u201d \u00e9 uma atividade organizada pelos acad\u00eamicos do 2\u00ba Ano do Curso de Licenciatura em Artes Visuais, por meio do Departamento de Artes, Setor de Ci\u00eancias Humanas, Letras e Artes, da Universidade Estadual de Ponta Grossa. Sob a coordena\u00e7\u00e3o dos professores Dra. Maria Cristina Mendes, Dra.&nbsp;&hellip;<\/p>\n","protected":false},"author":151,"featured_media":461,"comment_status":"closed","ping_status":"open","sticky":false,"template":"","format":"standard","meta":[],"categories":[12],"tags":[],"_links":{"self":[{"href":"https:\/\/www2.uepg.br\/licenciatura-artes-visuais\/wp-json\/wp\/v2\/posts\/460"}],"collection":[{"href":"https:\/\/www2.uepg.br\/licenciatura-artes-visuais\/wp-json\/wp\/v2\/posts"}],"about":[{"href":"https:\/\/www2.uepg.br\/licenciatura-artes-visuais\/wp-json\/wp\/v2\/types\/post"}],"author":[{"embeddable":true,"href":"https:\/\/www2.uepg.br\/licenciatura-artes-visuais\/wp-json\/wp\/v2\/users\/151"}],"replies":[{"embeddable":true,"href":"https:\/\/www2.uepg.br\/licenciatura-artes-visuais\/wp-json\/wp\/v2\/comments?post=460"}],"version-history":[{"count":1,"href":"https:\/\/www2.uepg.br\/licenciatura-artes-visuais\/wp-json\/wp\/v2\/posts\/460\/revisions"}],"predecessor-version":[{"id":464,"href":"https:\/\/www2.uepg.br\/licenciatura-artes-visuais\/wp-json\/wp\/v2\/posts\/460\/revisions\/464"}],"wp:featuredmedia":[{"embeddable":true,"href":"https:\/\/www2.uepg.br\/licenciatura-artes-visuais\/wp-json\/wp\/v2\/media\/461"}],"wp:attachment":[{"href":"https:\/\/www2.uepg.br\/licenciatura-artes-visuais\/wp-json\/wp\/v2\/media?parent=460"}],"wp:term":[{"taxonomy":"category","embeddable":true,"href":"https:\/\/www2.uepg.br\/licenciatura-artes-visuais\/wp-json\/wp\/v2\/categories?post=460"},{"taxonomy":"post_tag","embeddable":true,"href":"https:\/\/www2.uepg.br\/licenciatura-artes-visuais\/wp-json\/wp\/v2\/tags?post=460"}],"curies":[{"name":"wp","href":"https:\/\/api.w.org\/{rel}","templated":true}]}}