{"id":489,"date":"2020-06-24T20:49:25","date_gmt":"2020-06-24T23:49:25","guid":{"rendered":"http:\/\/www2.uepg.br\/licenciatura-artes-visuais\/?p=489"},"modified":"2021-03-09T14:28:55","modified_gmt":"2021-03-09T17:28:55","slug":"a-casa-do-porao-ao-sotao-o-sentido-da-cabana","status":"publish","type":"post","link":"https:\/\/www2.uepg.br\/licenciatura-artes-visuais\/a-casa-do-porao-ao-sotao-o-sentido-da-cabana\/","title":{"rendered":"A CASA. DO POR\u00c3O AO S\u00d3T\u00c3O. O SENTIDO DA CABANA"},"content":{"rendered":"<p><strong>Processo de Transi\u00e7\u00e3o- 2\u00aa parte<\/strong><\/p>\n<p>No quarto encontro, dia 25 de junho, solicitamos a leitura pr\u00e9via:\u00a0 <em>A casa. Do por\u00e3o ao s\u00f3t\u00e3o. O sentido da cabana <\/em>de Gaston Bachelard, para que tenhamos discuss\u00f5es em que ser\u00e3o destacados pontos relevantes sobre o texto sugerido. Cada participante, apresentou seu ponto de vista, trazendo olhares fundamentados pela narrativa de Bachelard. Momento de escuta por parte dos professores, afinal, momento oportuno para falarmos sobre as quest\u00f5es do devaneio na arte e na produ\u00e7\u00e3o art\u00edstica. Ao falamos de devaneios, Bachelard (2000, p.27) comenta:<\/p>\n<p>Nessas condi\u00e7\u00f5es, se nos perguntassem qual o benef\u00edcio mais precioso da casa, dir\u00edamos: a casa abriga o devaneio, a casa protege o sonhador, a casa nos permite sonhar em paz. Somente os pensamentos e as experi\u00eancias sancionam os valores humanos. Ao devaneio pertencem os valores que marcam o homem em sua profundidade. O devaneio tem mesmo um privil\u00e9gio de autovaloriza\u00e7\u00e3o. Ele desfruta diretamente seu ser.<\/p>\n<p>Assim, as reflex\u00f5es e o devaneio relacionam-se com a casa e permite que o artista fa\u00e7a integra\u00e7\u00f5es direcionadas \u00e0s viv\u00eancias, aos pensamentos e \u00e0s lembran\u00e7as, \u00e9 o conectar-se ao seu primeiro universo como ser humano habitando sua pr\u00f3pria casa.<\/p>\n<p>&nbsp;<\/p>\n<p>Passemos ent\u00e3o, para a terceira etapa do processo!<\/p>\n<p>Profa Dra Adriana Rodrigues Suarez<\/p>\n<p>Profa Esp. Julia Pereira Souza<\/p>\n<p>Profa Dra Sandra Borsoi<\/p>\n<p>&nbsp;<\/p>\n<p><strong>TEXTO: <\/strong>BACHELARD, G<strong>. A Po\u00e9tica do Espa\u00e7o <\/strong>(<em>A casa. Do por\u00e3o ao s\u00f3t\u00e3o. O sentido da cabana, p. 217).<\/em> S\u00e3o Paulo: Martins Fontes, 2000.<\/p>\n<p><a href=\"http:\/\/www2.uepg.br\/licenciatura-artes-visuais\/wp-content\/uploads\/sites\/99\/2020\/06\/GastonBachelard.pdf\">GastonBachelard<\/a><\/p>\n<p>&nbsp;<\/p>\n","protected":false},"excerpt":{"rendered":"<p>Processo de Transi\u00e7\u00e3o- 2\u00aa parte No quarto encontro, dia 25 de junho, solicitamos a leitura pr\u00e9via:\u00a0 A casa. Do por\u00e3o ao s\u00f3t\u00e3o. O sentido da cabana de Gaston Bachelard, para que tenhamos discuss\u00f5es em que ser\u00e3o destacados pontos relevantes sobre o texto sugerido. Cada participante, apresentou seu ponto de vista, trazendo olhares fundamentados pela narrativa&nbsp;&hellip;<\/p>\n","protected":false},"author":151,"featured_media":492,"comment_status":"closed","ping_status":"open","sticky":false,"template":"","format":"standard","meta":[],"categories":[12],"tags":[],"_links":{"self":[{"href":"https:\/\/www2.uepg.br\/licenciatura-artes-visuais\/wp-json\/wp\/v2\/posts\/489"}],"collection":[{"href":"https:\/\/www2.uepg.br\/licenciatura-artes-visuais\/wp-json\/wp\/v2\/posts"}],"about":[{"href":"https:\/\/www2.uepg.br\/licenciatura-artes-visuais\/wp-json\/wp\/v2\/types\/post"}],"author":[{"embeddable":true,"href":"https:\/\/www2.uepg.br\/licenciatura-artes-visuais\/wp-json\/wp\/v2\/users\/151"}],"replies":[{"embeddable":true,"href":"https:\/\/www2.uepg.br\/licenciatura-artes-visuais\/wp-json\/wp\/v2\/comments?post=489"}],"version-history":[{"count":4,"href":"https:\/\/www2.uepg.br\/licenciatura-artes-visuais\/wp-json\/wp\/v2\/posts\/489\/revisions"}],"predecessor-version":[{"id":496,"href":"https:\/\/www2.uepg.br\/licenciatura-artes-visuais\/wp-json\/wp\/v2\/posts\/489\/revisions\/496"}],"wp:featuredmedia":[{"embeddable":true,"href":"https:\/\/www2.uepg.br\/licenciatura-artes-visuais\/wp-json\/wp\/v2\/media\/492"}],"wp:attachment":[{"href":"https:\/\/www2.uepg.br\/licenciatura-artes-visuais\/wp-json\/wp\/v2\/media?parent=489"}],"wp:term":[{"taxonomy":"category","embeddable":true,"href":"https:\/\/www2.uepg.br\/licenciatura-artes-visuais\/wp-json\/wp\/v2\/categories?post=489"},{"taxonomy":"post_tag","embeddable":true,"href":"https:\/\/www2.uepg.br\/licenciatura-artes-visuais\/wp-json\/wp\/v2\/tags?post=489"}],"curies":[{"name":"wp","href":"https:\/\/api.w.org\/{rel}","templated":true}]}}