{"id":517,"date":"2020-07-13T13:20:50","date_gmt":"2020-07-13T16:20:50","guid":{"rendered":"http:\/\/www2.uepg.br\/licenciatura-artes-visuais\/?p=517"},"modified":"2021-03-09T14:28:54","modified_gmt":"2021-03-09T17:28:54","slug":"coletivo-grimpa-em-sua-12a-live-conversara-com-a-artista-visual-erica-kaminishi","status":"publish","type":"post","link":"https:\/\/www2.uepg.br\/licenciatura-artes-visuais\/coletivo-grimpa-em-sua-12a-live-conversara-com-a-artista-visual-erica-kaminishi\/","title":{"rendered":"COLETIVO GRIMPA EM SUA 12\u00aa LIVE CONVERSAR\u00c1 COM A ARTISTA VISUAL ERICA KAMINISHI"},"content":{"rendered":"<p>A artista visual <strong>ERICA KAMINISHI<\/strong> participa da live \u201cConversa com artista\u201d, no dia <strong>14 de junho<\/strong> \u00e0s 10 horas, com a media\u00e7\u00e3o do Prof. Dr. Nelson Silva Junior (DeArtes)<\/p>\n<p>A mudan\u00e7a do tradicional encontro das ter\u00e7as \u00e0s 20 horas para as<strong> 10 horas da manh\u00e3<\/strong> se deu excepcionalmente devido ao fuso hor\u00e1rio, pois a artista estar\u00e1 conversando ao vivo da Fran\u00e7a. O bate-papo ser\u00e1 mediado pelo professor Nelson Silva J\u00fanior do Departamento de Artes da Universidade Estadual de Ponta Grossa (UEPG), coordenador do Curso Licenciatura em Artes Visuais e integrante Grupo Grimpa.<\/p>\n<p>O convite se deu pela contribui\u00e7\u00e3o de sua obra \u00e0s discuss\u00f5es de Arte Contempor\u00e2nea, pela sua trajet\u00f3ria art\u00edstica, com um tr\u00e2nsito internacional em circuitos oficiais de Arte e pela qualidade de sua produ\u00e7\u00e3o art\u00edstica, desenvolvida principalmente em uma linguagem h\u00edbrida envolvendo o desenho, o tridimensional, a instala\u00e7\u00e3o, o objeto arte e a poesia. Atualmente Erica Kaminishi vive e trabalha entre o Brasil e a Fran\u00e7a.<\/p>\n<p>Realizou in\u00fameras exposi\u00e7\u00f5es individuais e coletivas no Brasil e no exterior. Dentre as individuais destacam-se:\u00a0Projeto Solo Feira Parte de Arte Contempor\u00e2nea, 2017, S\u00e3o Paulo\/ SP; Palavras Fluidas, Museu Victor Meirelles, 2013, Florian\u00f3polis\/SC; Project N47 &#8211; Tokyo Opera City Art Gallery, 2011, T\u00f3quio\/ Jap\u00e3o; Arts Challenge in Aichi &#8211; Aichi Arts Center \u2013 Nagoya \/Aichi Ken, 2008, Jap\u00e3o;<br \/>\nCaminhos In(versos) \u2013 Museu de Arte Contempor\u00e2nea do Paran\u00e1, 2008, Curitiba\/PR; Entre o V\u00edcio e o Puro \u2013 Museu Metropolitano de Arte \/ MUMA, 2003, Curitiba\/PR.<\/p>\n<p><strong>Quanto as coletivas ressaltamos<\/strong>:\u00a0Don&#8217;t ask me where I am from &#8211; Aga Khan Museum, 2020, Toronto\/Canad\u00e1; Arquip\u00e9lagos, Geografias do Extraordin\u00e1rio &#8211; Galeria Exit, 2019, Boulogne-Billancourt\/Fran\u00e7a; Don&#8217;t ask me where I am from &#8211; Gallerie delle Prigioni &#8211; Fondazione Benetton, 2019, Treviso\/Italia; Novas Efervesc\u00eancias &#8211; Espa\u00e7o Cultural Porto Seguro, 2019, S\u00e3o Paulo\/SP; Fronteiras Transpac\u00edficas: A Arte da Di\u00e1spora Japonesa &#8211; Japanese American National Museum, 2017, LA\/EUA; Olhar Incomum: Jap\u00e3o Revisitado &#8211; Museu Oscar Niemeyer, 2016, Curitiba\/ PR; Echigo -Tsumari Art Triennale 2012 &#8211; Niigata\/ Jap\u00e3o; Simp\u00f3sio Novas Dire\u00e7\u00f5es em Desenho &#8211; Emily Carr University, 2011, Vancouver\/ Canad\u00e1; Nova Arte Contempor\u00e2nea Brasil \u2013 Jap\u00e3o &#8211; Yokohama Civic Art Gallery, 2008, Yokohama\/Jap\u00e3o; Mitsubishi Art Gate Program \u2013 Gyre Gallery, 2008, T\u00f3quio\/Jap\u00e3o; 13\u00ba Sal\u00e3o da Bahia \u2013 Museu de Arte Moderna, 2006, Salvador\/BA; entre outros<\/p>\n<p><strong>Como principais pr\u00eamios e bolsas encontram-se:<\/strong><\/p>\n<p>2019\u00a0\u2013\u00a0Pr\u00eamio Etios Arte &#8211; Museu de Arte Contempor\u00e2nea de Sorocaba &#8211; Sorocaba\/SP;<\/p>\n<p>2011 \u2013 Bolsa Produ\u00e7\u00e3o em Artes Visuais 2012 \u2013 Funda\u00e7\u00e3o Nomura &#8211; T\u00f3quio\/Jap\u00e3o;<\/p>\n<p>2010 \u2013 Pr\u00eamio Funarte de Arte Contempor\u00e2nea 2010 \u2013 Brasil;<\/p>\n<p>2010 \u2013 Pr\u00eamio Mostra de Artistas no Exterior \u2013 Fund. Bienal de S\u00e3o Paulo\/Brasil;<\/p>\n<p>2009 \u2013 Pr\u00eamio Noriyoshi Sawamoto (Nihon University College of Arts) \u2013 T\u00f3quio\/Jap\u00e3o;<\/p>\n<p>2008 \u2013 Pr\u00eamio Especial \u2013 Tagboat Award Exhibition \u2013 T\u00f3quio\/Jap\u00e3o;<\/p>\n<p>2006 \u2013 Pr\u00eamio Est\u00edmulo \u2013 12\u00ba Floss Silk Visual Art \u2013 T\u00f3quio\/Jap\u00e3o;<\/p>\n<p>2005 a 2009 \u2013 Bolsa de estudos para P\u00f3s-Gradua\u00e7\u00e3o \u2013 Governo Japon\u00eas Monbukagakusho;<\/p>\n<p>2002 \u2013 1\u00ba. Pr\u00eamio aquisi\u00e7\u00e3o \u2013 2\u00ba. Sal\u00e3o de Artes Pl\u00e1sticas de Castro \u2013 Brasil;<\/p>\n<p>2002 \u2013 Pr\u00eamio aquisi\u00e7\u00e3o em escultura \u2013 29\u00ba Sal\u00e3o de Arte Jovem \u2013 Brasil;<\/p>\n<p>2001 \u2013 1\u00ba. Pr\u00eamio \u2013 42\u00ba. Sal\u00e3o de Artes Pl\u00e1sticas para Novos\/SAPN \u2013 Brasil;<\/p>\n<p>2001 \u2013 2\u00ba. Pr\u00eamio aquisi\u00e7\u00e3o \u2013 14\u00ba. Mostra Cascavelense de Artes Pl\u00e1sticas \u2013 Brasil<\/p>\n<p><strong>Sua obra encontra-se em importantes acervos como:<\/strong><\/p>\n<p>&#8211;\u00a0Museu Victor Meirelles &#8211; Florian\u00f3polis\/SC;<\/p>\n<p>&#8211; Museu de Arte de Cascavel \u2013 Cascavel\/PR;<\/p>\n<p>&#8211; Prefeitura Municipal de Castro\/PR;<\/p>\n<p>&#8211; Centro Cultural Brasil Estados Unidos \u2013 Santos\/SP;<\/p>\n<p>&#8211; Funda\u00e7\u00e3o Cultural de Criciuma\/SC;<\/p>\n<p>&#8211; Funda\u00e7\u00e3o Cultural de Joinville\/SC;<\/p>\n<p>&#8211; Cole\u00e7\u00f5es particulares no Brasil e no exterior<\/p>\n<p>Sua produ\u00e7\u00e3o art\u00edstica se insere na Arte Contempor\u00e2nea, contribuindo para a compreens\u00e3o dos processos de cria\u00e7\u00e3o em obras h\u00edbridas. A live,\u00a0Promovida pelo projeto de extens\u00e3o \u201cEspa\u00e7o permanente de produ\u00e7\u00e3o em Artes Visuais \u2013 Grupo Grimpa\u201d,\u00a0\u00e9 aberta ao p\u00fablico e acontece pela rede social instagram @grupo_grimpa, dando continuidade a uma s\u00e9rie de conversas sobre Arte neste per\u00edodo de combate \u00e0 pandemia de covid-19. Todas as ter\u00e7as um convidado especial participa da live.<\/p>\n<p>Para conhecer mais sobre a produ\u00e7\u00e3o art\u00edstica de\u00a0Erica Kaminishi\u00a0\u00e9 s\u00f3 acessar o site\u00a0<a href=\"http:\/\/www.ericakaminishi.com\/br\" target=\"_blank\" rel=\"nofollow noopener noreferrer\" data-saferedirecturl=\"https:\/\/www.google.com\/url?q=http:\/\/www.ericakaminishi.com\/br&amp;source=gmail&amp;ust=1594742311037000&amp;usg=AFQjCNFkeVhlnip0PgYxmid5IBdnaMl4Kg\">ericakaminishi.com <\/a>\u00a0e o instagram @ericakaminishi<\/p>\n<p>&nbsp;<\/p>\n<p><strong>GALERIA:<\/strong> Obras Erica Kaminishi<\/p>\n<p><strong>1-<\/strong> <b>Exposi\u00e7\u00e3o Crom\u00e1ticas Consonantes <\/b><\/p>\n<p>Galeria Via Thorey<\/p>\n<p>Vitoria, Brasil 2019<\/p>\n<p><strong>2-<\/strong> <b>Suteishi (Pedras sem nome)<\/b><\/p>\n<p>T\u00e9cnica Mista Dim. Vari\u00e1vel 2017<\/p>\n<p>Exposi\u00e7\u00e3o Entre(meios Instituto Adelina, S\u00e3o Paulo, Brasil 2017<\/p>\n<p>Foto: Ale Cabral<\/p>\n<p><strong>3-<\/strong> <b>Islands (Ilhas)<\/b><\/p>\n<p>T\u00e9cnica Mista 15x2cm (cada placa de petri) 2014\/15<\/p>\n<p>Exposi\u00e7\u00e3o Olhar Incomum<\/p>\n<p>Museu Oscar Niemeyer &#8211; Curitiba, PR 2016<\/p>\n<p>Foto: Nio Tatewaki<\/p>\n<p><strong>4-<\/strong> <b>Caminhos In(versos)<\/b><\/p>\n<p>Exposi\u00e7\u00e3o Individual no Museu de Arte Contempor\u00e2nea do Paran\u00e1, PR 200<\/p>\n<p>&nbsp;<\/p>\n<div>\n\n\t\t<style type=\"text\/css\">\n\t\t\t#gallery-1 {\n\t\t\t\tmargin: auto;\n\t\t\t}\n\t\t\t#gallery-1 .gallery-item {\n\t\t\t\tfloat: left;\n\t\t\t\tmargin-top: 10px;\n\t\t\t\ttext-align: center;\n\t\t\t\twidth: 50%;\n\t\t\t}\n\t\t\t#gallery-1 img {\n\t\t\t\tborder: 2px solid #cfcfcf;\n\t\t\t}\n\t\t\t#gallery-1 .gallery-caption {\n\t\t\t\tmargin-left: 0;\n\t\t\t}\n\t\t\t\/* see gallery_shortcode() in wp-includes\/media.php *\/\n\t\t<\/style>\n\t\t<div id='gallery-1' class='gallery galleryid-517 gallery-columns-2 gallery-size-medium'><dl class='gallery-item'>\n\t\t\t<dt class='gallery-icon landscape'>\n\t\t\t\t<a href='https:\/\/www2.uepg.br\/licenciatura-artes-visuais\/coletivo-grimpa-em-sua-12a-live-conversara-com-a-artista-visual-erica-kaminishi\/exposicao-cromaticas-consonantes\/'><img width=\"300\" height=\"197\" src=\"https:\/\/www2.uepg.br\/licenciatura-artes-visuais\/wp-content\/uploads\/sites\/99\/2020\/07\/Exposi\u00e7\u00e3o-Crom\u00e1ticas-Consonantes-300x197.jpg\" class=\"attachment-medium size-medium\" alt=\"\" loading=\"lazy\" aria-describedby=\"gallery-1-518\" srcset=\"https:\/\/www2.uepg.br\/licenciatura-artes-visuais\/wp-content\/uploads\/sites\/99\/2020\/07\/Exposi\u00e7\u00e3o-Crom\u00e1ticas-Consonantes-300x197.jpg 300w, https:\/\/www2.uepg.br\/licenciatura-artes-visuais\/wp-content\/uploads\/sites\/99\/2020\/07\/Exposi\u00e7\u00e3o-Crom\u00e1ticas-Consonantes.jpg 685w\" sizes=\"(max-width: 300px) 100vw, 300px\" \/><\/a>\n\t\t\t<\/dt>\n\t\t\t\t<dd class='wp-caption-text gallery-caption' id='gallery-1-518'>\n\t\t\t\t 1- Exposi\u00e7\u00e3o Crom\u00e1ticas Consonantes \n\t\t\t\t<\/dd><\/dl><dl class='gallery-item'>\n\t\t\t<dt class='gallery-icon landscape'>\n\t\t\t\t<a href='https:\/\/www2.uepg.br\/licenciatura-artes-visuais\/coletivo-grimpa-em-sua-12a-live-conversara-com-a-artista-visual-erica-kaminishi\/suteishi-pedras-sem-nome\/'><img width=\"300\" height=\"200\" src=\"https:\/\/www2.uepg.br\/licenciatura-artes-visuais\/wp-content\/uploads\/sites\/99\/2020\/07\/Suteishi-Pedras-sem-nome-300x200.jpg\" class=\"attachment-medium size-medium\" alt=\"\" loading=\"lazy\" aria-describedby=\"gallery-1-519\" srcset=\"https:\/\/www2.uepg.br\/licenciatura-artes-visuais\/wp-content\/uploads\/sites\/99\/2020\/07\/Suteishi-Pedras-sem-nome-300x200.jpg 300w, https:\/\/www2.uepg.br\/licenciatura-artes-visuais\/wp-content\/uploads\/sites\/99\/2020\/07\/Suteishi-Pedras-sem-nome-272x182.jpg 272w, https:\/\/www2.uepg.br\/licenciatura-artes-visuais\/wp-content\/uploads\/sites\/99\/2020\/07\/Suteishi-Pedras-sem-nome.jpg 685w\" sizes=\"(max-width: 300px) 100vw, 300px\" \/><\/a>\n\t\t\t<\/dt>\n\t\t\t\t<dd class='wp-caption-text gallery-caption' id='gallery-1-519'>\n\t\t\t\t2- Suteishi (Pedras sem nome) \n\t\t\t\t<\/dd><\/dl><br style=\"clear: both\" \/><dl class='gallery-item'>\n\t\t\t<dt class='gallery-icon landscape'>\n\t\t\t\t<a href='https:\/\/www2.uepg.br\/licenciatura-artes-visuais\/coletivo-grimpa-em-sua-12a-live-conversara-com-a-artista-visual-erica-kaminishi\/islands-ilhas\/'><img width=\"300\" height=\"200\" src=\"https:\/\/www2.uepg.br\/licenciatura-artes-visuais\/wp-content\/uploads\/sites\/99\/2020\/07\/Islands-Ilhas-300x200.jpg\" class=\"attachment-medium size-medium\" alt=\"\" loading=\"lazy\" aria-describedby=\"gallery-1-520\" srcset=\"https:\/\/www2.uepg.br\/licenciatura-artes-visuais\/wp-content\/uploads\/sites\/99\/2020\/07\/Islands-Ilhas-300x200.jpg 300w, https:\/\/www2.uepg.br\/licenciatura-artes-visuais\/wp-content\/uploads\/sites\/99\/2020\/07\/Islands-Ilhas-272x182.jpg 272w, https:\/\/www2.uepg.br\/licenciatura-artes-visuais\/wp-content\/uploads\/sites\/99\/2020\/07\/Islands-Ilhas.jpg 685w\" sizes=\"(max-width: 300px) 100vw, 300px\" \/><\/a>\n\t\t\t<\/dt>\n\t\t\t\t<dd class='wp-caption-text gallery-caption' id='gallery-1-520'>\n\t\t\t\t3- Islands (Ilhas) \n\t\t\t\t<\/dd><\/dl><dl class='gallery-item'>\n\t\t\t<dt class='gallery-icon landscape'>\n\t\t\t\t<a href='https:\/\/www2.uepg.br\/licenciatura-artes-visuais\/coletivo-grimpa-em-sua-12a-live-conversara-com-a-artista-visual-erica-kaminishi\/caminhos-inversos\/'><img width=\"300\" height=\"200\" src=\"https:\/\/www2.uepg.br\/licenciatura-artes-visuais\/wp-content\/uploads\/sites\/99\/2020\/07\/Caminhos-Inversos-300x200.jpg\" class=\"attachment-medium size-medium\" alt=\"\" loading=\"lazy\" aria-describedby=\"gallery-1-521\" srcset=\"https:\/\/www2.uepg.br\/licenciatura-artes-visuais\/wp-content\/uploads\/sites\/99\/2020\/07\/Caminhos-Inversos-300x200.jpg 300w, https:\/\/www2.uepg.br\/licenciatura-artes-visuais\/wp-content\/uploads\/sites\/99\/2020\/07\/Caminhos-Inversos-272x182.jpg 272w, https:\/\/www2.uepg.br\/licenciatura-artes-visuais\/wp-content\/uploads\/sites\/99\/2020\/07\/Caminhos-Inversos.jpg 685w\" sizes=\"(max-width: 300px) 100vw, 300px\" \/><\/a>\n\t\t\t<\/dt>\n\t\t\t\t<dd class='wp-caption-text gallery-caption' id='gallery-1-521'>\n\t\t\t\t4- Caminhos In(versos)\n\t\t\t\t<\/dd><\/dl><br style=\"clear: both\" \/>\n\t\t<\/div>\n\n<\/div>\n","protected":false},"excerpt":{"rendered":"<p>A artista visual ERICA KAMINISHI participa da live \u201cConversa com artista\u201d, no dia 14 de junho \u00e0s 10 horas, com a media\u00e7\u00e3o do Prof. Dr. Nelson Silva Junior (DeArtes) A mudan\u00e7a do tradicional encontro das ter\u00e7as \u00e0s 20 horas para as 10 horas da manh\u00e3 se deu excepcionalmente devido ao fuso hor\u00e1rio, pois a artista&nbsp;&hellip;<\/p>\n","protected":false},"author":151,"featured_media":516,"comment_status":"closed","ping_status":"open","sticky":false,"template":"","format":"standard","meta":[],"categories":[12],"tags":[],"_links":{"self":[{"href":"https:\/\/www2.uepg.br\/licenciatura-artes-visuais\/wp-json\/wp\/v2\/posts\/517"}],"collection":[{"href":"https:\/\/www2.uepg.br\/licenciatura-artes-visuais\/wp-json\/wp\/v2\/posts"}],"about":[{"href":"https:\/\/www2.uepg.br\/licenciatura-artes-visuais\/wp-json\/wp\/v2\/types\/post"}],"author":[{"embeddable":true,"href":"https:\/\/www2.uepg.br\/licenciatura-artes-visuais\/wp-json\/wp\/v2\/users\/151"}],"replies":[{"embeddable":true,"href":"https:\/\/www2.uepg.br\/licenciatura-artes-visuais\/wp-json\/wp\/v2\/comments?post=517"}],"version-history":[{"count":4,"href":"https:\/\/www2.uepg.br\/licenciatura-artes-visuais\/wp-json\/wp\/v2\/posts\/517\/revisions"}],"predecessor-version":[{"id":569,"href":"https:\/\/www2.uepg.br\/licenciatura-artes-visuais\/wp-json\/wp\/v2\/posts\/517\/revisions\/569"}],"wp:featuredmedia":[{"embeddable":true,"href":"https:\/\/www2.uepg.br\/licenciatura-artes-visuais\/wp-json\/wp\/v2\/media\/516"}],"wp:attachment":[{"href":"https:\/\/www2.uepg.br\/licenciatura-artes-visuais\/wp-json\/wp\/v2\/media?parent=517"}],"wp:term":[{"taxonomy":"category","embeddable":true,"href":"https:\/\/www2.uepg.br\/licenciatura-artes-visuais\/wp-json\/wp\/v2\/categories?post=517"},{"taxonomy":"post_tag","embeddable":true,"href":"https:\/\/www2.uepg.br\/licenciatura-artes-visuais\/wp-json\/wp\/v2\/tags?post=517"}],"curies":[{"name":"wp","href":"https:\/\/api.w.org\/{rel}","templated":true}]}}