{"id":529,"date":"2020-05-03T13:00:17","date_gmt":"2020-05-03T16:00:17","guid":{"rendered":"http:\/\/www2.uepg.br\/licenciatura-artes-visuais\/?p=529"},"modified":"2021-03-09T14:28:57","modified_gmt":"2021-03-09T17:28:57","slug":"529-2","status":"publish","type":"post","link":"https:\/\/www2.uepg.br\/licenciatura-artes-visuais\/529-2\/","title":{"rendered":"LIVES GRUPO GRIMPA: CINEMA"},"content":{"rendered":"<p><strong>Tema: Cinema.<\/strong><\/p>\n<p>5\/5 &#8211; Prof. Dr. Nelson Silva J\u00fanior e Profa Dra. Adriana Rodrigues Suarez<\/p>\n<p>A segunda live acontece no dia 05 de maio e contar\u00e1 com a participa\u00e7\u00e3o dos professores Nelson Silva Junior e Adriana Rodrigues Suarez, ambos do Departamento de Artes da Universidade Estadual de Ponta Grossa (UEPG). Os participantes conversar\u00e3o sobre o cinema e suas m\u00faltiplas experi\u00eancias e sobre as correla\u00e7\u00f5es entre o cinema e a pintura.<\/p>\n<p><strong>Sobre os convidados:<\/strong><\/p>\n<p><strong>Adriana Rodrigues Suarez<\/strong> \u00e9 chefe da Divis\u00e3o de Cultura e Arte\/ PROEX\/UEPG. Vice- Coordenadora do Curso de Licenciatura em Artes Visuais\/UEPG. Coordenadora do Programa PIBID\/ n\u00facleo Artes Visuais. Professora Efetiva da Universidade Estadual de Ponta Grossa do Curso de Licenciatura em Artes Visuais, disciplinas de pr\u00e1ticas e produ\u00e7\u00f5es art\u00edsticas\/ Hist\u00f3ria da Arte. Doutora em Educa\u00e7\u00e3o pela UEPG, linha de pesquisa: Ensino-aprendizagem (Cinema na Educa\u00e7\u00e3o). Mestrado em Comunica\u00e7\u00e3o e Linguagens (TUIUTI-2013), linha de pesquisa: Artes Pl\u00e1sticas\/Pintura e Cinema. Especialista em Arte-Educa\u00e7\u00e3o (2005) pelo IBPEX , Gradua\u00e7\u00e3o em Licenciatura em Artes Visuais pela Universidade Estadual de Ponta Grossa (2010) e Gradua\u00e7\u00e3o em Licenciatura Em Matem\u00e1tica pela Universidade Estadual de Ponta Grossa (2003). Tem experi\u00eancia na \u00e1rea de Po\u00e9tica, Pintura, Desenho, Hist\u00f3ria da Arte e Cinema, com \u00eanfase em Artes.<\/p>\n<p><strong>Nelson Silva Junior<\/strong> \u00e9 Professor da Universidade Estadual de Ponta Grossa, lotado no departamento de Artes. Doutor em Ensino de Ci\u00eancia e Tecnologia pela Universidade Tecnol\u00f3gica Federal do Paran\u00e1, Mestre em Ci\u00eancias Sociais Aplicadas pela Universidade Estadual de Ponta Grossa (2008). Graduado em Engenharia Civil pela Universidade Estadual de Ponta Grossa (1987) e em Licenciatura em Artes Visuais pela Universidade Estadual de Ponta Grossa (2006). Tem experi\u00eancia na \u00e1rea de Artes, com \u00eanfase em Artes, atuando principalmente nos seguintes temas: Arte, Cinema, Fotografia, Cer\u00e2mica, Ensino, Arte e Ci\u00eancia, Educa\u00e7\u00e3o, produ\u00e7\u00f5es art\u00edsticas. Foi chefe do Departamento de Artes entre 2011 e 2015 e foi coordenador dos cursos de Licenciatura em Artes Visuais e Licenciatura em M\u00fasica da Universidade Estadual de Ponta Grossa. Tamb\u00e9m foi coordenador da Galeria de Artes PROEX da Universidade Estadual de Ponta Grossa de 2008 a 2009. Atualmente \u00e9 coordenador do curso de Licenciatura em Artes Visuais da Universidade Estadual de Ponta Grossa (2018-2020) e membro do Conselho de Cultura da Funda\u00e7\u00e3o Municipal de Cultura da Cidade de Ponta Grossa, representando a Universidade Estadual de Ponta Grossa.<\/p>\n","protected":false},"excerpt":{"rendered":"<p>Tema: Cinema. 5\/5 &#8211; Prof. Dr. Nelson Silva J\u00fanior e Profa Dra. Adriana Rodrigues Suarez A segunda live acontece no dia 05 de maio e contar\u00e1 com a participa\u00e7\u00e3o dos professores Nelson Silva Junior e Adriana Rodrigues Suarez, ambos do Departamento de Artes da Universidade Estadual de Ponta Grossa (UEPG). Os participantes conversar\u00e3o sobre o&nbsp;&hellip;<\/p>\n","protected":false},"author":151,"featured_media":530,"comment_status":"closed","ping_status":"open","sticky":false,"template":"","format":"standard","meta":[],"categories":[12],"tags":[],"_links":{"self":[{"href":"https:\/\/www2.uepg.br\/licenciatura-artes-visuais\/wp-json\/wp\/v2\/posts\/529"}],"collection":[{"href":"https:\/\/www2.uepg.br\/licenciatura-artes-visuais\/wp-json\/wp\/v2\/posts"}],"about":[{"href":"https:\/\/www2.uepg.br\/licenciatura-artes-visuais\/wp-json\/wp\/v2\/types\/post"}],"author":[{"embeddable":true,"href":"https:\/\/www2.uepg.br\/licenciatura-artes-visuais\/wp-json\/wp\/v2\/users\/151"}],"replies":[{"embeddable":true,"href":"https:\/\/www2.uepg.br\/licenciatura-artes-visuais\/wp-json\/wp\/v2\/comments?post=529"}],"version-history":[{"count":4,"href":"https:\/\/www2.uepg.br\/licenciatura-artes-visuais\/wp-json\/wp\/v2\/posts\/529\/revisions"}],"predecessor-version":[{"id":534,"href":"https:\/\/www2.uepg.br\/licenciatura-artes-visuais\/wp-json\/wp\/v2\/posts\/529\/revisions\/534"}],"wp:featuredmedia":[{"embeddable":true,"href":"https:\/\/www2.uepg.br\/licenciatura-artes-visuais\/wp-json\/wp\/v2\/media\/530"}],"wp:attachment":[{"href":"https:\/\/www2.uepg.br\/licenciatura-artes-visuais\/wp-json\/wp\/v2\/media?parent=529"}],"wp:term":[{"taxonomy":"category","embeddable":true,"href":"https:\/\/www2.uepg.br\/licenciatura-artes-visuais\/wp-json\/wp\/v2\/categories?post=529"},{"taxonomy":"post_tag","embeddable":true,"href":"https:\/\/www2.uepg.br\/licenciatura-artes-visuais\/wp-json\/wp\/v2\/tags?post=529"}],"curies":[{"name":"wp","href":"https:\/\/api.w.org\/{rel}","templated":true}]}}