{"id":537,"date":"2020-05-10T14:00:51","date_gmt":"2020-05-10T17:00:51","guid":{"rendered":"http:\/\/www2.uepg.br\/licenciatura-artes-visuais\/?p=537"},"modified":"2021-03-09T14:28:57","modified_gmt":"2021-03-09T17:28:57","slug":"live-grupo-grimpa-poeticas-artisticas-e-producao-de-arte","status":"publish","type":"post","link":"https:\/\/www2.uepg.br\/licenciatura-artes-visuais\/live-grupo-grimpa-poeticas-artisticas-e-producao-de-arte\/","title":{"rendered":"LIVE GRUPO GRIMPA: PO\u00c9TICAS ART\u00cdSTICAS E PRODU\u00c7\u00c3O DE ARTE"},"content":{"rendered":"<p><strong>Tema: Po\u00e9ticas Art\u00edsticas e Produ\u00e7\u00e3o de Arte<\/strong>.<\/p>\n<p>A terceira live acontece no dia <strong>12 de maio<\/strong> e contar\u00e1 com a participa\u00e7\u00e3o do artista pl\u00e1stico Andr\u00e9 Mendes e media\u00e7\u00e3o da Prof. Dra. Maria Cristina Mendes do Departamento de Artes da Universidade Estadual de Ponta Grossa (UEPG). Os participantes conversar\u00e3o sobre po\u00e9ticas contempor\u00e2neas, produ\u00e7\u00e3o de arte em pintura e sobre suas experi\u00eancias art\u00edsticas fora do Brasil.<\/p>\n<p><strong>Andr\u00e9 Mendes<\/strong> \u00e9 nascido em Curitiba, 1979. Formado em Design Gr\u00e1fico pela Pontificia Universidade Cat\u00f3lica do Paran\u00e1 e especialista em desenho art\u00edstico pelo Institut Superior de Disseny y Escola de la Imatge IDEP, Barcelona. Apo\u0301s tre\u0302s anos de experie\u0302ncia na Espanha, realiza em 2006 sua primeira exposic\u0327a\u0303o individual na cidade do Porto \u2013 Portugal. Andr\u00e9 Mendes tem em seu curr\u00edculo diversas exposi\u00e7\u00f5es nacionais e internacionais entre elas, Nasi Campur \/ Cingapura, Tropikos\/ Banguecoque \u2013 Tail\u00e2ndia, Art Expo Malaysia\/ Kuala Lumpur \u2013 Mal\u00e1sia, Colorflow 2012\/ Barcelona \u2013 Espanha, Elementares 2012\/ Curitiba \u2013 Brasil, O Estado da Arte \u2013 Museu Oscar Niemeyer, Curitiba. Atualmente vive e trabalha em Curitiba, sua pesquisa e produ\u00e7\u00e3o s\u00e3o voltadas para pintura. Interessa-lhe a materialidade da cor e seu comportamento como fluido. O acaso se manifesta em seu trabalho e transborda tamb\u00e9m para as outras superf\u00edcies do mundo ao redor \u2013 escult\u00f3rico e arquitet\u00f4nico.<\/p>\n<p>&nbsp;<\/p>\n","protected":false},"excerpt":{"rendered":"<p>Tema: Po\u00e9ticas Art\u00edsticas e Produ\u00e7\u00e3o de Arte. A terceira live acontece no dia 12 de maio e contar\u00e1 com a participa\u00e7\u00e3o do artista pl\u00e1stico Andr\u00e9 Mendes e media\u00e7\u00e3o da Prof. Dra. Maria Cristina Mendes do Departamento de Artes da Universidade Estadual de Ponta Grossa (UEPG). Os participantes conversar\u00e3o sobre po\u00e9ticas contempor\u00e2neas, produ\u00e7\u00e3o de arte em&nbsp;&hellip;<\/p>\n","protected":false},"author":151,"featured_media":538,"comment_status":"closed","ping_status":"open","sticky":false,"template":"","format":"standard","meta":[],"categories":[12],"tags":[],"_links":{"self":[{"href":"https:\/\/www2.uepg.br\/licenciatura-artes-visuais\/wp-json\/wp\/v2\/posts\/537"}],"collection":[{"href":"https:\/\/www2.uepg.br\/licenciatura-artes-visuais\/wp-json\/wp\/v2\/posts"}],"about":[{"href":"https:\/\/www2.uepg.br\/licenciatura-artes-visuais\/wp-json\/wp\/v2\/types\/post"}],"author":[{"embeddable":true,"href":"https:\/\/www2.uepg.br\/licenciatura-artes-visuais\/wp-json\/wp\/v2\/users\/151"}],"replies":[{"embeddable":true,"href":"https:\/\/www2.uepg.br\/licenciatura-artes-visuais\/wp-json\/wp\/v2\/comments?post=537"}],"version-history":[{"count":2,"href":"https:\/\/www2.uepg.br\/licenciatura-artes-visuais\/wp-json\/wp\/v2\/posts\/537\/revisions"}],"predecessor-version":[{"id":568,"href":"https:\/\/www2.uepg.br\/licenciatura-artes-visuais\/wp-json\/wp\/v2\/posts\/537\/revisions\/568"}],"wp:featuredmedia":[{"embeddable":true,"href":"https:\/\/www2.uepg.br\/licenciatura-artes-visuais\/wp-json\/wp\/v2\/media\/538"}],"wp:attachment":[{"href":"https:\/\/www2.uepg.br\/licenciatura-artes-visuais\/wp-json\/wp\/v2\/media?parent=537"}],"wp:term":[{"taxonomy":"category","embeddable":true,"href":"https:\/\/www2.uepg.br\/licenciatura-artes-visuais\/wp-json\/wp\/v2\/categories?post=537"},{"taxonomy":"post_tag","embeddable":true,"href":"https:\/\/www2.uepg.br\/licenciatura-artes-visuais\/wp-json\/wp\/v2\/tags?post=537"}],"curies":[{"name":"wp","href":"https:\/\/api.w.org\/{rel}","templated":true}]}}