{"id":540,"date":"2020-05-15T14:00:29","date_gmt":"2020-05-15T17:00:29","guid":{"rendered":"http:\/\/www2.uepg.br\/licenciatura-artes-visuais\/?p=540"},"modified":"2021-03-09T14:28:56","modified_gmt":"2021-03-09T17:28:56","slug":"540-2","status":"publish","type":"post","link":"https:\/\/www2.uepg.br\/licenciatura-artes-visuais\/540-2\/","title":{"rendered":"LIVE GRUPO GRIMPA: ARTE &amp; FOTOGRAFIA"},"content":{"rendered":"<p><strong>Tema: Arte &amp; Fotografia.<\/strong><\/p>\n<p>19\/5 &#8211; Patr\u00edcia Camera e Vilma Slomp<\/p>\n<p>A renomada fot\u00f3grafa Vilma Slomp participa da quarta live, abordando Arte e fotografia, no dia <strong>19 de maio<\/strong>. A conversa ser\u00e1 mediada pela professora Dra Patricia Camera do Departamento de Artes da Universidade Estadual de Ponta Grossa (UEPG). O convite \u00e0 fot\u00f3grafa Vilma Slomp se deu pelo fato da artista ter uma produ\u00e7\u00e3o de qualidade significativa, marcada por uma trajet\u00f3ria entrela\u00e7ada por conquistas. A imers\u00e3o de seu olhar, em diversos g\u00eaneros fotogr\u00e1ficos, contribuiu para o reconhecimento e o fortalecimento da fotografia brasileira no campo das artes nacional e internacional.<\/p>\n<p><strong>Sobre Vilma Slomp<\/strong><\/p>\n<p>Nascida em Paranava\u00ed, Vilma Slomp vive e trabalha em Curitiba. Desde a d\u00e9cada de 1980, a fot\u00f3grafa tem exposto individualmente em museus e galerias no Brasil e no exterior, como na Pinacoteca de S\u00e3o Paulo, Museu de Arte de S\u00e3o Paulo, Museu de Arte Moderna no Rio de Janeiro, Museu Oscar Niemeyer em Curitiba, Tepper Takayama Fine Arts em Boston, Cymroza Art Gallery em Mumbai e Lionel Wendt Gallery em Colombo, Sri Lanka.<\/p>\n<p>Suas fotos fazem parte de diversos acervos pelo mundo, como o do Mus\u00e9e Fran\u00e7ais de La Photographie (Paris, Fran\u00e7a), Museu Wilfredo Lan (Havana, Cuba),\u00a0International Center of Photography, New York (Nova York, EUA), Museu de Arte Moderna de S\u00e3o Paulo, Museu da Fotografia Cidade de Curitiba, entre outros.<\/p>\n<p>Vencedora do pr\u00eamio \u2018International Hasselblad, 50 anos\u2019 (1998), Vilma Slomp \u00e9 autora dos livros Curitiba Central (2013), V\u00edsceras em Vice Versa (2006), Ilus\u00e3o (2001), Dor (1998) e Feliz Natal (1996).<\/p>\n<p>&nbsp;<\/p>\n","protected":false},"excerpt":{"rendered":"<p>Tema: Arte &amp; Fotografia. 19\/5 &#8211; Patr\u00edcia Camera e Vilma Slomp A renomada fot\u00f3grafa Vilma Slomp participa da quarta live, abordando Arte e fotografia, no dia 19 de maio. A conversa ser\u00e1 mediada pela professora Dra Patricia Camera do Departamento de Artes da Universidade Estadual de Ponta Grossa (UEPG). O convite \u00e0 fot\u00f3grafa Vilma Slomp&nbsp;&hellip;<\/p>\n","protected":false},"author":151,"featured_media":541,"comment_status":"closed","ping_status":"open","sticky":false,"template":"","format":"standard","meta":[],"categories":[12],"tags":[],"_links":{"self":[{"href":"https:\/\/www2.uepg.br\/licenciatura-artes-visuais\/wp-json\/wp\/v2\/posts\/540"}],"collection":[{"href":"https:\/\/www2.uepg.br\/licenciatura-artes-visuais\/wp-json\/wp\/v2\/posts"}],"about":[{"href":"https:\/\/www2.uepg.br\/licenciatura-artes-visuais\/wp-json\/wp\/v2\/types\/post"}],"author":[{"embeddable":true,"href":"https:\/\/www2.uepg.br\/licenciatura-artes-visuais\/wp-json\/wp\/v2\/users\/151"}],"replies":[{"embeddable":true,"href":"https:\/\/www2.uepg.br\/licenciatura-artes-visuais\/wp-json\/wp\/v2\/comments?post=540"}],"version-history":[{"count":3,"href":"https:\/\/www2.uepg.br\/licenciatura-artes-visuais\/wp-json\/wp\/v2\/posts\/540\/revisions"}],"predecessor-version":[{"id":576,"href":"https:\/\/www2.uepg.br\/licenciatura-artes-visuais\/wp-json\/wp\/v2\/posts\/540\/revisions\/576"}],"wp:featuredmedia":[{"embeddable":true,"href":"https:\/\/www2.uepg.br\/licenciatura-artes-visuais\/wp-json\/wp\/v2\/media\/541"}],"wp:attachment":[{"href":"https:\/\/www2.uepg.br\/licenciatura-artes-visuais\/wp-json\/wp\/v2\/media?parent=540"}],"wp:term":[{"taxonomy":"category","embeddable":true,"href":"https:\/\/www2.uepg.br\/licenciatura-artes-visuais\/wp-json\/wp\/v2\/categories?post=540"},{"taxonomy":"post_tag","embeddable":true,"href":"https:\/\/www2.uepg.br\/licenciatura-artes-visuais\/wp-json\/wp\/v2\/tags?post=540"}],"curies":[{"name":"wp","href":"https:\/\/api.w.org\/{rel}","templated":true}]}}