{"id":544,"date":"2020-05-23T14:00:46","date_gmt":"2020-05-23T17:00:46","guid":{"rendered":"http:\/\/www2.uepg.br\/licenciatura-artes-visuais\/?p=544"},"modified":"2021-03-09T14:28:56","modified_gmt":"2021-03-09T17:28:56","slug":"live-grimpa-arte-e-docencia","status":"publish","type":"post","link":"https:\/\/www2.uepg.br\/licenciatura-artes-visuais\/live-grimpa-arte-e-docencia\/","title":{"rendered":"LIVE GRIMPA: ARTE E DOC\u00caNCIA"},"content":{"rendered":"<p><strong>Tema: Arte e Doc\u00eancia.<\/strong><\/p>\n<p>26\/6 &#8211; Renato Torres e Dulce Osinski<\/p>\n<p>A quinta live acontece no dia <strong>26 de maio<\/strong> e contar\u00e1 com a participa\u00e7\u00e3o da artista, professora e pesquisadora Dra Dulce Osinski da Universidade Federal do Paran\u00e1, mediada pelo professor Dr Renato Torres do Departamento de Artes da Universidade Estadual de Ponta Grossa (UEPG). Os participantes conversar\u00e3o sobre sua recente produ\u00e7\u00e3o em aquarela, sobre sua atua\u00e7\u00e3o no campo das Artes Visuais e sobre momentos de destaque em sua carreira profissional.<\/p>\n<p><strong>Dulce Osinski<\/strong> possui gradua\u00e7\u00e3o em Superior de Pintura pela Escola de M\u00fasica e Belas Artes do Paran\u00e1 (1983), est\u00e1gio de p\u00f3s-gradua\u00e7\u00e3o no Departamento de Gravura da Academia de Belas Artes de Crac\u00f3via, Pol\u00f4nia (1985-1987), mestrado em Educa\u00e7\u00e3o pela Universidade Federal do Paran\u00e1 (1998), doutorado em Educa\u00e7\u00e3o pela Universidade Federal do Paran\u00e1 (2006) e p\u00f3s-doutorado pela Universidade do Estado do Rio de Janeiro. Atualmente \u00e9 professora associada aposentada da Universidade Federal do Paran\u00e1, atuando no Programa de P\u00f3s-gradua\u00e7\u00e3o em Educa\u00e7\u00e3o daquela Institui\u00e7\u00e3o (mestrado e doutorado), na linha de pesquisa Hist\u00f3ria e Historiografia da Educa\u00e7\u00e3o. Atuou como lider do Grupo e Pesquisa Artes Visuais: Teoria, Educa\u00e7\u00e3o e Po\u00e9tica (2010-2017) e atualmente lidera o Grupo de Pesquisa em Hist\u00f3ria Intelectual e Educa\u00e7\u00e3o (GPHIE) registrado no diret\u00f3rio do CNPq. Professora convidada do Southeast Institute for Education in Visual Arts, Universidade do Tennessee, em Chatanooga, USA (1995). Participou, no ano de 2016, do Programa PATA (Printmaking and Textil Arts), da Academia de Belas Artes W\u0142adys\u0142aw Strzeminski, em \u0141\u00f3d\u017a, Pol\u00f4nia, e do Programa de Mobilidade para Docentes &#8220;Erasmus +&#8221;, da Comunidade Europeia, como professora convidada da Universidade de Zagreb, Cro\u00e1cia. \u00c9 artista pl\u00e1stica e ilustradora, com exposi\u00e7\u00f5es realizadas no Brasil e no exterior e obras em acervos de institui\u00e7\u00f5es como o Museu Oscar Niemayer, Museu de Arte Contempor\u00e2nea do Paran\u00e1, Museu de Arte do Distrito Federal, Museu de Arte de Santa Catarina, Australian National Gallery (Austr\u00e1lia), State Museum de Majdanek (Pol\u00f4nia) e Portland Art Museum (Estados Unidos), entre outros. Conquistou diversos pr\u00eamios em certames de arte, entre eles a VIII Mostra do Desenho Brasileiro (1989), o 47\u00ba Sal\u00e3o Paranaense (1990), a X Mostra da Gravura-Cidade de Curitiba (1992) e a 1\u00aa Bienal Nacional da Gravura de S\u00e3o Jos\u00e9 dos Campos (1994). Atuou como curadora de diversas exposi\u00e7\u00f5es, entre elas a individual de Jacek Sroka no Museu Oscar Niemayer (2013) e a exposi\u00e7\u00e3o sobre o aviador Stanislaw Skarrzynski (2013). Tem experi\u00eancia nas \u00e1reas de Educa\u00e7\u00e3o e Arte, com \u00eanfase em Artes Pl\u00e1sticas e Hist\u00f3ria da Educa\u00e7\u00e3o, atuando principalmente nos seguintes temas: artes pl\u00e1sticas, gravura, arte no paran\u00e1, e educa\u00e7\u00e3o e arte.<\/p>\n","protected":false},"excerpt":{"rendered":"<p>Tema: Arte e Doc\u00eancia. 26\/6 &#8211; Renato Torres e Dulce Osinski A quinta live acontece no dia 26 de maio e contar\u00e1 com a participa\u00e7\u00e3o da artista, professora e pesquisadora Dra Dulce Osinski da Universidade Federal do Paran\u00e1, mediada pelo professor Dr Renato Torres do Departamento de Artes da Universidade Estadual de Ponta Grossa (UEPG).&nbsp;&hellip;<\/p>\n","protected":false},"author":151,"featured_media":545,"comment_status":"closed","ping_status":"open","sticky":false,"template":"","format":"standard","meta":[],"categories":[12],"tags":[],"_links":{"self":[{"href":"https:\/\/www2.uepg.br\/licenciatura-artes-visuais\/wp-json\/wp\/v2\/posts\/544"}],"collection":[{"href":"https:\/\/www2.uepg.br\/licenciatura-artes-visuais\/wp-json\/wp\/v2\/posts"}],"about":[{"href":"https:\/\/www2.uepg.br\/licenciatura-artes-visuais\/wp-json\/wp\/v2\/types\/post"}],"author":[{"embeddable":true,"href":"https:\/\/www2.uepg.br\/licenciatura-artes-visuais\/wp-json\/wp\/v2\/users\/151"}],"replies":[{"embeddable":true,"href":"https:\/\/www2.uepg.br\/licenciatura-artes-visuais\/wp-json\/wp\/v2\/comments?post=544"}],"version-history":[{"count":2,"href":"https:\/\/www2.uepg.br\/licenciatura-artes-visuais\/wp-json\/wp\/v2\/posts\/544\/revisions"}],"predecessor-version":[{"id":575,"href":"https:\/\/www2.uepg.br\/licenciatura-artes-visuais\/wp-json\/wp\/v2\/posts\/544\/revisions\/575"}],"wp:featuredmedia":[{"embeddable":true,"href":"https:\/\/www2.uepg.br\/licenciatura-artes-visuais\/wp-json\/wp\/v2\/media\/545"}],"wp:attachment":[{"href":"https:\/\/www2.uepg.br\/licenciatura-artes-visuais\/wp-json\/wp\/v2\/media?parent=544"}],"wp:term":[{"taxonomy":"category","embeddable":true,"href":"https:\/\/www2.uepg.br\/licenciatura-artes-visuais\/wp-json\/wp\/v2\/categories?post=544"},{"taxonomy":"post_tag","embeddable":true,"href":"https:\/\/www2.uepg.br\/licenciatura-artes-visuais\/wp-json\/wp\/v2\/tags?post=544"}],"curies":[{"name":"wp","href":"https:\/\/api.w.org\/{rel}","templated":true}]}}