{"id":547,"date":"2020-06-03T14:00:42","date_gmt":"2020-06-03T17:00:42","guid":{"rendered":"http:\/\/www2.uepg.br\/licenciatura-artes-visuais\/?p=547"},"modified":"2021-03-09T14:28:56","modified_gmt":"2021-03-09T17:28:56","slug":"live-grupo-grimpa-poetica-e-processo","status":"publish","type":"post","link":"https:\/\/www2.uepg.br\/licenciatura-artes-visuais\/live-grupo-grimpa-poetica-e-processo\/","title":{"rendered":"LIVE GRUPO GRIMPA: PO\u00c9TICA E PROCESSO"},"content":{"rendered":"<p><strong>Tema: Po\u00e9tica e Processo.<\/strong><\/p>\n<p>2\/6 &#8211; Cristina Mendes e Rog\u00e9rio Ghomes<\/p>\n<p>A sexta live acontece no dia <strong>2 de junho<\/strong> e contar\u00e1 com a participa\u00e7\u00e3o do artista, professor e pesquisador Dr. Rog\u00e9rio Ghomes da Universidade Estadual de Londrina, mediada pela professora Dra. Maria Cristina Mendes do Departamento de Artes da Universidade Estadual de Ponta Grossa (UEPG). Os participantes conversar\u00e3o sobre sua produ\u00e7\u00e3o art\u00edstica em fotografia e sobre momentos em destaque em sua carreira art\u00edstica e acad\u00eamica.<\/p>\n<p><strong>Rog\u00e9rio Ghomes<\/strong> \u00e9 Doutor em Tecnologias da Intelig\u00eancia e Design Digital pela PUC SP e Mestre em Design pela UNESP. Docente no Departamento de Design Gr\u00e1fico na Universidade Estadual de Londrina UEL. Contemplado no Programa Rede Nacional Funarte Artes Visuais [2015] com o projeto CAMPO EXPANDIDO: narrativas da imagem e no Conex\u00e3o Artes Visuais MinC\/Funarte\/Petrobras [2013] com o projeto Campo Expandido: a converg\u00eancia das imagens. Pr\u00eamio Brasil Arte Contempor\u00e2nea na ARCO_ Madrid 2010. Participou de in\u00fameras exposi\u00e7\u00f5es nacionais e internacionais,\u00a0 cabe destacar as individuais: Se pud\u00e9ssemos ser estranhos outra vez, Galeria Ybakatu, Curitiba PR. Quando tudo deixar de ser, Galeria Refer\u00eancia, Bras\u00edlia DF. Preciso acreditar que ao fechar os olhos o mundo continua aqui, Divis\u00e3o de Artes Pl\u00e1sticas da Universidade Estadual de Londrina (DaP\/UEL). N\u00e3o Confie na sua mem\u00f3ria, Centro Cultural SESI\/AML Londrina PR. Donde estoy, estoy a esperarte, Museu de Arte de Ribeir\u00e3o Preto (MARP). Sinto saudades de tudo, inclusive de mim, Centro Cultural Sistema FIEP, Curitiba PR. Todos precisam de um espelho para lembrar quem s\u00e3o, Galeria Ybakatu Curitiba PR e Encuentros Abiertos &#8211; Centro Cultural Recoleta, Buenos Aires AR. Territ\u00f3rio Ocupado, Pa\u00e7o das Artes, S\u00e3o Paulo SP. Destacamos as coletivas: Foto livros ibero-americanos \u2013 Lisboa. Silver Night of Projections &#8211; Encontros da Imagem, Braga, Portugal. Luz versus Luz &#8211; Bienal Internacional de Curitiba. Ybakatu 20 anos. Cole\u00e7\u00e3o Pirelli de Fotografia, Museu de Arte de S\u00e3o Paulo (MASP). Territ\u00f3rio Estrangeiro, Museu Metropolitano de Curitiba (MUMA). XII Mostra da Gravura, Curitiba PR. III e II Bienal Internacional de Fotografia Cidade de Curitiba. Nefelibatas, Museu de Arte Moderna de S\u00e3o Paulo (MAM SP). Ponto Cego, Museu da Imagem e do Som (MIS SP). Panorama de Arte Brasileira Museu de Arte Moderna de S\u00e3o Paulo (MAM SP). VI Bienal de Havana.<\/p>\n<p>&nbsp;<\/p>\n","protected":false},"excerpt":{"rendered":"<p>Tema: Po\u00e9tica e Processo. 2\/6 &#8211; Cristina Mendes e Rog\u00e9rio Ghomes A sexta live acontece no dia 2 de junho e contar\u00e1 com a participa\u00e7\u00e3o do artista, professor e pesquisador Dr. Rog\u00e9rio Ghomes da Universidade Estadual de Londrina, mediada pela professora Dra. Maria Cristina Mendes do Departamento de Artes da Universidade Estadual de Ponta Grossa&nbsp;&hellip;<\/p>\n","protected":false},"author":151,"featured_media":550,"comment_status":"closed","ping_status":"open","sticky":false,"template":"","format":"standard","meta":[],"categories":[12],"tags":[],"_links":{"self":[{"href":"https:\/\/www2.uepg.br\/licenciatura-artes-visuais\/wp-json\/wp\/v2\/posts\/547"}],"collection":[{"href":"https:\/\/www2.uepg.br\/licenciatura-artes-visuais\/wp-json\/wp\/v2\/posts"}],"about":[{"href":"https:\/\/www2.uepg.br\/licenciatura-artes-visuais\/wp-json\/wp\/v2\/types\/post"}],"author":[{"embeddable":true,"href":"https:\/\/www2.uepg.br\/licenciatura-artes-visuais\/wp-json\/wp\/v2\/users\/151"}],"replies":[{"embeddable":true,"href":"https:\/\/www2.uepg.br\/licenciatura-artes-visuais\/wp-json\/wp\/v2\/comments?post=547"}],"version-history":[{"count":3,"href":"https:\/\/www2.uepg.br\/licenciatura-artes-visuais\/wp-json\/wp\/v2\/posts\/547\/revisions"}],"predecessor-version":[{"id":573,"href":"https:\/\/www2.uepg.br\/licenciatura-artes-visuais\/wp-json\/wp\/v2\/posts\/547\/revisions\/573"}],"wp:featuredmedia":[{"embeddable":true,"href":"https:\/\/www2.uepg.br\/licenciatura-artes-visuais\/wp-json\/wp\/v2\/media\/550"}],"wp:attachment":[{"href":"https:\/\/www2.uepg.br\/licenciatura-artes-visuais\/wp-json\/wp\/v2\/media?parent=547"}],"wp:term":[{"taxonomy":"category","embeddable":true,"href":"https:\/\/www2.uepg.br\/licenciatura-artes-visuais\/wp-json\/wp\/v2\/categories?post=547"},{"taxonomy":"post_tag","embeddable":true,"href":"https:\/\/www2.uepg.br\/licenciatura-artes-visuais\/wp-json\/wp\/v2\/tags?post=547"}],"curies":[{"name":"wp","href":"https:\/\/api.w.org\/{rel}","templated":true}]}}