{"id":553,"date":"2020-06-03T14:00:16","date_gmt":"2020-06-03T17:00:16","guid":{"rendered":"http:\/\/www2.uepg.br\/licenciatura-artes-visuais\/?p=553"},"modified":"2021-03-09T14:28:56","modified_gmt":"2021-03-09T17:28:56","slug":"live-grupo-grimpa-poeticas-artisticas","status":"publish","type":"post","link":"https:\/\/www2.uepg.br\/licenciatura-artes-visuais\/live-grupo-grimpa-poeticas-artisticas\/","title":{"rendered":"LIVE GRUPO GRIMPA: PO\u00c9TICAS ART\u00cdSTICAS"},"content":{"rendered":"<p><strong>Tema: Po\u00e9ticas Art\u00edsticas.<\/strong><\/p>\n<p>9\/6 &#8211; Cristina Mendes e Joz\u00e9 Roberto da Silva<\/p>\n<p>A s\u00e9tima live acontece no dia<strong> 9 de junho<\/strong> e contar\u00e1 com a participa\u00e7\u00e3o do artista e professor de gravura do Solar do Bar\u00e3o em Curitiba, Joz\u00e9 Roberto da Silva, mediada pela professora Dra Maria Cristina Mendes do Departamento de Artes da Universidade Estadual de Ponta Grossa (UEPG). Os participantes conversar\u00e3o sobre o in\u00edcio de sua produ\u00e7\u00e3o art\u00edstica, seu encontro com a gravura e sobre momentos em destaque de sua carreira.<\/p>\n<p><strong>Joz\u00e9 Roberto da Silva<\/strong> nasceu em Campo Mour\u00e3o, PR (1974) e atualmente vive e trabalha em \u00a0Curitiba. Graduado em Educa\u00e7\u00e3o Art\u00edstica \u2013 habilita\u00e7\u00e3o em Artes Pl\u00e1sticas \u2013 Faculdade de Artes do Paran\u00e1 ( FAP\/1999 -UNESPAR). Tem direcionado seus trabalhos, conforme o conceito de matriz al\u00e9m da gravura, elaborando quest\u00f5es relacionadas \u00e0 imagem\u00a0 com extens\u00f5es no desenho, na gravura em metal, na serigrafia, na fotografia e em publica\u00e7\u00f5es. \u00a0\u00a0Foi um dos artistas selecionados \u00a0na primeira edi\u00e7\u00e3o do Programa Bolsa Produ\u00e7\u00e3o da Funda\u00e7\u00e3o Cultural de Curitiba (2006\/07).\u00a0 Participou da exposi\u00e7\u00e3o \u201cAlma Brasileira \u2013 100 anos de Gravura\u201d na Caixa Cultural \u2013 Pra\u00e7a da S\u00e9 \u2013 S\u00e3o Paulo (2014)\u00a0e integrou o projeto A imagem (des)constru\u00edda na Funda\u00e7\u00e3o BADESC \u2013 Florian\u00f3polis\u00a0 (2015). Exposi\u00e7\u00f5es\u00a0Individuais: 2018\u00a0\u2013 \u2018Estima\u00e7\u00f5es\u2019, no Espa\u00e7o Cultural BRDE \u2013 Curitiba, PR; 2011\u2013 \u2018Considerar a margem\u2019. Desenhos, fotografias e gravuras na CAM\u00a0(Casa\u00a0Andrade Muricy), Curitiba, PR; 2007\u00a0\u2013\u00a0\u2018entre-corte\u2019 no Museu da Fotografia Cidade de Curitiba.\u00a0 Individual realizada a\u00a0partir da participa\u00e7\u00e3o no programa Bolsa Produ\u00e7\u00e3o para\u00a0Artes Visuais do Fundo\u00a0 \u00a0 Municipal de Cultura da Funda\u00e7\u00e3o Cultural de Curitiba, PR; 2006 \u2013 \u2018Coincidentes\u2019.\u00a0Gravuras em Metal.\u00a0 Museu da Gravura Cidade de\u00a0Curitiba, Pr; 2005 \u2013 \u00a0 UNIDADem\u00daLTIPLO. Gravuras em Metal. Hall da SEEC \u2013\u00a0Curitiba PR; 2004 \u2013\u00a0ENTREoutros,\u00a0Gravuras. Sala \u00cdndice. Calend\u00e1rio de exposi\u00e7\u00e3o dos orientadores\u00a0dos Ateli\u00eas de Gravura do Solar do Bar\u00e3o \u2013 Curitiba PR.<\/p>\n","protected":false},"excerpt":{"rendered":"<p>Tema: Po\u00e9ticas Art\u00edsticas. 9\/6 &#8211; Cristina Mendes e Joz\u00e9 Roberto da Silva A s\u00e9tima live acontece no dia 9 de junho e contar\u00e1 com a participa\u00e7\u00e3o do artista e professor de gravura do Solar do Bar\u00e3o em Curitiba, Joz\u00e9 Roberto da Silva, mediada pela professora Dra Maria Cristina Mendes do Departamento de Artes da Universidade&nbsp;&hellip;<\/p>\n","protected":false},"author":151,"featured_media":554,"comment_status":"closed","ping_status":"open","sticky":false,"template":"","format":"standard","meta":[],"categories":[12],"tags":[],"_links":{"self":[{"href":"https:\/\/www2.uepg.br\/licenciatura-artes-visuais\/wp-json\/wp\/v2\/posts\/553"}],"collection":[{"href":"https:\/\/www2.uepg.br\/licenciatura-artes-visuais\/wp-json\/wp\/v2\/posts"}],"about":[{"href":"https:\/\/www2.uepg.br\/licenciatura-artes-visuais\/wp-json\/wp\/v2\/types\/post"}],"author":[{"embeddable":true,"href":"https:\/\/www2.uepg.br\/licenciatura-artes-visuais\/wp-json\/wp\/v2\/users\/151"}],"replies":[{"embeddable":true,"href":"https:\/\/www2.uepg.br\/licenciatura-artes-visuais\/wp-json\/wp\/v2\/comments?post=553"}],"version-history":[{"count":2,"href":"https:\/\/www2.uepg.br\/licenciatura-artes-visuais\/wp-json\/wp\/v2\/posts\/553\/revisions"}],"predecessor-version":[{"id":574,"href":"https:\/\/www2.uepg.br\/licenciatura-artes-visuais\/wp-json\/wp\/v2\/posts\/553\/revisions\/574"}],"wp:featuredmedia":[{"embeddable":true,"href":"https:\/\/www2.uepg.br\/licenciatura-artes-visuais\/wp-json\/wp\/v2\/media\/554"}],"wp:attachment":[{"href":"https:\/\/www2.uepg.br\/licenciatura-artes-visuais\/wp-json\/wp\/v2\/media?parent=553"}],"wp:term":[{"taxonomy":"category","embeddable":true,"href":"https:\/\/www2.uepg.br\/licenciatura-artes-visuais\/wp-json\/wp\/v2\/categories?post=553"},{"taxonomy":"post_tag","embeddable":true,"href":"https:\/\/www2.uepg.br\/licenciatura-artes-visuais\/wp-json\/wp\/v2\/tags?post=553"}],"curies":[{"name":"wp","href":"https:\/\/api.w.org\/{rel}","templated":true}]}}