{"id":556,"date":"2020-06-13T15:00:25","date_gmt":"2020-06-13T18:00:25","guid":{"rendered":"http:\/\/www2.uepg.br\/licenciatura-artes-visuais\/?p=556"},"modified":"2021-03-09T14:28:55","modified_gmt":"2021-03-09T17:28:55","slug":"live-grupo-grimpa-arte-producao-pesquisa-e-docencia","status":"publish","type":"post","link":"https:\/\/www2.uepg.br\/licenciatura-artes-visuais\/live-grupo-grimpa-arte-producao-pesquisa-e-docencia\/","title":{"rendered":"LIVE GRUPO GRIMPA: ARTE: PRODU\u00c7\u00c3O, PESQUISA E DOC\u00caNCIA"},"content":{"rendered":"<p><strong>Tema-\u00a0 Arte: Produ\u00e7\u00e3o, Pesquisa e Doc\u00eancia.<\/strong><\/p>\n<p>16\/6 &#8211; Cristina Mendes e Fernando Augusto<\/p>\n<p>A oitava live acontece no dia <strong>16 de junho<\/strong> e contar\u00e1 com a participa\u00e7\u00e3o do artista e professor Dr. Fernando Augusto da Universidade Federal do Esp\u00edrito Santo, mediada pela professora Dra. Maria Cristina Mendes do Departamento de Artes da Universidade Estadual de Ponta Grossa (UEPG). Os participantes conversar\u00e3o sobre o in\u00edcio de sua produ\u00e7\u00e3o art\u00edstica, sobre seu processo de cria\u00e7\u00e3o em desenho, pintura e fotografia, e sobre suas v\u00e1rias experi\u00eancias em resid\u00eancias art\u00edsticas.<\/p>\n<p><strong>Fernando Augusto<\/strong>\u00a0\u00e9 Artista pl\u00e1stico, pintor, desenhista e fot\u00f3grafo, graduado pela Escola de Belas Artes da UFMG. Doutor em comunica\u00e7\u00e3o e Semi\u00f3tica pela Pontif\u00edcia Universidade Cat\u00f3lica de S\u00e3o Paulo e pela L\u00b4Universit\u00e9 Paris I \u2013 Sorbonne Fran\u00e7a. Foi professor do Departamento de Artes Visuais da Universidade Estadual de Londrina, respons\u00e1vel pelas disciplinas de pintura, desenho e fotografia. Foi coordenador do curso de p\u00f3s-gradua\u00e7\u00e3o em Hist\u00f3ria e Teoria da Arte \u2013 Modernidade e P\u00f3s-Modernidade do Departamento de Arte da Universidade Estadual de Londrina. Publicou mais 20 artigos sobre arte no per\u00edodo entre 2001\/2002 na coluna semanal \u201cArte e cultura\u201d do Jornal de Londrina, Londrina-PR. Destacam-se: O vulc\u00e3o, Di\u00e1rio de Viagem, A transitoriedade do desenho, Aparelhos e o Corpo, Parade e entrevistas com os artistas Arthur Luiz Pizza, Fl\u00e1vio Shir\u00f3, Fernanda Magalh\u00e3es, Paolo Ridolfi e La\u00e9rcio Redondo. Foi membro da Associa\u00e7\u00e3o Brasileira de Cr\u00edticos de Arte (ABCA) e da Associa\u00e7\u00e3o Nacional de Pesquisadores em Artes Pl\u00e1sticas (ANPAP). \u00c9 professor do Centro de Artes Visuais da Universidade Federal do Esp\u00edrito Santo \u2013 Vit\u00f3ria &#8211; ES.<\/p>\n","protected":false},"excerpt":{"rendered":"<p>Tema-\u00a0 Arte: Produ\u00e7\u00e3o, Pesquisa e Doc\u00eancia. 16\/6 &#8211; Cristina Mendes e Fernando Augusto A oitava live acontece no dia 16 de junho e contar\u00e1 com a participa\u00e7\u00e3o do artista e professor Dr. Fernando Augusto da Universidade Federal do Esp\u00edrito Santo, mediada pela professora Dra. Maria Cristina Mendes do Departamento de Artes da Universidade Estadual de&nbsp;&hellip;<\/p>\n","protected":false},"author":151,"featured_media":557,"comment_status":"closed","ping_status":"open","sticky":false,"template":"","format":"standard","meta":[],"categories":[12],"tags":[],"_links":{"self":[{"href":"https:\/\/www2.uepg.br\/licenciatura-artes-visuais\/wp-json\/wp\/v2\/posts\/556"}],"collection":[{"href":"https:\/\/www2.uepg.br\/licenciatura-artes-visuais\/wp-json\/wp\/v2\/posts"}],"about":[{"href":"https:\/\/www2.uepg.br\/licenciatura-artes-visuais\/wp-json\/wp\/v2\/types\/post"}],"author":[{"embeddable":true,"href":"https:\/\/www2.uepg.br\/licenciatura-artes-visuais\/wp-json\/wp\/v2\/users\/151"}],"replies":[{"embeddable":true,"href":"https:\/\/www2.uepg.br\/licenciatura-artes-visuais\/wp-json\/wp\/v2\/comments?post=556"}],"version-history":[{"count":2,"href":"https:\/\/www2.uepg.br\/licenciatura-artes-visuais\/wp-json\/wp\/v2\/posts\/556\/revisions"}],"predecessor-version":[{"id":572,"href":"https:\/\/www2.uepg.br\/licenciatura-artes-visuais\/wp-json\/wp\/v2\/posts\/556\/revisions\/572"}],"wp:featuredmedia":[{"embeddable":true,"href":"https:\/\/www2.uepg.br\/licenciatura-artes-visuais\/wp-json\/wp\/v2\/media\/557"}],"wp:attachment":[{"href":"https:\/\/www2.uepg.br\/licenciatura-artes-visuais\/wp-json\/wp\/v2\/media?parent=556"}],"wp:term":[{"taxonomy":"category","embeddable":true,"href":"https:\/\/www2.uepg.br\/licenciatura-artes-visuais\/wp-json\/wp\/v2\/categories?post=556"},{"taxonomy":"post_tag","embeddable":true,"href":"https:\/\/www2.uepg.br\/licenciatura-artes-visuais\/wp-json\/wp\/v2\/tags?post=556"}],"curies":[{"name":"wp","href":"https:\/\/api.w.org\/{rel}","templated":true}]}}