{"id":560,"date":"2020-06-27T15:00:12","date_gmt":"2020-06-27T18:00:12","guid":{"rendered":"http:\/\/www2.uepg.br\/licenciatura-artes-visuais\/?p=560"},"modified":"2021-03-09T14:28:55","modified_gmt":"2021-03-09T17:28:55","slug":"live-grupo-grimpa-poeticas-artisticas-2","status":"publish","type":"post","link":"https:\/\/www2.uepg.br\/licenciatura-artes-visuais\/live-grupo-grimpa-poeticas-artisticas-2\/","title":{"rendered":"LIVE GRUPO GRIMPA: PO\u00c9TICAS ART\u00cdSTICAS"},"content":{"rendered":"<p><strong>Tema: Po\u00e9ticas Art\u00edsticas.<\/strong><\/p>\n<p>30\/06 &#8211; Nelson Silva Junior e Glaucia Fl\u00fcgel<\/p>\n<p>A nona live acontece no dia <strong>30 de junho<\/strong> e contar\u00e1 com a participa\u00e7\u00e3o da artista professora Glaucia Fl\u00fcgel, mediada pelo professor Dr. Nelson Silva Junior do Departamento de Artes da Universidade Estadual de Ponta Grossa (UEPG). Os participantes conversar\u00e3o sobre processo de cria\u00e7\u00e3o em cer\u00e2mica e sobre o tr\u00e2nsito da artista entre as linguagens do desenho, da gravura e da cer\u00e2mica.<\/p>\n<p><strong>Glaucia Fl\u00fcgel<\/strong> \u00e9 graduada no curso Superior de Escultura pela Escola de M\u00fasica e Belas Artes do Paran\u00e1 no ano de 1999 e possui especializa\u00e7\u00e3o em Hist\u00f3ria da Arte do s\u00e9culo XX pela mesma institui\u00e7\u00e3o, conclu\u00eddo no ano de 2002 e cursou disciplina do mestrado em Po\u00e9ticas Visuais da ECA\/USP em 2012. Tem experi\u00eancia com o ensino superior, na \u00e1rea de Artes Visuais, com \u00eanfase em Escultura Cer\u00e2mica e Hist\u00f3ria da Arte. Participa de sal\u00f5es de artes visuais e recebeu tr\u00eas pr\u00eamios nacionais. Foi contemplada com Bolsa Produ\u00e7\u00e3o Para Artes Visuais da Funda\u00e7\u00e3o Cultural de Curitiba\/PR no ano de 2008\/2009.<\/p>\n<p>&nbsp;<\/p>\n<p>&nbsp;<\/p>\n","protected":false},"excerpt":{"rendered":"<p>Tema: Po\u00e9ticas Art\u00edsticas. 30\/06 &#8211; Nelson Silva Junior e Glaucia Fl\u00fcgel A nona live acontece no dia 30 de junho e contar\u00e1 com a participa\u00e7\u00e3o da artista professora Glaucia Fl\u00fcgel, mediada pelo professor Dr. Nelson Silva Junior do Departamento de Artes da Universidade Estadual de Ponta Grossa (UEPG). Os participantes conversar\u00e3o sobre processo de cria\u00e7\u00e3o&nbsp;&hellip;<\/p>\n","protected":false},"author":151,"featured_media":561,"comment_status":"closed","ping_status":"open","sticky":false,"template":"","format":"standard","meta":[],"categories":[12],"tags":[],"_links":{"self":[{"href":"https:\/\/www2.uepg.br\/licenciatura-artes-visuais\/wp-json\/wp\/v2\/posts\/560"}],"collection":[{"href":"https:\/\/www2.uepg.br\/licenciatura-artes-visuais\/wp-json\/wp\/v2\/posts"}],"about":[{"href":"https:\/\/www2.uepg.br\/licenciatura-artes-visuais\/wp-json\/wp\/v2\/types\/post"}],"author":[{"embeddable":true,"href":"https:\/\/www2.uepg.br\/licenciatura-artes-visuais\/wp-json\/wp\/v2\/users\/151"}],"replies":[{"embeddable":true,"href":"https:\/\/www2.uepg.br\/licenciatura-artes-visuais\/wp-json\/wp\/v2\/comments?post=560"}],"version-history":[{"count":2,"href":"https:\/\/www2.uepg.br\/licenciatura-artes-visuais\/wp-json\/wp\/v2\/posts\/560\/revisions"}],"predecessor-version":[{"id":571,"href":"https:\/\/www2.uepg.br\/licenciatura-artes-visuais\/wp-json\/wp\/v2\/posts\/560\/revisions\/571"}],"wp:featuredmedia":[{"embeddable":true,"href":"https:\/\/www2.uepg.br\/licenciatura-artes-visuais\/wp-json\/wp\/v2\/media\/561"}],"wp:attachment":[{"href":"https:\/\/www2.uepg.br\/licenciatura-artes-visuais\/wp-json\/wp\/v2\/media?parent=560"}],"wp:term":[{"taxonomy":"category","embeddable":true,"href":"https:\/\/www2.uepg.br\/licenciatura-artes-visuais\/wp-json\/wp\/v2\/categories?post=560"},{"taxonomy":"post_tag","embeddable":true,"href":"https:\/\/www2.uepg.br\/licenciatura-artes-visuais\/wp-json\/wp\/v2\/tags?post=560"}],"curies":[{"name":"wp","href":"https:\/\/api.w.org\/{rel}","templated":true}]}}