{"id":565,"date":"2020-06-27T15:10:19","date_gmt":"2020-06-27T18:10:19","guid":{"rendered":"http:\/\/www2.uepg.br\/licenciatura-artes-visuais\/?p=565"},"modified":"2021-03-09T14:28:55","modified_gmt":"2021-03-09T17:28:55","slug":"live-grupo-grimpa-poeticas-artisticas-3","status":"publish","type":"post","link":"https:\/\/www2.uepg.br\/licenciatura-artes-visuais\/live-grupo-grimpa-poeticas-artisticas-3\/","title":{"rendered":"LIVE GRUPO GRIMPA: PO\u00c9TICAS ART\u00cdSTICAS"},"content":{"rendered":"<p><strong>Tema: Po\u00e9ticas Art\u00edsticas<\/strong><\/p>\n<p>30\/06- Andr\u00e9 Rigatti e Renato Torres<\/p>\n<p><span style=\"font-weight: 400\">A d\u00e9cima live acontece no dia<strong> 30 de junho<\/strong> e contar\u00e1 com a participa\u00e7\u00e3o da artista visual e professor Andr\u00e9 Rigatti da Universidade Federal de Rond\u00f4nia, mediada pelo professor Dr Renato Torres do Departamento de Artes da Universidade Estadual de Ponta Grossa (UEPG), coordenador do projeto de extens\u00e3o \u201cEspa\u00e7o permanente de produ\u00e7\u00e3o em Artes Visuais \u2013 Grupo Grimpa\u201d. Os participantes conversar\u00e3o sobre o processo de cria\u00e7\u00e3o e a doc\u00eancia e sobre a trajet\u00f3ria e qualidade da produ\u00e7\u00e3o art\u00edstica de Rigatti, desenvolvida principalmente nas linguagens de pintura, gravura e desenho<\/span><\/p>\n<p><strong>Andr\u00e9 Rigatti:<\/strong>\u00a0 Atualmente est\u00e1 residindo em Portugal, desenvolvendo sua pesquisa de Doutorado na Faculdade de Belas Artes da Universidade do Porto, sobre sua produ\u00e7\u00e3o em pintura. Como artista, realizou in\u00fameras exposi\u00e7\u00f5es individuais, tais como, na Galeria Ocupa em Porto Portugal em 2020, na Galeria Ybakatu em Curitiba em 2019, Galeria Virg\u00edlio em S\u00e3o Paulo em 2013, Centro Universit\u00e1rio Maria Ant\u00f4nia em S\u00e3o Paulo em 2012 e Museu de Arte Contempor\u00e2nea do Paran\u00e1 em 2008, entre outras. Participou de in\u00fameras exposi\u00e7\u00f5es coletivas no Brasil e exterior. Sua produ\u00e7\u00e3o art\u00edstica se insere na Arte Contempor\u00e2nea, contribuindo para a compreens\u00e3o do fazer art\u00edstico e da inser\u00e7\u00e3o em circuitos oficiais de arte.<\/p>\n<p>OBS: A live \u00e9 aberta ao p\u00fablico e acontece pela rede social instagram @grupo_grimpa, dando continuidade a uma s\u00e9rie de conversas sobre Arte neste per\u00edodo de combate \u00e0 pandemia de covid-19. Todas as ter\u00e7as um convidado especial participa da live.<\/p>\n<p>Para conhecer mais sobre a produ\u00e7\u00e3o art\u00edstica de Andr\u00e9 Rigatti \u00e9 s\u00f3 acessar o site <a href=\"https:\/\/www.andrerigatti.com\/\">https:\/\/www.andrerigatti.com\/<\/a><\/p>\n","protected":false},"excerpt":{"rendered":"<p>Tema: Po\u00e9ticas Art\u00edsticas 30\/06- Andr\u00e9 Rigatti e Renato Torres A d\u00e9cima live acontece no dia 30 de junho e contar\u00e1 com a participa\u00e7\u00e3o da artista visual e professor Andr\u00e9 Rigatti da Universidade Federal de Rond\u00f4nia, mediada pelo professor Dr Renato Torres do Departamento de Artes da Universidade Estadual de Ponta Grossa (UEPG), coordenador do projeto&nbsp;&hellip;<\/p>\n","protected":false},"author":151,"featured_media":566,"comment_status":"closed","ping_status":"open","sticky":false,"template":"","format":"standard","meta":[],"categories":[12],"tags":[],"_links":{"self":[{"href":"https:\/\/www2.uepg.br\/licenciatura-artes-visuais\/wp-json\/wp\/v2\/posts\/565"}],"collection":[{"href":"https:\/\/www2.uepg.br\/licenciatura-artes-visuais\/wp-json\/wp\/v2\/posts"}],"about":[{"href":"https:\/\/www2.uepg.br\/licenciatura-artes-visuais\/wp-json\/wp\/v2\/types\/post"}],"author":[{"embeddable":true,"href":"https:\/\/www2.uepg.br\/licenciatura-artes-visuais\/wp-json\/wp\/v2\/users\/151"}],"replies":[{"embeddable":true,"href":"https:\/\/www2.uepg.br\/licenciatura-artes-visuais\/wp-json\/wp\/v2\/comments?post=565"}],"version-history":[{"count":2,"href":"https:\/\/www2.uepg.br\/licenciatura-artes-visuais\/wp-json\/wp\/v2\/posts\/565\/revisions"}],"predecessor-version":[{"id":570,"href":"https:\/\/www2.uepg.br\/licenciatura-artes-visuais\/wp-json\/wp\/v2\/posts\/565\/revisions\/570"}],"wp:featuredmedia":[{"embeddable":true,"href":"https:\/\/www2.uepg.br\/licenciatura-artes-visuais\/wp-json\/wp\/v2\/media\/566"}],"wp:attachment":[{"href":"https:\/\/www2.uepg.br\/licenciatura-artes-visuais\/wp-json\/wp\/v2\/media?parent=565"}],"wp:term":[{"taxonomy":"category","embeddable":true,"href":"https:\/\/www2.uepg.br\/licenciatura-artes-visuais\/wp-json\/wp\/v2\/categories?post=565"},{"taxonomy":"post_tag","embeddable":true,"href":"https:\/\/www2.uepg.br\/licenciatura-artes-visuais\/wp-json\/wp\/v2\/tags?post=565"}],"curies":[{"name":"wp","href":"https:\/\/api.w.org\/{rel}","templated":true}]}}