{"id":152,"date":"2019-09-13T09:08:23","date_gmt":"2019-09-13T12:08:23","guid":{"rendered":"http:\/\/www2.uepg.br\/museu\/?p=152"},"modified":"2022-10-05T00:56:19","modified_gmt":"2022-10-05T03:56:19","slug":"museu-da-uepg-organiza-acervo-de-200-mil-imagens-do-foto-elite","status":"publish","type":"post","link":"https:\/\/www2.uepg.br\/museu\/museu-da-uepg-organiza-acervo-de-200-mil-imagens-do-foto-elite\/","title":{"rendered":"Museu da UEPG organiza acervo de 200 mil imagens do Foto Elite"},"content":{"rendered":"<p>O Museu Campos Gerais da Universidade Estadual de Ponta Grossa lan\u00e7ou esta semana a exposi\u00e7\u00e3o inaugural do Foto Elite (FE), uma mostra do in\u00edcio da organiza\u00e7\u00e3o do acervo com mais de 200 mil imagens. O conjunto, adquirido pela institui\u00e7\u00e3o em julho, registra parte da hist\u00f3ria de Ponta Grossa durante o\u00a0<strong><img loading=\"lazy\" class=\"wp-image-2120 alignleft ls-is-cached lazyloaded\" src=\"https:\/\/www.uepg.br\/wp-content\/uploads\/2019\/09\/fe3.jpg\" alt=\"\" width=\"550\" height=\"440\" data-srcset=\"https:\/\/www.uepg.br\/wp-content\/uploads\/2019\/09\/fe3.jpg 1920w, https:\/\/www.uepg.br\/wp-content\/uploads\/2019\/09\/fe3-300x240.jpg 300w, https:\/\/www.uepg.br\/wp-content\/uploads\/2019\/09\/fe3-768x614.jpg 768w, https:\/\/www.uepg.br\/wp-content\/uploads\/2019\/09\/fe3-1024x819.jpg 1024w, https:\/\/www.uepg.br\/wp-content\/uploads\/2019\/09\/fe3-1232x985.jpg 1232w, https:\/\/www.uepg.br\/wp-content\/uploads\/2019\/09\/fe3-1351x1080.jpg 1351w\" data-src=\"https:\/\/www.uepg.br\/wp-content\/uploads\/2019\/09\/fe3.jpg\" \/><\/strong>s\u00e9culo XX. No futuro, o MCG lan\u00e7ar\u00e1 uma grande exposi\u00e7\u00e3o e disponibilizar\u00e1 o acervo para consulta digital.<\/p>\n<p>A diversidade \u00e9 uma das marcas do acervo, que perpassa cinco d\u00e9cadas. \u201c\u00c9 poss\u00edvel remontar a hist\u00f3ria do circuito art\u00edstico em Ponta Grossa, dos carnavais em clubes, cerim\u00f4nias familiares, times de futebol local, corridas no Jockey Club, al\u00e9m de transforma\u00e7\u00f5es do espa\u00e7o urbano, a exemplo da destrui\u00e7\u00e3o da antiga catedral\u201d, diz Rafael Schoenherr, diretor do acervo do MCG. \u201cH\u00e1 uma continuidade nesses conjuntos fotogr\u00e1ficos que expressam o pr\u00f3prio cotidiano de uma cidade em suas diversas marcas de visibilidade social\u201d, complementa Schoenherr.<\/p>\n<p>Seu Domingos recebeu fotos antigas de outros fot\u00f3grafos e de pessoas comuns que gostariam de preserv\u00e1-las. Outras foram emprestadas para serem reproduzidas em papel fotogr\u00e1fico ou digitalmente. \u201cH\u00e1 registros das ruas da cidade, imagens a\u00e9reas dos bairros, fotos de institui\u00e7\u00f5es como clubes e associa\u00e7\u00f5es, retratos de fam\u00edlias e pol\u00edticos locais, al\u00e9m de in\u00fameros eventos. H\u00e1 tamb\u00e9m fotos de est\u00fadio\u201d, afirma Patr\u00edcia Camera, diretora de a\u00e7\u00f5es educativas do MCG. Ela destaca que o acervo revela a preocupa\u00e7\u00e3o de Domingos com a preserva\u00e7\u00e3o de fotografias e a difus\u00e3o da mem\u00f3ria visual de Ponta Grossa.<br \/>\nGrande parte do conjunto documental \u00e9 composto por trabalhos no est\u00fadio, fundado por Germano Koch em 1954 e comprado por Domingos Silva em 1977. \u201cA hist\u00f3ria de Domingos no ramo fotogr\u00e1fico tem in\u00edcio no Foto Weiss, onde trabalha entre 1955 e 1977\u201d, explica a professora. Para ela, a paix\u00e3o de Domingos pela fotografia e a localiza\u00e7\u00e3o central do est\u00fadio na movimentada Francisco Ribas s\u00e3o importantes para a hist\u00f3ria do acervo.<\/p>\n<p><img loading=\"lazy\" class=\"wp-image-2119 aligncenter lazyloaded\" src=\"https:\/\/www.uepg.br\/wp-content\/uploads\/2019\/09\/FE2.jpg\" alt=\"\" width=\"921\" height=\"736\" data-srcset=\"https:\/\/www.uepg.br\/wp-content\/uploads\/2019\/09\/FE2.jpg 1920w, https:\/\/www.uepg.br\/wp-content\/uploads\/2019\/09\/FE2-300x240.jpg 300w, https:\/\/www.uepg.br\/wp-content\/uploads\/2019\/09\/FE2-768x614.jpg 768w, https:\/\/www.uepg.br\/wp-content\/uploads\/2019\/09\/FE2-1024x819.jpg 1024w, https:\/\/www.uepg.br\/wp-content\/uploads\/2019\/09\/FE2-1232x985.jpg 1232w, https:\/\/www.uepg.br\/wp-content\/uploads\/2019\/09\/FE2-1351x1080.jpg 1351w\" data-src=\"https:\/\/www.uepg.br\/wp-content\/uploads\/2019\/09\/FE2.jpg\" \/><br \/>\n<strong>Diagn\u00f3stico<\/strong><br \/>\nO tratamento do conjunto est\u00e1 na fase de diagn\u00f3stico do estado f\u00edsico de negativos, fotos em papel, \u00e1lbuns de fotografia e documentos. Tipos de suporte fotogr\u00e1fico (base de vidro ou acetado) e formatos (filmes de pequeno, m\u00e9dio e grande formato), al\u00e9m de objetos e fotografias positivas (papel ou dispositivo) est\u00e3o sendo catalogados. \u201cNessa tabela tamb\u00e9m informamos qual \u00e9 a condu\u00e7\u00e3o do estado f\u00edsico e a quantidade aproximada para termos um panorama geral do acervo. Tamb\u00e9m se existe informa\u00e7\u00f5es de legendas e datas nos envelopes e caixas de negativos\u201d, diz Camera. O diagn\u00f3stico direcionar\u00e1 as pr\u00f3ximas a\u00e7\u00f5es de higieniza\u00e7\u00e3o, cataloga\u00e7\u00e3o e armazenamento<\/p>\n<p><strong>Equipe de pesquisadores<\/strong><strong><img loading=\"lazy\" class=\"wp-image-2113 alignright lazyloaded\" src=\"https:\/\/www.uepg.br\/wp-content\/uploads\/2019\/09\/foto-elite-mcg.jpg\" alt=\"\" width=\"525\" height=\"349\" data-srcset=\"https:\/\/www.uepg.br\/wp-content\/uploads\/2019\/09\/foto-elite-mcg.jpg 1280w, https:\/\/www.uepg.br\/wp-content\/uploads\/2019\/09\/foto-elite-mcg-300x200.jpg 300w, https:\/\/www.uepg.br\/wp-content\/uploads\/2019\/09\/foto-elite-mcg-768x511.jpg 768w, https:\/\/www.uepg.br\/wp-content\/uploads\/2019\/09\/foto-elite-mcg-1024x682.jpg 1024w, https:\/\/www.uepg.br\/wp-content\/uploads\/2019\/09\/foto-elite-mcg-1232x820.jpg 1232w, https:\/\/www.uepg.br\/wp-content\/uploads\/2019\/09\/foto-elite-mcg-272x182.jpg 272w\" data-src=\"https:\/\/www.uepg.br\/wp-content\/uploads\/2019\/09\/foto-elite-mcg.jpg\" \/><\/strong><br \/>\nTr\u00eas alunos-bolsistas do curso de Licenciatura em Artes Visuais e um do curso de Hist\u00f3ria, que tamb\u00e9m trabalham na organiza\u00e7\u00e3o do Fundo Foto Bianchi, fazem parte da equipe de trabalho. A participa\u00e7\u00e3o dos estudantes, de acordo com a diretora, foi poss\u00edvel gra\u00e7as \u00e0 mudan\u00e7a de endere\u00e7o da Casa da Mem\u00f3ria. Egressos dos cursos de Hist\u00f3ria e Geografia que passaram pelo mesmo projeto de extens\u00e3o foram convidados para o tratamento do acervo. Tamb\u00e9m integram a equipe de organiza\u00e7\u00e3o os funcion\u00e1rios do MCG e, na coordena\u00e7\u00e3o, os diretores do museu, Niltonci Chaves, Patr\u00edcia Camera e Rafael Rafael Schoenherr. \u201cInteressante notar que a organiza\u00e7\u00e3o do pr\u00f3prio acervo \u00e9 uma a\u00e7\u00e3o educativa que est\u00e1 ocorrendo com os funcion\u00e1rios do museu\u201d, destaca Camera.<\/p>\n<p><strong>Mem\u00f3rias Digitais<\/strong><br \/>\nO objetivo do trabalho, que ainda demandar\u00e1 muitos meses, \u00e9 disponibilizar as imagens no portal mem\u00f3riasdigitais.uepg. \u201cNo entanto, temos que pensar que as fotografias compunham um acervo empresarial e que o mesmo est\u00e1 passando por um processo que resultar\u00e1 em uma mudan\u00e7a de estatuto\u201d, diz Niltonci Chaves, diretor do MCG.<\/p>\n<p><strong>Foto Bianchi<\/strong><br \/>\nPonta Grossa \u00e9 uma cidade que apresenta uma importante e vasta produ\u00e7\u00e3o de fotografias. Um dos destaques \u00e9 o Fundo Foto Bianchi, localizado na Casa da Mem\u00f3ria Paran. O Fundo compreende a primeira d\u00e9cada do s\u00e9culo XX at\u00e9 1970. \u201cA aquisi\u00e7\u00e3o do FE por parte da universidade foi fundamental por completar essa hist\u00f3ria, mas principalmente por dar continuidade \u00e0 preserva\u00e7\u00e3o das imagens de retratos, eventos e mudan\u00e7as da cidade registradas at\u00e9 a nossa contemporaneidade\u201d, finaliza Camera.<\/p>\n<hr \/>\n<h6><em>Texto: Luciane Navarro\u00a0\u00a0\u00a0\u00a0 Fotos: Rafael Schoenherr e Patr\u00edcia Camera<\/em><\/h6>\n","protected":false},"excerpt":{"rendered":"<p>O Museu Campos Gerais da Universidade Estadual de Ponta Grossa lan\u00e7ou esta semana a exposi\u00e7\u00e3o inaugural do Foto Elite (FE), uma mostra do in\u00edcio da organiza\u00e7\u00e3o do acervo com mais de 200 mil imagens. O conjunto, adquirido pela institui\u00e7\u00e3o em julho, registra parte da hist\u00f3ria de Ponta Grossa durante o\u00a0s\u00e9culo XX. No futuro, o MCG&nbsp;&hellip;<\/p>\n","protected":false},"author":24,"featured_media":153,"comment_status":"closed","ping_status":"open","sticky":false,"template":"","format":"standard","meta":[],"categories":[3],"tags":[],"_links":{"self":[{"href":"https:\/\/www2.uepg.br\/museu\/wp-json\/wp\/v2\/posts\/152"}],"collection":[{"href":"https:\/\/www2.uepg.br\/museu\/wp-json\/wp\/v2\/posts"}],"about":[{"href":"https:\/\/www2.uepg.br\/museu\/wp-json\/wp\/v2\/types\/post"}],"author":[{"embeddable":true,"href":"https:\/\/www2.uepg.br\/museu\/wp-json\/wp\/v2\/users\/24"}],"replies":[{"embeddable":true,"href":"https:\/\/www2.uepg.br\/museu\/wp-json\/wp\/v2\/comments?post=152"}],"version-history":[{"count":1,"href":"https:\/\/www2.uepg.br\/museu\/wp-json\/wp\/v2\/posts\/152\/revisions"}],"predecessor-version":[{"id":154,"href":"https:\/\/www2.uepg.br\/museu\/wp-json\/wp\/v2\/posts\/152\/revisions\/154"}],"wp:featuredmedia":[{"embeddable":true,"href":"https:\/\/www2.uepg.br\/museu\/wp-json\/wp\/v2\/media\/153"}],"wp:attachment":[{"href":"https:\/\/www2.uepg.br\/museu\/wp-json\/wp\/v2\/media?parent=152"}],"wp:term":[{"taxonomy":"category","embeddable":true,"href":"https:\/\/www2.uepg.br\/museu\/wp-json\/wp\/v2\/categories?post=152"},{"taxonomy":"post_tag","embeddable":true,"href":"https:\/\/www2.uepg.br\/museu\/wp-json\/wp\/v2\/tags?post=152"}],"curies":[{"name":"wp","href":"https:\/\/api.w.org\/{rel}","templated":true}]}}