{"id":614,"date":"2022-08-16T10:59:30","date_gmt":"2022-08-16T13:59:30","guid":{"rendered":"https:\/\/www2.uepg.br\/nuntiare\/?p=614"},"modified":"2022-08-16T11:21:22","modified_gmt":"2022-08-16T14:21:22","slug":"a-incansavel-rotina-de-maria-cristina","status":"publish","type":"post","link":"https:\/\/www2.uepg.br\/nuntiare\/a-incansavel-rotina-de-maria-cristina\/","title":{"rendered":"A incans\u00e1vel rotina de Maria Cristina"},"content":{"rendered":"<p><span style=\"font-weight: 400\">Maria Cristina acorda por volta das seis horas da manh\u00e3; toma caf\u00e9; coloca as roupas para lavar e sai em dire\u00e7\u00e3o ao trabalho \u00e0s oito horas; por volta de meio-dia, ela sai do trabalho; busca comida para sua m\u00e3e, marido e filha; vai para casa da m\u00e3e deixar o almo\u00e7o e chega em casa; come; volta para o trabalho; sai do trabalho \u00e0s 17 horas; busca janta e demais coisas de que sua m\u00e3e precise; vai para a casa da progenitora, que necessita dos seus cuidados; durante o per\u00edodo da pandemia de Covid-19, Maria perdeu seu pai, que vivia com sua m\u00e3e; os dois, j\u00e1 idosos e com alguns problemas de sa\u00fade, eram focos poss\u00edveis da pandemia; \u201ccomo eu sa\u00eda mais, eu buscava coisas de mercado, de comer, para ter uma \u00fanica pessoa fora de casa e foi desafiador porque, neste per\u00edodo, eu tamb\u00e9m precisava cuidar dos meus pais; eles n\u00e3o podiam sair, s\u00e3o idosos, dependiam s\u00f3 de mim, porque n\u00e3o tem mais ningu\u00e9m da fam\u00edlia aqui, meus irm\u00e3os moram todos fora; ent\u00e3o eu corria para resolver as coisas para eles e para minha casa, foi uma jornada puxada e cansativa\u201d<\/span><\/p>\n<p><span style=\"font-weight: 400\">Confira nas palavras de Maria;<\/span><\/p>\n<!--[if lt IE 9]><script>document.createElement('audio');<\/script><![endif]-->\n<audio class=\"wp-audio-shortcode\" id=\"audio-614-1\" preload=\"none\" style=\"width: 100%;\" controls=\"controls\"><source type=\"audio\/mpeg\" src=\"https:\/\/www2.uepg.br\/nuntiare\/wp-content\/uploads\/sites\/236\/2022\/08\/off-1-maria-c-.mp3?_=1\" \/><a href=\"https:\/\/www2.uepg.br\/nuntiare\/wp-content\/uploads\/sites\/236\/2022\/08\/off-1-maria-c-.mp3\">https:\/\/www2.uepg.br\/nuntiare\/wp-content\/uploads\/sites\/236\/2022\/08\/off-1-maria-c-.mp3<\/a><\/audio>\n<p><span style=\"font-weight: 400\"> assim que o pai de Maria morreu, sua m\u00e3e, Joyce, de 83 anos, que vinha tendo problemas neurol\u00f3gicos, como o in\u00edcio de uma dem\u00eancia em etapa de diagn\u00f3stico de Alzheimer, teve um gatilho de piora, necessitando ainda mais dos cuidados da filha; por isso, Maria considera sua rotina, agora, no chamado p\u00f3s-pandemia, em 2022, ainda mais exaustiva do que anteriormente, entre 2020 e 2021; dados do <\/span><span style=\"font-weight: 400\">Estudo Longitudinal da Sa\u00fade do Adulto (Elsa-Brasil)<\/span><span style=\"font-weight: 400\"> apontam que,<\/span><span style=\"font-weight: 400\"> durante o per\u00edodo pand\u00eamico, as mulheres realizaram, em m\u00e9dia, quatro horas de trabalho dom\u00e9stico por semana a mais do que os homens; a pesquisa tamb\u00e9m mostra que essa m\u00faltipla jornada de trabalho da mulher fez com que elas ficassem mais vulner\u00e1veis \u00e0 depress\u00e3o, estresse e ansiedade, como Maria; atualmente, <\/span><span style=\"font-weight: 400\">sua m\u00e3e fica sob os cuidados de uma cuidadora de idosas durante a manh\u00e3 e tarde, mas depois precisa da filha; \u201cna minha casa, sentem falta de mim, as coisas n\u00e3o est\u00e3o no lugar, como estavam todos os dias\u201d; e, mesmo tendo ajuda do marido, Maria sabe que sua presen\u00e7a faz falta; com tanta correria, al\u00e9m do cansa\u00e7o f\u00edsico, ela tamb\u00e9m sente cansa\u00e7o emocional, pois n\u00e3o poder dedicar mais da sua vida a si mesma; \u201ca gente passa a n\u00e3o ter mais tempo para fazer um esporte, para se cuidar, ent\u00e3o, \u00f3bvio, voc\u00ea come\u00e7a a ter dor de cabe\u00e7a, voc\u00ea come\u00e7a a engordar, voc\u00ea come\u00e7a a ter sintomas de um sedentarismo e de um cansa\u00e7o f\u00edsico e emocional\u201d<\/span><\/p>\n<p><span style=\"font-weight: 400\">Maria relata;<\/span><\/p>\n<audio class=\"wp-audio-shortcode\" id=\"audio-614-2\" preload=\"none\" style=\"width: 100%;\" controls=\"controls\"><source type=\"audio\/mpeg\" src=\"https:\/\/www2.uepg.br\/nuntiare\/wp-content\/uploads\/sites\/236\/2022\/08\/off-2-maria-c-.mp3?_=2\" \/><a href=\"https:\/\/www2.uepg.br\/nuntiare\/wp-content\/uploads\/sites\/236\/2022\/08\/off-2-maria-c-.mp3\">https:\/\/www2.uepg.br\/nuntiare\/wp-content\/uploads\/sites\/236\/2022\/08\/off-2-maria-c-.mp3<\/a><\/audio>\n<p><span style=\"font-weight: 400\">mesmo com todas as mudan\u00e7as que a pandemia de Covid-19 trouxe para o trabalho de Maria, como a transfer\u00eancia de pacientes para libera\u00e7\u00e3o de mais leitos e, mesmo trabalhando mais na adequa\u00e7\u00e3o do espa\u00e7o f\u00edsico do hospital, ela tenta se dividir nos cuidados da sua m\u00e3e com sua irm\u00e3 de Curitiba, para que possa ter um tempo para descansar e se cuidar; mas, por enquanto, ela acorda por volta das seis horas da manh\u00e3; toma caf\u00e9; coloca as roupas para lavar\u2026<\/span><\/p>\n<p><b>Ficha t\u00e9cnica:<\/b><\/p>\n<p><b>Reportagem:\u00a0<\/b>Yasmin Orlowski<\/p>\n<p><strong>Foto e \u00e1udio: <\/strong>Yasmin Orlowski<\/p>\n<p><b>Edi\u00e7\u00e3o e Publica\u00e7\u00e3o:<\/b> Yasmin Orlowski<\/p>\n<p><b>Supervis\u00e3o de produ\u00e7\u00e3o:<\/b>\u00a0Marcos Zibordi<\/p>\n<p><b>Supervis\u00e3o de publica\u00e7\u00e3o:<\/b>\u00a0Candida de Oliveira e\u00a0Muriel E. P. Amaral<\/p>\n","protected":false},"excerpt":{"rendered":"<p>Maria Cristina acorda por volta das seis horas da manh\u00e3; toma caf\u00e9; coloca as roupas para lavar e sai em dire\u00e7\u00e3o ao trabalho \u00e0s oito horas; por volta de meio-dia, ela sai do trabalho; busca comida para sua m\u00e3e, marido e filha; vai para casa da m\u00e3e deixar o almo\u00e7o e chega em casa; come;&nbsp;&hellip;<\/p>\n","protected":false},"author":505,"featured_media":615,"comment_status":"closed","ping_status":"open","sticky":false,"template":"","format":"standard","meta":[],"categories":[8],"tags":[16],"_links":{"self":[{"href":"https:\/\/www2.uepg.br\/nuntiare\/wp-json\/wp\/v2\/posts\/614"}],"collection":[{"href":"https:\/\/www2.uepg.br\/nuntiare\/wp-json\/wp\/v2\/posts"}],"about":[{"href":"https:\/\/www2.uepg.br\/nuntiare\/wp-json\/wp\/v2\/types\/post"}],"author":[{"embeddable":true,"href":"https:\/\/www2.uepg.br\/nuntiare\/wp-json\/wp\/v2\/users\/505"}],"replies":[{"embeddable":true,"href":"https:\/\/www2.uepg.br\/nuntiare\/wp-json\/wp\/v2\/comments?post=614"}],"version-history":[{"count":4,"href":"https:\/\/www2.uepg.br\/nuntiare\/wp-json\/wp\/v2\/posts\/614\/revisions"}],"predecessor-version":[{"id":637,"href":"https:\/\/www2.uepg.br\/nuntiare\/wp-json\/wp\/v2\/posts\/614\/revisions\/637"}],"wp:featuredmedia":[{"embeddable":true,"href":"https:\/\/www2.uepg.br\/nuntiare\/wp-json\/wp\/v2\/media\/615"}],"wp:attachment":[{"href":"https:\/\/www2.uepg.br\/nuntiare\/wp-json\/wp\/v2\/media?parent=614"}],"wp:term":[{"taxonomy":"category","embeddable":true,"href":"https:\/\/www2.uepg.br\/nuntiare\/wp-json\/wp\/v2\/categories?post=614"},{"taxonomy":"post_tag","embeddable":true,"href":"https:\/\/www2.uepg.br\/nuntiare\/wp-json\/wp\/v2\/tags?post=614"}],"curies":[{"name":"wp","href":"https:\/\/api.w.org\/{rel}","templated":true}]}}