{"id":12450,"date":"2026-09-02T15:52:26","date_gmt":"2026-09-02T18:52:26","guid":{"rendered":"https:\/\/www2.uepg.br\/opmat\/?p=12450"},"modified":"2026-09-02T16:30:05","modified_gmt":"2026-09-02T19:30:05","slug":"ensalamento-fase-unica-nm-e-nj-2a-fase-n1-n2-n3-e-n4","status":"publish","type":"post","link":"https:\/\/www2.uepg.br\/opmat\/ensalamento-fase-unica-nm-e-nj-2a-fase-n1-n2-n3-e-n4\/","title":{"rendered":"ENSALAMENTO &#8211; FASE \u00daNICA (NM e NJ)  &#8211;  2\u00aa FASE (N1, N2, N3 E N4)"},"content":{"rendered":"<p>As provas da 2\u00aa fase ocorrer\u00e3o no dia 26 de setembro de 2026. Os alunos dos N\u00edveis Mirim , J\u00fanior e 3 far\u00e3o as provas na Central de Salas de Aula; os alunos dos N\u00edveis 1, 2 e 4 far\u00e3o suas provas no Bloco M , localizados no Campus de Uvaranas da Universidade Estadual de Ponta Grossa \u2013 UEPG.<\/p>\n<p>&nbsp;<\/p>\n<p>&nbsp;<\/p>\n<p style=\"text-align: center\"><strong><em>Aten\u00e7\u00e3o para as informa\u00e7\u00f5es importantes para a prova da 2\u00aa fase da 12\u00aa OPMat:<\/em><\/strong><\/p>\n<p style=\"text-align: justify\">O aluno dever\u00e1 chegar ao lugar em que realizar\u00e1 a prova (Central de Salas ou Bloco M) \u00e0s 13h45, identificar-se ao recepcionista, o qual o encaminhar\u00e1 para sua sala. O aluno dever\u00e1 trazer um documento de identifica\u00e7\u00e3o (RG, carteira de estudante com foto, certid\u00e3o de nascimento, ou crach\u00e1 da OPMat) que ser\u00e1 verificado antes do in\u00edcio da prova. Os port\u00f5es de acesso aos blocos ser\u00e3o fechados \u00e0s 14h20min.<\/p>\n<p style=\"text-align: justify\">Nos locais de prova (Central de Salas ou Bloco M) somente ser\u00e1 permitida a entrada dos alunos que far\u00e3o a prova. Os pais, respons\u00e1veis ou professores que acompanharem seus filhos (ou alunos) dever\u00e3o permanecer do lado de fora dos blocos de aplica\u00e7\u00e3o das provas para garantir o sil\u00eancio e o bom andamento da mesma.<\/p>\n<p style=\"text-align: justify\">Informamos que no Campus Uvaranas n\u00e3o haver\u00e1 cantina funcionando no dia da aplica\u00e7\u00e3o da prova da 2\u00aa fase. O banheiro dispon\u00edvel para uso ter\u00e1 entrada por tr\u00e1s do bloco da Central de Salas de Aula.<\/p>\n<p style=\"text-align: justify\">\u00c9 permitido o uso de caneta, l\u00e1pis, lapiseira, borracha, r\u00e9gua, esquadros e compasso para resolver as quest\u00f5es da prova.<br \/>\nN\u00e3o \u00e9 permitido o uso de calculadora, celular, l\u00e1pis ou canetas com tabuada, rel\u00f3gios com calculadora, ou qualquer outro aparelho eletr\u00f4nico. N\u00e3o \u00e9 permitido entrar na sala de aplica\u00e7\u00e3o de provas com folhas de rascunho, anota\u00e7\u00f5es ou livros.<\/p>\n<p style=\"text-align: justify\">Os alunos ter\u00e3o, no m\u00e1ximo, 3 horas, a partir do in\u00edcio da prova, para realizarem a mesma. O tempo m\u00ednimo de prova \u00e9 de 30 minutos.<\/p>\n<p>&nbsp;<\/p>\n<p>&nbsp;<\/p>\n<p>&nbsp;<\/p>\n<p style=\"text-align: center\"><em><strong>Instru\u00e7\u00f5es N\u00edveis 1, 2, 3 e 4.<\/strong><\/em><\/p>\n<ul>\n<li style=\"text-align: justify\">A prova da 2\u00aa fase, para os n\u00edveis 1, 2, 3 e 4, \u00e9 discursiva e ter\u00e1 de 6 quest\u00f5es. A solu\u00e7\u00e3o de cada quest\u00e3o dever\u00e1 ser escrita na p\u00e1gina reservada a ela, de maneira organizada e leg\u00edvel. Na corre\u00e7\u00e3o ser\u00e3o considerados todos os racioc\u00ednios apresentados. Respostas sem justificativas n\u00e3o ser\u00e3o consideradas na corre\u00e7\u00e3o.<\/li>\n<\/ul>\n<p>&nbsp;<\/p>\n<p>&nbsp;<\/p>\n<p style=\"text-align: center\"><em><strong>Instru\u00e7\u00f5es N\u00edveis Mirim e J\u00fanior<\/strong><\/em><\/p>\n<ul>\n<li style=\"text-align: justify\">A prova do N\u00edvel Mirim ter\u00e1 10 quest\u00f5es, sendo 8 de m\u00faltipla escolha e 2 quest\u00f5es discursivas. Cada uma das 8 quest\u00f5es de m\u00faltipla escolha ter\u00e1 5 alternativas, sendo que apenas uma delas \u00e9 a correta.<\/li>\n<li style=\"text-align: justify\">A prova do N\u00edvel J\u00fanior ter\u00e1 10 quest\u00f5es, sendo 6 de m\u00faltipla escolha e 4 quest\u00f5es discursivas. Cada uma das 6 quest\u00f5es de m\u00faltipla escolha ter\u00e1 5 alternativas, sendo que apenas uma delas \u00e9 a correta.<\/li>\n<\/ul>\n<p style=\"text-align: justify\">O aluno dever\u00e1 usar caneta esferogr\u00e1fica com tinta azul escura ou preta, escrita grossa e de corpo transparente, para fazer o registro da alternativa correta no cart\u00e3o de respostas personalizado que ser\u00e1 corrigido, atrav\u00e9s de leitura \u00f3tica, pela Comiss\u00e3o Permanente de Sele\u00e7\u00e3o (CPS) da UEPG. A solu\u00e7\u00e3o de cada quest\u00e3o discursiva dever\u00e1 ser escrita (a l\u00e1pis ou caneta) na p\u00e1gina reservada a ela, de maneira organizada e leg\u00edvel. Na corre\u00e7\u00e3o ser\u00e3o considerados todos os racioc\u00ednios apresentados. Respostas sem justificativas n\u00e3o ser\u00e3o consideradas na corre\u00e7\u00e3o.<\/p>\n<p>&nbsp;<\/p>\n<p>&nbsp;<\/p>\n<p>&nbsp;<\/p>\n<p style=\"text-align: center\"><em><strong>Ensalamento<\/strong><\/em><\/p>\n<p style=\"text-align: justify\">Para acessar o ensalamento, clique nos links abaixo:<\/p>\n<p style=\"text-align: justify\"><a href=\"http:\/\/www2.uepg.br\/opmat\/wp-content\/uploads\/sites\/49\/2026\/09\/12aOPMAT-Ensalamento_Mirim.pdf\" target=\"_blank\" rel=\"noopener\">12\u00aa OPMat \u2013 Ensalamento Fase \u00danica &#8211; N\u00edvel Mirim<\/a><br \/>\n<a href=\"http:\/\/www2.uepg.br\/opmat\/wp-content\/uploads\/sites\/49\/2026\/09\/12aOPMAT-Ensalamento_Junior.pdf\" target=\"_blank\" rel=\"noopener\">12\u00aa OPMat \u2013 Ensalamento Fase \u00danica &#8211; N\u00edvel J\u00fanior<\/a><br \/>\n<a href=\"http:\/\/www2.uepg.br\/opmat\/wp-content\/uploads\/sites\/49\/2026\/09\/12aOPMAT-Ensalamento_2aFase.pdf\" target=\"_blank\" rel=\"noopener\">12\u00aa OPMat &#8211; Ensalamento\u00a0 2\u00aa Fase &#8211; N1, N2, N3 e N4)<\/a><\/p>\n<p>&nbsp;<\/p>\n<p>Para acessar o modelo de cart\u00e3o-resposta (N\u00edveis Mirim e J\u00fanior), clique abaixo:<\/p>\n<p><a href=\"http:\/\/www2.uepg.br\/opmat\/wp-content\/uploads\/sites\/49\/2026\/05\/modelo-cartao-resposta.pdf\" target=\"_blank\" rel=\"noopener\">Modelo cart\u00e3o-resposta<\/a><\/p>\n<p>&nbsp;<\/p>\n<p>&nbsp;<\/p>\n<p style=\"text-align: justify\"><strong>Qualquer d\u00favida<\/strong>, estamos \u00e0 disposi\u00e7\u00e3o pelo e-mail opmat@uepg.br ou pelos telefones (42) 3220-3048,\u00a0 (42) 98804-1536,\u00a0 (42) 99831-1222,\u00a0 (42) 99998-0144\u00a0 e\u00a0 (42) 98405-8173.<\/p>\n","protected":false},"excerpt":{"rendered":"<p>As provas da 2\u00aa fase ocorrer\u00e3o no dia 26 de setembro de 2026. Os alunos dos N\u00edveis Mirim , J\u00fanior e 3 far\u00e3o as provas na Central de Salas de Aula; os alunos dos N\u00edveis 1, 2 e 4 far\u00e3o suas provas no Bloco M , localizados no Campus de Uvaranas da Universidade Estadual de&nbsp;&hellip;<\/p>\n","protected":false},"author":616,"featured_media":12455,"comment_status":"closed","ping_status":"open","sticky":false,"template":"","format":"standard","meta":[],"categories":[2],"tags":[],"_links":{"self":[{"href":"https:\/\/www2.uepg.br\/opmat\/wp-json\/wp\/v2\/posts\/12450"}],"collection":[{"href":"https:\/\/www2.uepg.br\/opmat\/wp-json\/wp\/v2\/posts"}],"about":[{"href":"https:\/\/www2.uepg.br\/opmat\/wp-json\/wp\/v2\/types\/post"}],"author":[{"embeddable":true,"href":"https:\/\/www2.uepg.br\/opmat\/wp-json\/wp\/v2\/users\/616"}],"replies":[{"embeddable":true,"href":"https:\/\/www2.uepg.br\/opmat\/wp-json\/wp\/v2\/comments?post=12450"}],"version-history":[{"count":5,"href":"https:\/\/www2.uepg.br\/opmat\/wp-json\/wp\/v2\/posts\/12450\/revisions"}],"predecessor-version":[{"id":12459,"href":"https:\/\/www2.uepg.br\/opmat\/wp-json\/wp\/v2\/posts\/12450\/revisions\/12459"}],"wp:featuredmedia":[{"embeddable":true,"href":"https:\/\/www2.uepg.br\/opmat\/wp-json\/wp\/v2\/media\/12455"}],"wp:attachment":[{"href":"https:\/\/www2.uepg.br\/opmat\/wp-json\/wp\/v2\/media?parent=12450"}],"wp:term":[{"taxonomy":"category","embeddable":true,"href":"https:\/\/www2.uepg.br\/opmat\/wp-json\/wp\/v2\/categories?post=12450"},{"taxonomy":"post_tag","embeddable":true,"href":"https:\/\/www2.uepg.br\/opmat\/wp-json\/wp\/v2\/tags?post=12450"}],"curies":[{"name":"wp","href":"https:\/\/api.w.org\/{rel}","templated":true}]}}