{"id":3287,"date":"2026-04-23T12:14:15","date_gmt":"2026-04-23T15:14:15","guid":{"rendered":"https:\/\/www2.uepg.br\/periodico\/?p=3287"},"modified":"2026-04-23T12:14:15","modified_gmt":"2026-04-23T15:14:15","slug":"critica-de-ponta-163","status":"publish","type":"post","link":"https:\/\/www2.uepg.br\/periodico\/critica-de-ponta-163\/","title":{"rendered":"Cr\u00edtica de Ponta #163"},"content":{"rendered":"<p><img loading=\"lazy\" class=\"size-medium wp-image-3240 aligncenter\" src=\"https:\/\/www2.uepg.br\/periodico\/wp-content\/uploads\/sites\/282\/2026\/04\/critica-de-ponta-newsletter.jpg-1-300x169.jpeg\" alt=\"\" width=\"300\" height=\"169\" srcset=\"https:\/\/www2.uepg.br\/periodico\/wp-content\/uploads\/sites\/282\/2026\/04\/critica-de-ponta-newsletter.jpg-1-300x169.jpeg 300w, https:\/\/www2.uepg.br\/periodico\/wp-content\/uploads\/sites\/282\/2026\/04\/critica-de-ponta-newsletter.jpg-1-1024x576.jpeg 1024w, https:\/\/www2.uepg.br\/periodico\/wp-content\/uploads\/sites\/282\/2026\/04\/critica-de-ponta-newsletter.jpg-1-768x432.jpeg 768w, https:\/\/www2.uepg.br\/periodico\/wp-content\/uploads\/sites\/282\/2026\/04\/critica-de-ponta-newsletter.jpg-1-1232x693.jpeg 1232w, https:\/\/www2.uepg.br\/periodico\/wp-content\/uploads\/sites\/282\/2026\/04\/critica-de-ponta-newsletter.jpg-1.jpeg 1280w\" sizes=\"(max-width: 300px) 100vw, 300px\" \/><\/p>\n<p style=\"text-align: center\"><strong>Cr\u00edtica de Ponta<\/strong><\/p>\n<p style=\"text-align: center\">Produzido pelo terceiro ano do curso de Jornalismo da UEPG, o Cr\u00edtica de Ponta traz o melhor da cultura da cidade de Ponta Grossa para voc\u00ea!<\/p>\n<p>&nbsp;<\/p>\n<p><img loading=\"lazy\" class=\"size-medium wp-image-3214 aligncenter\" src=\"https:\/\/www2.uepg.br\/periodico\/wp-content\/uploads\/sites\/282\/2026\/04\/IMG_4573.JPG-300x170.jpeg\" alt=\"\" width=\"300\" height=\"170\" \/><\/p>\n<p>&nbsp;<\/p>\n<p style=\"text-align: center\"><strong>PG N\u00e3o Sei Se Te Amo: hist\u00f3rias que n\u00e3o se conectam<\/strong><\/p>\n<p style=\"text-align: center\"><i><span style=\"font-weight: 400\">Longa valoriza cen\u00e1rios urbanos de Ponta Grossa, mas apresenta narrativas pouco aprofundadas<\/span><\/i><\/p>\n<p><span style=\"font-weight: 400\">O filme<\/span> <a href=\"https:\/\/criptocultural.com.br\/filme-que-retrata-ponta-grossa-esta-disponivel-gratuitamente-na-internet\/\"><i><span style=\"font-weight: 400\">Ponta Grossa, N\u00e3o Sei Se Te Amo<\/span><\/i><\/a><i><span style=\"font-weight: 400\">, composto<\/span><\/i><span style=\"font-weight: 400\"> por cinco curtas, apresenta hist\u00f3rias sobre cotidiano e rela\u00e7\u00f5es entre jovens, mostrando os personagens em deslocamento por pontos centrais da cidade.<\/span><\/p>\n<div id=\"attachment_3295\" style=\"width: 310px\" class=\"wp-caption aligncenter\"><img aria-describedby=\"caption-attachment-3295\" loading=\"lazy\" class=\"wp-image-3295 size-medium\" src=\"https:\/\/www2.uepg.br\/periodico\/wp-content\/uploads\/sites\/282\/2026\/04\/image-1-300x226.png\" alt=\"\" width=\"300\" height=\"226\" srcset=\"https:\/\/www2.uepg.br\/periodico\/wp-content\/uploads\/sites\/282\/2026\/04\/image-1-300x226.png 300w, https:\/\/www2.uepg.br\/periodico\/wp-content\/uploads\/sites\/282\/2026\/04\/image-1.png 690w\" sizes=\"(max-width: 300px) 100vw, 300px\" \/><p id=\"caption-attachment-3295\" class=\"wp-caption-text\">Foto: divulga\u00e7\u00e3o<\/p><\/div>\n<p><span style=\"font-weight: 400\">A obra tem como um dos seus principais elementos o uso da cidade como cen\u00e1rio narrativo. Locais como o Ponto Azul e o Parque Ambiental aproximam o espectador da realidade dos personagens. No entanto, esse cuidado n\u00e3o se repete na constru\u00e7\u00e3o das hist\u00f3rias, que em v\u00e1rios momentos ficam superficiais por n\u00e3o desenvolverem os conflitos apresentados.<\/span><\/p>\n<p><span style=\"font-weight: 400\">No segundo epis\u00f3dio, um dos personagens, Jo\u00e3o retorna para Ponta Grossa e reencontra Margot, que o convida para o evento, <\/span><i><span style=\"font-weight: 400\">Sexta \u00e0s Seis,<\/span><\/i><span style=\"font-weight: 400\"> no Ponto Azul. No local, conhece Cec\u00edlia, estudante de Jornalismo que realiza um trabalho com fotografia. A partir do encontro, os dois circulam pelo espa\u00e7o enquanto ela tira fotos. Ao longo do curta\u00a0 a atua\u00e7\u00e3o da personagem soa artificial, com falas que soam for\u00e7adas e pouco naturais, prejudica a constru\u00e7\u00e3o das cenas.<\/span><\/p>\n<p><span style=\"font-weight: 400\">J\u00e1 o quarto epis\u00f3dio, acompanha personagens como Paulo, Bia e Jo\u00e3o, tamb\u00e9m estudantes de Jornalismo, a narrativa combina conflitos pessoais com suspense. Enquanto o grupo lida com a poss\u00edvel sa\u00edda de Bia da cidade, uma mulher de vermelho aparece em diferentes momentos sendo filmada por Paulo. Isso cria um suspense ao longo da hist\u00f3ria, como se tivesse algo maior por tr\u00e1s dela. Mas, nas cenas finais, a explica\u00e7\u00e3o \u00e9 que ela gosta de registrar o que v\u00ea. Por isso, o mist\u00e9rio criado durante o epis\u00f3dio acaba sendo maior do que \u00e9 mostrado no final.<\/span><\/p>\n<p style=\"text-align: right\">Por: Yasmin Salgado<\/p>\n<p><b>Servi\u00e7o<\/b><span style=\"font-weight: 400\">:<\/span><\/p>\n<p><span style=\"font-weight: 400\">Ponta Grossa N\u00e3o Sei Se Te Amo &#8211; longa composto por cinco curtas.<\/span><\/p>\n<p><span style=\"font-weight: 400\">Dire\u00e7\u00e3o: Torres, Gabriel Chemim, Carol M\u00fcller, Gabriel Borges e Victor Bussolini.<\/span><\/p>\n<p><span style=\"font-weight: 400\">Dispon\u00edvel no Youtube: https:\/\/youtu.be\/kYNG3FbJoL8?si=MBed4RiPz-cUsBsi<\/span><\/p>\n<p><span style=\"font-weight: 400\">Dura\u00e7\u00e3o: 90 minutos.<\/span><\/p>\n<p>&nbsp;<\/p>\n<p><img loading=\"lazy\" class=\"size-medium wp-image-3214 aligncenter\" src=\"https:\/\/www2.uepg.br\/periodico\/wp-content\/uploads\/sites\/282\/2026\/04\/IMG_4573.JPG-300x170.jpeg\" alt=\"\" width=\"300\" height=\"170\" \/><\/p>\n<p>&nbsp;<\/p>\n<p style=\"text-align: center\"><strong>Um potencial de cinema p\u00fablico em cartaz\u00a0<\/strong><\/p>\n<p style=\"text-align: center\"><em><span style=\"font-weight: 400\">Cine PG exibe filmes gratuitos e que geram debate, mas frequ\u00eancia deixa a desejar\u00a0<\/span><\/em><\/p>\n<p><span style=\"font-weight: 400\">O Cine PG, cinema p\u00fablico de Ponta Grossa inaugurado em julho de 2025, acontece no Centro de Cultura Cidade de Ponta Grossa com a proposta\u00a0 de uma programa\u00e7\u00e3o diferente dos cinemas comerciais. O projeto visa a\u00a0 exibi\u00e7\u00e3o gratuita de filmes fora do circuito comercial, promovendo debates e\u00a0 valoriza\u00e7\u00e3o de produ\u00e7\u00f5es locais. O audit\u00f3rio, com capacidade para 170 pessoas, re\u00fane elementos cl\u00e1ssicos de um cinema de rua, como as cadeiras vermelhas e a ambienta\u00e7\u00e3o com estrelas do cinema nas paredes, al\u00e9m de equipamentos modernos e\u00a0 climatiza\u00e7\u00e3o.\u00a0<\/span><\/p>\n<div id=\"attachment_3338\" style=\"width: 310px\" class=\"wp-caption aligncenter\"><img aria-describedby=\"caption-attachment-3338\" loading=\"lazy\" class=\"wp-image-3338 size-medium\" src=\"https:\/\/www2.uepg.br\/periodico\/wp-content\/uploads\/sites\/282\/2026\/04\/IMG_5710-300x225.jpeg\" alt=\"\" width=\"300\" height=\"225\" srcset=\"https:\/\/www2.uepg.br\/periodico\/wp-content\/uploads\/sites\/282\/2026\/04\/IMG_5710-300x225.jpeg 300w, https:\/\/www2.uepg.br\/periodico\/wp-content\/uploads\/sites\/282\/2026\/04\/IMG_5710-1024x768.jpeg 1024w, https:\/\/www2.uepg.br\/periodico\/wp-content\/uploads\/sites\/282\/2026\/04\/IMG_5710-768x576.jpeg 768w, https:\/\/www2.uepg.br\/periodico\/wp-content\/uploads\/sites\/282\/2026\/04\/IMG_5710-1536x1152.jpeg 1536w, https:\/\/www2.uepg.br\/periodico\/wp-content\/uploads\/sites\/282\/2026\/04\/IMG_5710-2048x1536.jpeg 2048w, https:\/\/www2.uepg.br\/periodico\/wp-content\/uploads\/sites\/282\/2026\/04\/IMG_5710-1232x924.jpeg 1232w, https:\/\/www2.uepg.br\/periodico\/wp-content\/uploads\/sites\/282\/2026\/04\/IMG_5710-1440x1080.jpeg 1440w\" sizes=\"(max-width: 300px) 100vw, 300px\" \/><p id=\"caption-attachment-3338\" class=\"wp-caption-text\">Foto: Pietra Gasparini.<\/p><\/div>\n<p><span style=\"font-weight: 400\">Mas ser\u00e1 que\u00a0 o Cine PG tem, de fato, cumprido o papel proposto? Os n\u00fameros mostram um cen\u00e1rio ainda t\u00edmido. De acordo com dados divulgados pela Secretaria Municipal de Cultura nas redes sociais, em 2025 foram realizadas 23 sess\u00f5es. Em 2026, at\u00e9 o momento, ocorreram apenas 3 exibi\u00e7\u00f5es. A baixa frequ\u00eancia levanta d\u00favidas sobre o real funcionamento da iniciativa. A\u00a0 divulga\u00e7\u00e3o\u00a0 da programa\u00e7\u00e3o tamb\u00e9m parece ser limitada,\u00a0 feita principalmente pelo Instagram e pelo site da Secretaria de Cultura, canais que nem sempre alcan\u00e7am toda a popula\u00e7\u00e3o.\u00a0<\/span><\/p>\n<p><span style=\"font-weight: 400\">Os filmes exibidos cumprem a proposta de gerar debate e forma\u00e7\u00e3o. No m\u00eas da consci\u00eancia negra, por exemplo,\u00a0 foram exibidos filmes relacionados ao tema, com debates<\/span><a href=\"https:\/\/www2.uepg.br\/elos\/educacao-antirracista-por-uma-transformacao-social-e-coletiva\/?utm_source=ig&amp;utm_medium=social&amp;utm_content=link_in_bio&amp;fbclid=PAZnRzaAQtOotleHRuA2FlbQIxMQBzcnRjBmFwcF9pZA8xMjQwMjQ1NzQyODc0MTQAAadK0h4KOYV4GKllEMSPVNq9qZ-bK77H7i_X0QKwIPMt6ATG1Pn4wxiysm8uzQ_aem_yXiyYYPrn__K8a0RJVR75Q\"><span style=\"font-weight: 400\"> entre professores e especialistas<\/span><\/a><span style=\"font-weight: 400\">. Ap\u00f3s a condena\u00e7\u00e3o dos mandantes do assassinato de Marielle Franco, o\u00a0 document\u00e1rio Marielle tamb\u00e9m foi exibido e debatido. Esses exemplos mostram que\u00a0 o Cine PG, quando est\u00e1 na ativa, atende ao objetivo proposto com potencial evidente, mas que o problema est\u00e1 na frequ\u00eancia irregular e na falta de divulga\u00e7\u00e3o.<\/span><\/p>\n<p style=\"text-align: right\">Por: Pietra Gasparini<\/p>\n<p><strong>Servi\u00e7o: <\/strong><\/p>\n<p><span style=\"font-weight: 400\">Cine Pg est\u00e1 lo<\/span><span style=\"font-weight: 400\">calizado no <\/span><a href=\"https:\/\/share.google\/7l20PZDLcWd6TcKQY\"><span style=\"font-weight: 400\">Centro de Cultura<\/span><\/a><span style=\"font-weight: 400\">, na Rua Dr. Colares, n\u00famero 436, no Centro da cidade. <\/span><span style=\"font-weight: 400\">Para reservar o audit\u00f3rio\u00a0 \u00e9 necess\u00e1rio entrar em contato pelo telefone (42) 3220-1000 \u2013 ramal 2043.<\/span><\/p>\n<p>&nbsp;<\/p>\n<p>&nbsp;<\/p>\n<p><img loading=\"lazy\" class=\"size-medium wp-image-3216 aligncenter\" src=\"https:\/\/www2.uepg.br\/periodico\/wp-content\/uploads\/sites\/282\/2026\/04\/IMG_4571.JPG-300x168.jpeg\" alt=\"\" width=\"300\" height=\"168\" srcset=\"https:\/\/www2.uepg.br\/periodico\/wp-content\/uploads\/sites\/282\/2026\/04\/IMG_4571.JPG-300x168.jpeg 300w, https:\/\/www2.uepg.br\/periodico\/wp-content\/uploads\/sites\/282\/2026\/04\/IMG_4571.JPG-1024x573.jpeg 1024w, https:\/\/www2.uepg.br\/periodico\/wp-content\/uploads\/sites\/282\/2026\/04\/IMG_4571.JPG-768x430.jpeg 768w, https:\/\/www2.uepg.br\/periodico\/wp-content\/uploads\/sites\/282\/2026\/04\/IMG_4571.JPG-1232x689.jpeg 1232w, https:\/\/www2.uepg.br\/periodico\/wp-content\/uploads\/sites\/282\/2026\/04\/IMG_4571.JPG.jpeg 1410w\" sizes=\"(max-width: 300px) 100vw, 300px\" \/><\/p>\n<p>&nbsp;<\/p>\n<p style=\"text-align: center\"><b>Portas fechadas e janelas abertas<\/b><\/p>\n<blockquote>\n<p style=\"text-align: center\"><em>&#8220;Forr\u00f3 Gostoso&#8221; \u00e9 o primeiro single da Chave de Mandril\u00a0<\/em><\/p>\n<\/blockquote>\n<p><span style=\"font-weight: 400\">A m\u00fasica \u201cForr\u00f3 Gostoso\u2019\u2019, lan\u00e7ada pela banda Chave de Mandril em Abril , representa uma nova etapa na trajet\u00f3ria do grupo ao inaugurar seu primeiro single voltado \u00e0s plataformas digitais, ap\u00f3s mais de uma d\u00e9cada de atua\u00e7\u00e3o. A faixa dialoga com <\/span><i><span style=\"font-weight: 400\">Espuma ao Vento<\/span><\/i><span style=\"font-weight: 400\">, de Accioly Neto, ao propor uma invers\u00e3o da narrativa rom\u00e2ntica. Na can\u00e7\u00e3o do pernambucano h\u00e1 a perman\u00eancia da espera e a possibilidade de retorno de um amor passado com a porta sempre aberta, em <\/span><i><span style=\"font-weight: 400\">Forr\u00f3 Gostoso<\/span><\/i><span style=\"font-weight: 400\"> essa porta se fecha. A composi\u00e7\u00e3o n\u00e3o abandona a ideia de afeto: a janela permanece aberta, sugerindo a disposi\u00e7\u00e3o para novo, para um maior ainda indefinido.<\/span><\/p>\n<div id=\"attachment_3312\" style=\"width: 310px\" class=\"wp-caption aligncenter\"><img aria-describedby=\"caption-attachment-3312\" loading=\"lazy\" class=\"wp-image-3312 size-medium\" src=\"https:\/\/www2.uepg.br\/periodico\/wp-content\/uploads\/sites\/282\/2026\/04\/Screenshot_20260413_140432_Instagram-300x200.jpg\" alt=\"\" width=\"300\" height=\"200\" srcset=\"https:\/\/www2.uepg.br\/periodico\/wp-content\/uploads\/sites\/282\/2026\/04\/Screenshot_20260413_140432_Instagram-300x200.jpg 300w, https:\/\/www2.uepg.br\/periodico\/wp-content\/uploads\/sites\/282\/2026\/04\/Screenshot_20260413_140432_Instagram-1024x682.jpg 1024w, https:\/\/www2.uepg.br\/periodico\/wp-content\/uploads\/sites\/282\/2026\/04\/Screenshot_20260413_140432_Instagram-768x511.jpg 768w, https:\/\/www2.uepg.br\/periodico\/wp-content\/uploads\/sites\/282\/2026\/04\/Screenshot_20260413_140432_Instagram-272x182.jpg 272w, https:\/\/www2.uepg.br\/periodico\/wp-content\/uploads\/sites\/282\/2026\/04\/Screenshot_20260413_140432_Instagram.jpg 1080w\" sizes=\"(max-width: 300px) 100vw, 300px\" \/><p id=\"caption-attachment-3312\" class=\"wp-caption-text\">Foto: divulga\u00e7\u00e3o<\/p><\/div>\n<p><span style=\"font-weight: 400\">Do ponto de vista sonoro, a m\u00fasica se ancora na tradi\u00e7\u00e3o do forr\u00f3 nordestino, mostrando a identidade musical que a banda construiu ao longo dos anos. Essa influ\u00eancia n\u00e3o \u00e9 recente; desde o projeto <\/span><i><span style=\"font-weight: 400\">Chave Junina<\/span><\/i><span style=\"font-weight: 400\">, realizado nos meses de junho e julho, o grupo j\u00e1 explorou ritmos como o forr\u00f3, o xote e o bai\u00e3o, consolidando uma est\u00e9tica \u00e0s festividades e a cultura popular nordestina.<\/span><\/p>\n<p><span style=\"font-weight: 400\">Assim, \u201cForr\u00f3 Gostoso\u2019\u2019 n\u00e3o apenas reafirma as ra\u00edzes da banda, como tamb\u00e9m sinaliza um movimento de atualiza\u00e7\u00e3o e inser\u00e7\u00e3o no ambiente digital, ampliando seu alcance e dialogando com novas formas de consumo musical.<\/span><\/p>\n<p style=\"text-align: right\">Por: Ticyane Almeida<\/p>\n<p><strong>Servi\u00e7o:<\/strong><\/p>\n<p><span style=\"font-weight: 400\">A m\u00fasica est\u00e1 dispon\u00edvel no <\/span><a href=\"https:\/\/open.spotify.com\/track\/21zRQzCveyRcQzrGGRgdDl?si=XMPO1safTUqdAsT_dsEVTw\"><span style=\"font-weight: 400\">Spotify<\/span><\/a><span style=\"font-weight: 400\">.<\/span><\/p>\n<p>&nbsp;<\/p>\n<p><img loading=\"lazy\" class=\"size-medium wp-image-3281 aligncenter\" src=\"https:\/\/www2.uepg.br\/periodico\/wp-content\/uploads\/sites\/282\/2026\/04\/IMG_4850-1-300x164.jpg\" alt=\"\" width=\"300\" height=\"164\" srcset=\"https:\/\/www2.uepg.br\/periodico\/wp-content\/uploads\/sites\/282\/2026\/04\/IMG_4850-1-300x164.jpg 300w, https:\/\/www2.uepg.br\/periodico\/wp-content\/uploads\/sites\/282\/2026\/04\/IMG_4850-1-1024x559.jpg 1024w, https:\/\/www2.uepg.br\/periodico\/wp-content\/uploads\/sites\/282\/2026\/04\/IMG_4850-1-768x419.jpg 768w, https:\/\/www2.uepg.br\/periodico\/wp-content\/uploads\/sites\/282\/2026\/04\/IMG_4850-1-1232x672.jpg 1232w, https:\/\/www2.uepg.br\/periodico\/wp-content\/uploads\/sites\/282\/2026\/04\/IMG_4850-1.jpg 1462w\" sizes=\"(max-width: 300px) 100vw, 300px\" \/><\/p>\n<p>&nbsp;<\/p>\n<p style=\"text-align: center\"><b>Luzes acesas s\u00f3 em outubro<\/b><\/p>\n<p style=\"text-align: center\"><i><span style=\"font-weight: 400\">Apesar do sucesso do FENATA, produ\u00e7\u00f5es autorais locais enfrentam baixa ades\u00e3o e dificuldades para manter p\u00fablico ao longo do ano.<\/span><\/i><\/p>\n<p><span style=\"font-weight: 400\">O<a href=\"https:\/\/www2.uepg.br\/proex\/fenata\/\"> Festival Nacional de Teatro<\/a> (FENATA) de 2025 reuniu mais de 12 mil pessoas em Ponta Grossa. Se o maior festival de teatro da cidade atrai p\u00fablico, por que os artistas locais t\u00eam tanta dificuldade de lotar uma sala? Existe uma contradi\u00e7\u00e3o evidente na forma como o teatro \u00e9 consumido na cidade.\u00a0<\/span><\/p>\n<div id=\"attachment_3331\" style=\"width: 310px\" class=\"wp-caption aligncenter\"><img aria-describedby=\"caption-attachment-3331\" loading=\"lazy\" class=\"wp-image-3331 size-medium\" src=\"https:\/\/www2.uepg.br\/periodico\/wp-content\/uploads\/sites\/282\/2026\/04\/WhatsApp-Image-2026-04-23-at-11.12.14-300x200.jpeg\" alt=\"\" width=\"300\" height=\"200\" srcset=\"https:\/\/www2.uepg.br\/periodico\/wp-content\/uploads\/sites\/282\/2026\/04\/WhatsApp-Image-2026-04-23-at-11.12.14-300x200.jpeg 300w, https:\/\/www2.uepg.br\/periodico\/wp-content\/uploads\/sites\/282\/2026\/04\/WhatsApp-Image-2026-04-23-at-11.12.14-1024x683.jpeg 1024w, https:\/\/www2.uepg.br\/periodico\/wp-content\/uploads\/sites\/282\/2026\/04\/WhatsApp-Image-2026-04-23-at-11.12.14-768x512.jpeg 768w, https:\/\/www2.uepg.br\/periodico\/wp-content\/uploads\/sites\/282\/2026\/04\/WhatsApp-Image-2026-04-23-at-11.12.14-1232x822.jpeg 1232w, https:\/\/www2.uepg.br\/periodico\/wp-content\/uploads\/sites\/282\/2026\/04\/WhatsApp-Image-2026-04-23-at-11.12.14-272x182.jpeg 272w, https:\/\/www2.uepg.br\/periodico\/wp-content\/uploads\/sites\/282\/2026\/04\/WhatsApp-Image-2026-04-23-at-11.12.14.jpeg 1280w\" sizes=\"(max-width: 300px) 100vw, 300px\" \/><p id=\"caption-attachment-3331\" class=\"wp-caption-text\">Foto: Jo\u00e3o Guilherme Pimentel.<\/p><\/div>\n<p><span style=\"font-weight: 400\">Durante o festival, h\u00e1 interesse, h\u00e1 p\u00fablico, h\u00e1 engajamento. Mas, ao longo do resto do ano, esse movimento praticamente desaparece, principalmente quando se trata de produ\u00e7\u00f5es autorais locais.\u00a0<\/span><\/p>\n<p><span style=\"font-weight: 400\">A atriz e diretora Bianca Almeida aponta que obras j\u00e1 conhecidas, como releituras de cl\u00e1ssicos ou adapta\u00e7\u00f5es, conseguem atrair p\u00fablico com facilidade. Espet\u00e1culos in\u00e9ditos, criados do zero, enfrentam resist\u00eancia mesmo exigindo pesquisa, tempo e investimento. O problema n\u00e3o parece ser a falta de produ\u00e7\u00e3o, nem a falta de qualidade. Produzir um espet\u00e1culo autoral \u00e9 um processo complexo e, muitas vezes, arriscado. Ainda assim, essas produ\u00e7\u00f5es encontram menos espa\u00e7o e menos p\u00fablico.<\/span><\/p>\n<p><span style=\"font-weight: 400\">Quem prestigia o FENATA demonstra interesse por obras in\u00e9ditas, mas esse interesse diminui quando essas mesmas propostas v\u00eam de artistas da pr\u00f3pria cidade. O que vem de fora parece carregar mais legitimidade.<\/span><\/p>\n<p><span style=\"font-weight: 400\">Essa l\u00f3gica tem consequ\u00eancias diretas. O custo para locar um teatro \u00e9 alto, podendo chegar a valores invi\u00e1veis diante de plateias pequenas. Sem p\u00fablico, n\u00e3o h\u00e1 retorno. E sem retorno, a continuidade do trabalho art\u00edstico fica comprometida. Diante disso, muitos artistas acabam sendo empurrados para um modelo seguro, baseado em obras j\u00e1 conhecidas. N\u00e3o necessariamente por escolha, mas por necessidade.<\/span><\/p>\n<p><span style=\"font-weight: 400\">O resultado \u00e9 uma cena cultural que corre o risco de se tornar repetitiva. No fim, a pergunta que fica \u00e9 simples. O problema est\u00e1 na produ\u00e7\u00e3o local ou na forma como o p\u00fablico escolhe o que valorizar?<\/span><\/p>\n<p style=\"text-align: right\">Por: Natalia Almeida<\/p>\n<p><strong>Servi\u00e7o:\u00a0<\/strong><\/p>\n<p>Das 149 apresenta\u00e7\u00f5es do \u00faltimo FENATA, 141 foram gratuitas. Os ingressos das demais variaram entre R$15,00 e R$80,00.<\/p>\n<p>&nbsp;<\/p>\n<p><img loading=\"lazy\" class=\"size-medium wp-image-3281 aligncenter\" src=\"https:\/\/www2.uepg.br\/periodico\/wp-content\/uploads\/sites\/282\/2026\/04\/IMG_4850-1-300x164.jpg\" alt=\"\" width=\"300\" height=\"164\" srcset=\"https:\/\/www2.uepg.br\/periodico\/wp-content\/uploads\/sites\/282\/2026\/04\/IMG_4850-1-300x164.jpg 300w, https:\/\/www2.uepg.br\/periodico\/wp-content\/uploads\/sites\/282\/2026\/04\/IMG_4850-1-1024x559.jpg 1024w, https:\/\/www2.uepg.br\/periodico\/wp-content\/uploads\/sites\/282\/2026\/04\/IMG_4850-1-768x419.jpg 768w, https:\/\/www2.uepg.br\/periodico\/wp-content\/uploads\/sites\/282\/2026\/04\/IMG_4850-1-1232x672.jpg 1232w, https:\/\/www2.uepg.br\/periodico\/wp-content\/uploads\/sites\/282\/2026\/04\/IMG_4850-1.jpg 1462w\" sizes=\"(max-width: 300px) 100vw, 300px\" \/><\/p>\n<p>&nbsp;<\/p>\n<p style=\"text-align: center\"><b>Cad\u00ea o teatro negro que estava aqui?<\/b><\/p>\n<p style=\"text-align: center\"><i><span style=\"font-weight: 400\">Um dos maiores festivais de espetaculos do Brasil, n\u00e3o possuiu ao menos um roteiro com protagonismo negro<\/span><\/i><\/p>\n<p><span style=\"font-weight: 400\">Quantas pe\u00e7as de teatro protagonizada por atores e atrizes negros, ou com a tem\u00e1tica afrocentrada voc\u00ea j\u00e1 assistiu? Na \u00faltima edi\u00e7\u00e3o do <\/span><a href=\"https:\/\/www2.uepg.br\/fenata\/\"><span style=\"font-weight: 400\">Festival Nacional de Teatro<\/span><\/a><span style=\"font-weight: 400\"> (FENATA), realizado em Ponta Grossa, nenhuma pe\u00e7a tinha como enredo o protagonismo negro.\u00a0<\/span><\/p>\n<div id=\"attachment_3318\" style=\"width: 310px\" class=\"wp-caption aligncenter\"><img aria-describedby=\"caption-attachment-3318\" loading=\"lazy\" class=\"wp-image-3318 size-medium\" src=\"https:\/\/www2.uepg.br\/periodico\/wp-content\/uploads\/sites\/282\/2026\/04\/FENATA-2025-credito_-Emanuelle-Pasqualotto-300x200.jpg\" alt=\"\" width=\"300\" height=\"200\" srcset=\"https:\/\/www2.uepg.br\/periodico\/wp-content\/uploads\/sites\/282\/2026\/04\/FENATA-2025-credito_-Emanuelle-Pasqualotto-300x200.jpg 300w, https:\/\/www2.uepg.br\/periodico\/wp-content\/uploads\/sites\/282\/2026\/04\/FENATA-2025-credito_-Emanuelle-Pasqualotto-1024x683.jpg 1024w, https:\/\/www2.uepg.br\/periodico\/wp-content\/uploads\/sites\/282\/2026\/04\/FENATA-2025-credito_-Emanuelle-Pasqualotto-768x512.jpg 768w, https:\/\/www2.uepg.br\/periodico\/wp-content\/uploads\/sites\/282\/2026\/04\/FENATA-2025-credito_-Emanuelle-Pasqualotto-1536x1024.jpg 1536w, https:\/\/www2.uepg.br\/periodico\/wp-content\/uploads\/sites\/282\/2026\/04\/FENATA-2025-credito_-Emanuelle-Pasqualotto-2048x1366.jpg 2048w, https:\/\/www2.uepg.br\/periodico\/wp-content\/uploads\/sites\/282\/2026\/04\/FENATA-2025-credito_-Emanuelle-Pasqualotto-1232x822.jpg 1232w, https:\/\/www2.uepg.br\/periodico\/wp-content\/uploads\/sites\/282\/2026\/04\/FENATA-2025-credito_-Emanuelle-Pasqualotto-1620x1080.jpg 1620w, https:\/\/www2.uepg.br\/periodico\/wp-content\/uploads\/sites\/282\/2026\/04\/FENATA-2025-credito_-Emanuelle-Pasqualotto-272x182.jpg 272w\" sizes=\"(max-width: 300px) 100vw, 300px\" \/><p id=\"caption-attachment-3318\" class=\"wp-caption-text\">Foto: Emanuelle Pasqualotto<\/p><\/div>\n<p><span style=\"font-weight: 400\">Apenas uma das 34 apresenta\u00e7\u00f5es, nos 7 dias de festival, foi livremente inspirada nas poesias de Carolina Maria de Jesus, uma das primeiras escritoras negras do Brasil. A pe\u00e7a \u201c\u00c0 flor da pele\u201d n\u00e3o teve como principal objetivo destacar a vida da autora ou a viv\u00eancia de negros no pa\u00eds.\u00a0<\/span><\/p>\n<p><span style=\"font-weight: 400\">Al\u00e9m de n\u00e3o possuir apresenta\u00e7\u00f5es dedicadas \u00e0 popula\u00e7\u00e3o negra, poucos atores negros s\u00e3o encontrados nos locais de apresenta\u00e7\u00e3o em Ponta Grossa. No Rio de Janeiro, Abdias Nascimento, ativista negro brasileiro, idealizou em 1944, o Teatro Experimental Negro (TEN) com o intu\u00edto de valorizar social e culturalmente a popula\u00e7\u00e3o negra do Brasil atrav\u00e9s da arte. O TEN surgiu para contrapor a vis\u00e3o racista que existia em torno do teatro.<\/span><\/p>\n<p><span style=\"font-weight: 400\">Historicamente a popula\u00e7\u00e3o negra sofreu diversos apagamentos culturais e de exist\u00eancia devido aos processos de coloniza\u00e7\u00e3o. Em 1944 j\u00e1 existiam a\u00e7\u00f5es de afirma\u00e7\u00e3o e pertencimento para negros e negras artistas, momento pol\u00edtico e social completamente diferente do atual. Em 2025, um dos maiores eventos de teatro nacional, n\u00e3o possui ao menos uma apresenta\u00e7\u00e3o que valorize a cultura afro-brasileira.\u00a0<\/span><\/p>\n<p style=\"text-align: right\">Por: Karine Santos<\/p>\n<p><strong>Servi\u00e7o: <\/strong><\/p>\n<p><span style=\"font-weight: 400\">A 54\u00ba edi\u00e7\u00e3o do Festival Nacional de Teatro acontece entre os dia 13 e 18 de novembro de 2026.<\/span><\/p>\n<p>&nbsp;<\/p>\n<p><img loading=\"lazy\" class=\"size-medium wp-image-3217 aligncenter\" src=\"https:\/\/www2.uepg.br\/periodico\/wp-content\/uploads\/sites\/282\/2026\/04\/IMG_4569.JPG-300x172.jpeg\" alt=\"\" width=\"300\" height=\"172\" srcset=\"https:\/\/www2.uepg.br\/periodico\/wp-content\/uploads\/sites\/282\/2026\/04\/IMG_4569.JPG-300x172.jpeg 300w, https:\/\/www2.uepg.br\/periodico\/wp-content\/uploads\/sites\/282\/2026\/04\/IMG_4569.JPG-1024x587.jpeg 1024w, https:\/\/www2.uepg.br\/periodico\/wp-content\/uploads\/sites\/282\/2026\/04\/IMG_4569.JPG-768x440.jpeg 768w, https:\/\/www2.uepg.br\/periodico\/wp-content\/uploads\/sites\/282\/2026\/04\/IMG_4569.JPG-1232x706.jpeg 1232w, https:\/\/www2.uepg.br\/periodico\/wp-content\/uploads\/sites\/282\/2026\/04\/IMG_4569.JPG.jpeg 1444w\" sizes=\"(max-width: 300px) 100vw, 300px\" \/><\/p>\n<p>&nbsp;<\/p>\n<p>&nbsp;<\/p>\n<p style=\"text-align: center\"><b>Entre a terra e a mem\u00f3ria, a urg\u00eancia de entender Sebasti\u00e3o Salgado\u00a0<\/b><\/p>\n<p><span style=\"font-weight: 400\">A exposi\u00e7\u00e3o <\/span><i><span style=\"font-weight: 400\">Terra<\/span><\/i><span style=\"font-weight: 400\">, de Sebasti\u00e3o Salgado, lan\u00e7ada na programa\u00e7\u00e3o do VII do Descomemorar Golpes, no Departamento de Jornalismo da Universidade Estadual de Ponta Grossa, n\u00e3o se limita a uma experi\u00eancia est\u00e9tica, ela \u00e9, antes de tudo, um chamado \u00e9tico.<\/span><\/p>\n<div id=\"attachment_3339\" style=\"width: 310px\" class=\"wp-caption aligncenter\"><img aria-describedby=\"caption-attachment-3339\" loading=\"lazy\" class=\"wp-image-3339 size-medium\" src=\"https:\/\/www2.uepg.br\/periodico\/wp-content\/uploads\/sites\/282\/2026\/04\/WhatsApp-Image-2026-04-23-at-11.07.08-300x200.jpeg\" alt=\"\" width=\"300\" height=\"200\" srcset=\"https:\/\/www2.uepg.br\/periodico\/wp-content\/uploads\/sites\/282\/2026\/04\/WhatsApp-Image-2026-04-23-at-11.07.08-300x200.jpeg 300w, https:\/\/www2.uepg.br\/periodico\/wp-content\/uploads\/sites\/282\/2026\/04\/WhatsApp-Image-2026-04-23-at-11.07.08-1024x682.jpeg 1024w, https:\/\/www2.uepg.br\/periodico\/wp-content\/uploads\/sites\/282\/2026\/04\/WhatsApp-Image-2026-04-23-at-11.07.08-768x512.jpeg 768w, https:\/\/www2.uepg.br\/periodico\/wp-content\/uploads\/sites\/282\/2026\/04\/WhatsApp-Image-2026-04-23-at-11.07.08-1536x1023.jpeg 1536w, https:\/\/www2.uepg.br\/periodico\/wp-content\/uploads\/sites\/282\/2026\/04\/WhatsApp-Image-2026-04-23-at-11.07.08-1232x821.jpeg 1232w, https:\/\/www2.uepg.br\/periodico\/wp-content\/uploads\/sites\/282\/2026\/04\/WhatsApp-Image-2026-04-23-at-11.07.08-272x182.jpeg 272w, https:\/\/www2.uepg.br\/periodico\/wp-content\/uploads\/sites\/282\/2026\/04\/WhatsApp-Image-2026-04-23-at-11.07.08.jpeg 1600w\" sizes=\"(max-width: 300px) 100vw, 300px\" \/><p id=\"caption-attachment-3339\" class=\"wp-caption-text\">Foto: Lucas Jolondek.<\/p><\/div>\n<p><span style=\"font-weight: 400\">Organizada pelo projeto Lente Quente e pelo expositor R\u00e9gis Clemente Costa, a mostra re\u00fane 24 dos 45 quadros que comp\u00f5em a s\u00e9rie inspirada no livro <\/span><i><span style=\"font-weight: 400\">Terra<\/span><\/i><span style=\"font-weight: 400\"> (1997), obra fundamental do fotojornalismo social brasileiro. Ao recortar essa sele\u00e7\u00e3o, a curadoria constr\u00f3i uma narrativa fragmentada, mas ainda assim potente, sobre vida, luta e morte.\u00a0<\/span><\/p>\n<p><span style=\"font-weight: 400\">As imagens das fam\u00edlias sem terra, dos corpos marcados pelo trabalho e da precariedade cotidiana n\u00e3o permitem ao espectador uma contempla\u00e7\u00e3o confort\u00e1vel. H\u00e1, em cada quadro, um inc\u00f4modo persistente. O inc\u00f4modo ganha for\u00e7a quando situado no contexto pol\u00edtico da obra. Produzido em parceria com o Movimento dos Trabalhadores Rurais Sem Terra, o livro teve seus direitos autorais revertidos ao movimento, consolidando a <\/span><a href=\"https:\/\/institutoterra.org\/nossahistoria\/\"><span style=\"font-weight: 400\">posi\u00e7\u00e3o de Salgado<\/span><\/a><span style=\"font-weight: 400\"> n\u00e3o apenas como observador, mas como agente engajado.\u00a0<\/span><\/p>\n<p><span style=\"font-weight: 400\">A exposi\u00e7\u00e3o, no entanto, levanta uma quest\u00e3o importante: o quanto a aus\u00eancia de parte significativa da s\u00e9rie compromete a compreens\u00e3o total da obra? Os 24 quadros expostos conseguem sugerir uma narrativa, mas deixam lacunas que exigem do p\u00fablico um repert\u00f3rio pr\u00e9vio ou uma media\u00e7\u00e3o mais aprofundada. A mostra se apoia no contexto explicativo, seja pelo evento em que est\u00e1 inserida, seja pela figura do expositor.<\/span><\/p>\n<p><span style=\"font-weight: 400\">Ao integrar a programa\u00e7\u00e3o do Ciclo, a exposi\u00e7\u00e3o ganha uma camada adicional de significado. Ela dialoga com a ideia de mem\u00f3ria cr\u00edtica, de resist\u00eancia e de revis\u00e3o hist\u00f3rica, temas centrais tanto para o evento quanto para a obra de Salgado. O cruzamento deixa de ser apenas uma homenagem e se torna um dispositivo pol\u00edtico.<\/span><\/p>\n<p style=\"text-align: right\">Por: Nathalia Stupp<\/p>\n<p><b>Servi\u00e7o:<\/b><\/p>\n<p><span style=\"font-weight: 400\">Realiza\u00e7\u00e3o: Lente Quente.<\/span><\/p>\n<p><span style=\"font-weight: 400\">Organiza\u00e7\u00e3o: VII Ciclo Descomemorar Golpes.<\/span><\/p>\n<p><span style=\"font-weight: 400\">Informa\u00e7\u00f5es: Redes sociais e site do projeto Combate a Desinforma\u00e7\u00e3o.<\/span><\/p>\n<p><span style=\"font-weight: 400\">Per\u00edodo: 6 a 13 de abril.<\/span><\/p>\n<p><span style=\"font-weight: 400\">Local: Departamento de Jornalismo da UEPG.<\/span><\/p>\n<p><img loading=\"lazy\" class=\"size-medium wp-image-3213 aligncenter\" src=\"https:\/\/www2.uepg.br\/periodico\/wp-content\/uploads\/sites\/282\/2026\/04\/IMG_4574.JPG-300x171.jpeg\" alt=\"\" width=\"300\" height=\"171\" srcset=\"https:\/\/www2.uepg.br\/periodico\/wp-content\/uploads\/sites\/282\/2026\/04\/IMG_4574.JPG-300x171.jpeg 300w, https:\/\/www2.uepg.br\/periodico\/wp-content\/uploads\/sites\/282\/2026\/04\/IMG_4574.JPG-1024x584.jpeg 1024w, https:\/\/www2.uepg.br\/periodico\/wp-content\/uploads\/sites\/282\/2026\/04\/IMG_4574.JPG-768x438.jpeg 768w, https:\/\/www2.uepg.br\/periodico\/wp-content\/uploads\/sites\/282\/2026\/04\/IMG_4574.JPG-1232x702.jpeg 1232w, https:\/\/www2.uepg.br\/periodico\/wp-content\/uploads\/sites\/282\/2026\/04\/IMG_4574.JPG.jpeg 1453w\" sizes=\"(max-width: 300px) 100vw, 300px\" \/><\/p>\n<p>&nbsp;<\/p>\n<p style=\"text-align: center\"><strong>Ap\u00f3s meu caf\u00e9, eu acho que eu vi um gatinho<\/strong><\/p>\n<p style=\"text-align: center\"><span style=\"font-weight: 400\">J\u00e1 imaginou acariciar um gato ap\u00f3s o caf\u00e9?<\/span><\/p>\n<p><span style=\"font-weight: 400\">A ideia do restaurante com gatos surgiu no Jap\u00e3o, com a proposta de trazer um ambiente que garanta sociabilidade e bem-estar animal. O local busca facilitar a ado\u00e7\u00e3o dos gatos, que pode ser realizada ap\u00f3s uma intera\u00e7\u00e3o com o animal e an\u00e1lise do tutor.<\/span><\/p>\n<div id=\"attachment_3309\" style=\"width: 310px\" class=\"wp-caption aligncenter\"><img aria-describedby=\"caption-attachment-3309\" loading=\"lazy\" class=\"wp-image-3309 size-medium\" src=\"https:\/\/www2.uepg.br\/periodico\/wp-content\/uploads\/sites\/282\/2026\/04\/20260318_161149-300x203.jpg\" alt=\"\" width=\"300\" height=\"203\" srcset=\"https:\/\/www2.uepg.br\/periodico\/wp-content\/uploads\/sites\/282\/2026\/04\/20260318_161149-300x203.jpg 300w, https:\/\/www2.uepg.br\/periodico\/wp-content\/uploads\/sites\/282\/2026\/04\/20260318_161149-1024x692.jpg 1024w, https:\/\/www2.uepg.br\/periodico\/wp-content\/uploads\/sites\/282\/2026\/04\/20260318_161149-768x519.jpg 768w, https:\/\/www2.uepg.br\/periodico\/wp-content\/uploads\/sites\/282\/2026\/04\/20260318_161149-1536x1038.jpg 1536w, https:\/\/www2.uepg.br\/periodico\/wp-content\/uploads\/sites\/282\/2026\/04\/20260318_161149-2048x1384.jpg 2048w, https:\/\/www2.uepg.br\/periodico\/wp-content\/uploads\/sites\/282\/2026\/04\/20260318_161149-1232x833.jpg 1232w, https:\/\/www2.uepg.br\/periodico\/wp-content\/uploads\/sites\/282\/2026\/04\/20260318_161149-1598x1080.jpg 1598w\" sizes=\"(max-width: 300px) 100vw, 300px\" \/><p id=\"caption-attachment-3309\" class=\"wp-caption-text\">Foto: Roberto Indzejczak.<\/p><\/div>\n<p><span style=\"font-weight: 400\">O trabalho de ado\u00e7\u00e3o \u00e9 realizado com a ajuda do <\/span><a href=\"https:\/\/www.instagram.com\/garpgoficial\/\"><span style=\"font-weight: 400\">Grupo de Aux\u00edlio aos Resgatinhos<\/span><\/a><span style=\"font-weight: 400\"> de Ponta Grossa (GAR). Vale ressaltar que o GAR n\u00e3o realiza trabalhos de resgate de animais, por conta da infraestrutura, quest\u00f5es financeiras e at\u00e9 mesmo sanit\u00e1rias, portanto a proposta do Cat a Coffee \u00e9 o segundo lar para os resgatinhos.<\/span><\/p>\n<p><span style=\"font-weight: 400\">Em Ponta Grossa a cafeteria foi inaugurada em novembro de 2025. O segundo andar do local \u00e9 para os clientes com um \u00fanico acesso por escadas. O card\u00e1pio \u00e9 variado e apresenta comidas doces e salgadas, al\u00e9m de bebidas quentes ou geladas, todas com nomes que remetem a personagens que s\u00e3o gatos em desenhos e filmes.\u00a0<\/span><\/p>\n<p><span style=\"font-weight: 400\">O caf\u00e9 espresso <\/span><i><span style=\"font-weight: 400\">Goose <\/span><\/i><span style=\"font-weight: 400\">dose simples custa seis reais, um pre\u00e7o m\u00e9dio do centro da cidade, por\u00e9m servido em uma x\u00edcara pequena. O P\u00e3o de Queijo <\/span><i><span style=\"font-weight: 400\">Gato Amarelo<\/span><\/i><span style=\"font-weight: 400\">, tamb\u00e9m com o custo de seis reais, \u00e9 borrachudo e sem croc\u00e2ncia, com sabor industrializado. O pudim <\/span><i><span style=\"font-weight: 400\">Yuumi<\/span><\/i><span style=\"font-weight: 400\">, de R$25, que atrai a aten\u00e7\u00e3o dos clientes por ter formato de gato, \u00e9 gostoso apenas para os olhos. O pudim por si s\u00f3 \u00e9 sem sabor, a experi\u00eancia \u00e9 mais agrad\u00e1vel com a geleia, de morango ou uva, que acompanha o pedido.\u00a0<\/span><\/p>\n<p><span style=\"font-weight: 400\">Para atrair mais clientes e tornar a proposta de ado\u00e7\u00e3o mais chamativa, n\u00e3o basta apenas um ambiente bonito, mas tamb\u00e9m qualidade em seus produtos que, querendo ou n\u00e3o, s\u00e3o os destaques de um caf\u00e9<\/span><span style=\"font-weight: 400\"> com ou sem gatos.<\/span><\/p>\n<p style=\"text-align: right\">Por: Roberto <span style=\"font-weight: 400\">Indzejczak<\/span><\/p>\n<p>&nbsp;<\/p>\n<p><strong>Servi\u00e7o:<\/strong><\/p>\n<p><span style=\"font-weight: 400\">O Cat a Coffee est\u00e1 localizado na Rua Visconde de Nacar, 490, A cafeteria abre de Segunda a Sexta-feira das 10h \u00e0s 19h, nos s\u00e1bados abre \u00e0s 14h.<\/span><\/p>\n<p>&nbsp;<\/p>\n<p><img loading=\"lazy\" class=\"size-medium wp-image-3215 aligncenter\" src=\"https:\/\/www2.uepg.br\/periodico\/wp-content\/uploads\/sites\/282\/2026\/04\/IMG_4568.JPG-300x166.jpeg\" alt=\"\" width=\"300\" height=\"166\" srcset=\"https:\/\/www2.uepg.br\/periodico\/wp-content\/uploads\/sites\/282\/2026\/04\/IMG_4568.JPG-300x166.jpeg 300w, https:\/\/www2.uepg.br\/periodico\/wp-content\/uploads\/sites\/282\/2026\/04\/IMG_4568.JPG-1024x566.jpeg 1024w, https:\/\/www2.uepg.br\/periodico\/wp-content\/uploads\/sites\/282\/2026\/04\/IMG_4568.JPG-768x424.jpeg 768w, https:\/\/www2.uepg.br\/periodico\/wp-content\/uploads\/sites\/282\/2026\/04\/IMG_4568.JPG-1232x681.jpeg 1232w, https:\/\/www2.uepg.br\/periodico\/wp-content\/uploads\/sites\/282\/2026\/04\/IMG_4568.JPG.jpeg 1499w\" sizes=\"(max-width: 300px) 100vw, 300px\" \/><\/p>\n<p>&nbsp;<\/p>\n<p>&nbsp;<\/p>\n<p style=\"text-align: center\"><b>O pre\u00e7o do desejo e o fen\u00f4meno Farm Rio no Paran\u00e1<\/b><\/p>\n<p style=\"text-align: center\"><i><span style=\"font-weight: 400\">O consumismo como aliado de vendas e impulsionado por tend\u00eancias<\/span><\/i><\/p>\n<p><span style=\"font-weight: 400\">O consumo de vestu\u00e1rio cresceu 42% em 25 anos no Brasil. O dado \u00e9 de um estudo realizado pelo Intelig\u00eancia de mercado (IEMI). A tend\u00eancia do momento reflete nas plataformas digitais: brasilidade e vestidos estampados. As Farm Girls, ou garotas da Farm, como s\u00e3o chamadas, atendem aos requisitos. A <\/span><a href=\"https:\/\/www.farmrio.com.br\/novidades\"><span style=\"font-weight: 400\">Farm Rio<\/span><\/a><span style=\"font-weight: 400\"> \u00e9 uma marca com mais de 100 lojas espalhadas pelo Brasil.<\/span><\/p>\n<div id=\"attachment_3328\" style=\"width: 310px\" class=\"wp-caption aligncenter\"><img aria-describedby=\"caption-attachment-3328\" loading=\"lazy\" class=\"wp-image-3328 size-medium\" src=\"https:\/\/www2.uepg.br\/periodico\/wp-content\/uploads\/sites\/282\/2026\/04\/Apresentacao-Horizontal-Minimalista-em-Azul-Verde-e-Branco-300x169.jpg\" alt=\"\" width=\"300\" height=\"169\" srcset=\"https:\/\/www2.uepg.br\/periodico\/wp-content\/uploads\/sites\/282\/2026\/04\/Apresentacao-Horizontal-Minimalista-em-Azul-Verde-e-Branco-300x169.jpg 300w, https:\/\/www2.uepg.br\/periodico\/wp-content\/uploads\/sites\/282\/2026\/04\/Apresentacao-Horizontal-Minimalista-em-Azul-Verde-e-Branco-1024x576.jpg 1024w, https:\/\/www2.uepg.br\/periodico\/wp-content\/uploads\/sites\/282\/2026\/04\/Apresentacao-Horizontal-Minimalista-em-Azul-Verde-e-Branco-768x432.jpg 768w, https:\/\/www2.uepg.br\/periodico\/wp-content\/uploads\/sites\/282\/2026\/04\/Apresentacao-Horizontal-Minimalista-em-Azul-Verde-e-Branco-1536x864.jpg 1536w, https:\/\/www2.uepg.br\/periodico\/wp-content\/uploads\/sites\/282\/2026\/04\/Apresentacao-Horizontal-Minimalista-em-Azul-Verde-e-Branco-1232x693.jpg 1232w, https:\/\/www2.uepg.br\/periodico\/wp-content\/uploads\/sites\/282\/2026\/04\/Apresentacao-Horizontal-Minimalista-em-Azul-Verde-e-Branco.jpg 1920w\" sizes=\"(max-width: 300px) 100vw, 300px\" \/><p id=\"caption-attachment-3328\" class=\"wp-caption-text\">Arte: Emanuelle Pasqualotto.<\/p><\/div>\n<p><span style=\"font-weight: 400\">No Paran\u00e1 existem quatro lojas f\u00edsicas da marca, duas em Curitiba, uma em Londrina e uma em Maring\u00e1. A tend\u00eancia carrega, al\u00e9m da venda das pe\u00e7as de roupa, a venda do desejo. A marca se estabilizou como uma necessidade no guarda-roupa feminino. O consumo passa a ser t\u00e3o guiado pelo desejo que se torna vi\u00e1vel desembolsar, em m\u00e9dia, R$ 700,00 em uma \u00fanica pe\u00e7a de roupa.<\/span><\/p>\n<p><span style=\"font-weight: 400\">As roupas da marca ultrapassam facilmente os R$ 1.000,00. Atualmente, os itens mais caros do site s\u00e3o uma bolsa e um vestido, ambos por R$ 2.298,00. A necessidade causada pelo apelo do \u2018guarda-roupa Farm\u2019 tenta normalizar o gasto de mais de um sal\u00e1rio m\u00ednimo em uma \u00fanica pe\u00e7a. Este pre\u00e7o n\u00e3o \u00e9 apenas pelo que se veste, mas sim, pela idealiza\u00e7\u00e3o criada em torno da Farm.<\/span><\/p>\n<p><span style=\"font-weight: 400\">Em Ponta Grossa, as pe\u00e7as da marca podem ser encontradas em dois locais. Na boutique OU.Z Concept, \u00e9 poss\u00edvel ter acesso \u00e0 algumas roupas, j\u00e1 que Farm Rio \u00e9 uma das marcas que eles trabalham. No brech\u00f3 Dig For Fashion tamb\u00e9m \u00e9 recorrente o encontro das pe\u00e7as, com um pre\u00e7o m\u00e9dio de R$ 100,00. R\u00e9plicas por um pre\u00e7o mais acess\u00edvel podem ser encontradas em sites como Shein.<\/span><\/p>\n<p style=\"text-align: right\">Por: Emanuelle Pasqualotto.<\/p>\n<p><b>Servi\u00e7o<\/b><span style=\"font-weight: 400\">: <\/span><\/p>\n<p><span style=\"font-weight: 400\">A OU.Z Concept est\u00e1 localizada na Rua Dr. Leopoldo Guimar\u00e3es da Cunha, 234- sala 212 e a Dig For Fashion fica na Rua Baldu\u00edno Taques, 203.<\/span><\/p>\n<p>&nbsp;<\/p>\n<p><b>Ficha t\u00e9cnica<\/b><\/p>\n<p><b>Autores: <\/b>Emanuelle Pasqualotto, Karine Santos, Natalia Almeida, Nathalia Stupp, Ticyane Almeida, Pietra Gasparini, Roberto <span style=\"font-weight: 400\">Indzejczak e <\/span>Yasmin Salgado<\/p>\n<p><b>Supervis\u00e3o de produ\u00e7\u00e3o:<\/b> S\u00e9rgio Gadini<\/p>\n<p><b>Edi\u00e7\u00e3o e publica\u00e7\u00e3o:<\/b> Natalia Almeida<\/p>\n<p><b>Supervis\u00e3o de publica\u00e7\u00e3o:<\/b>\u00a0Aline Rosso e Kevin Kossar Furtado<\/p>\n<p><b>Contato:<\/b>\u00a0periodico@uepg.br<\/p>\n<p>&nbsp;<\/p>\n<p>&nbsp;<\/p>\n<p style=\"text-align: left\">\n","protected":false},"excerpt":{"rendered":"<p>Cr\u00edtica de Ponta Produzido pelo terceiro ano do curso de Jornalismo da UEPG, o Cr\u00edtica de Ponta traz o melhor da cultura da cidade de Ponta Grossa para voc\u00ea! &nbsp; &nbsp; PG N\u00e3o Sei Se Te Amo: hist\u00f3rias que n\u00e3o se conectam Longa valoriza cen\u00e1rios urbanos de Ponta Grossa, mas apresenta narrativas pouco aprofundadas O&nbsp;&hellip;<\/p>\n","protected":false},"author":924,"featured_media":3240,"comment_status":"closed","ping_status":"open","sticky":false,"template":"","format":"standard","meta":[],"categories":[2],"tags":[],"_links":{"self":[{"href":"https:\/\/www2.uepg.br\/periodico\/wp-json\/wp\/v2\/posts\/3287"}],"collection":[{"href":"https:\/\/www2.uepg.br\/periodico\/wp-json\/wp\/v2\/posts"}],"about":[{"href":"https:\/\/www2.uepg.br\/periodico\/wp-json\/wp\/v2\/types\/post"}],"author":[{"embeddable":true,"href":"https:\/\/www2.uepg.br\/periodico\/wp-json\/wp\/v2\/users\/924"}],"replies":[{"embeddable":true,"href":"https:\/\/www2.uepg.br\/periodico\/wp-json\/wp\/v2\/comments?post=3287"}],"version-history":[{"count":1,"href":"https:\/\/www2.uepg.br\/periodico\/wp-json\/wp\/v2\/posts\/3287\/revisions"}],"predecessor-version":[{"id":3350,"href":"https:\/\/www2.uepg.br\/periodico\/wp-json\/wp\/v2\/posts\/3287\/revisions\/3350"}],"wp:featuredmedia":[{"embeddable":true,"href":"https:\/\/www2.uepg.br\/periodico\/wp-json\/wp\/v2\/media\/3240"}],"wp:attachment":[{"href":"https:\/\/www2.uepg.br\/periodico\/wp-json\/wp\/v2\/media?parent=3287"}],"wp:term":[{"taxonomy":"category","embeddable":true,"href":"https:\/\/www2.uepg.br\/periodico\/wp-json\/wp\/v2\/categories?post=3287"},{"taxonomy":"post_tag","embeddable":true,"href":"https:\/\/www2.uepg.br\/periodico\/wp-json\/wp\/v2\/tags?post=3287"}],"curies":[{"name":"wp","href":"https:\/\/api.w.org\/{rel}","templated":true}]}}