{"id":3292,"date":"2026-04-23T10:40:27","date_gmt":"2026-04-23T13:40:27","guid":{"rendered":"https:\/\/www2.uepg.br\/periodico\/?p=3292"},"modified":"2026-04-23T11:39:19","modified_gmt":"2026-04-23T14:39:19","slug":"correspondente-local-151-2","status":"publish","type":"post","link":"https:\/\/www2.uepg.br\/periodico\/correspondente-local-151-2\/","title":{"rendered":"Correspondente Local 151"},"content":{"rendered":"<div class='embed-container'><iframe loading=\"lazy\" title=\"Correspondente Local #151\" width=\"1778\" height=\"1000\" src=\"https:\/\/www.youtube.com\/embed\/MtcN3C8ct88?feature=oembed\" frameborder=\"0\" allow=\"accelerometer; autoplay; clipboard-write; encrypted-media; gyroscope; picture-in-picture; web-share\" referrerpolicy=\"strict-origin-when-cross-origin\" allowfullscreen><\/iframe><\/div>\n<p>Nesta edi\u00e7\u00e3o voc\u00ea confere: campanha de vacina\u00e7\u00e3o busca aumentar imuniza\u00e7\u00e3o contra Influenza, servidores da rede p\u00fablica protestam por reajuste salarial e do vale-alimenta\u00e7\u00e3o, passagem de \u00f4nibus de Ponta Grossa sobe para 6 reais, Semana da Capoeira destaca inclus\u00e3o de alunos PCD e neurodivergentes, falta de interesse por leitura cresce no Brasil.<\/p>\n<p><strong>Ficha t\u00e9cnica<\/strong><\/p>\n<p><strong>Apresenta\u00e7\u00e3o:<\/strong> Emanueli Garcia e Giulia Neves<\/p>\n<p><strong>Produ\u00e7\u00e3o e reportagens<\/strong>: Amanda Rafaella, Amanda Los, Celyne Stefani, Dimitri de Souza, Eduarda Leal, Emanuelle Pasqualotto, Emanueli Garcia, Emilly Paitch, Giovana Galv\u00e3o, Giulia Neves, Sarah Brasil, Jo\u00e3o Pimentel e Larissa Didres<\/p>\n<p><strong>T\u00e9cnicos de audiovisual:<\/strong> Athon Gallera e Felipe Galv\u00e3o<\/p>\n<p><strong>Professores respons\u00e1veis:<\/strong> Manoel Moabis e Aline Rios<\/p>\n<p><strong>Publica\u00e7\u00e3o:<\/strong> Matheus de Lara e Yasmin Aguilera<\/p>\n<p><strong>Supervis\u00e3o de publica\u00e7\u00e3o:<\/strong> Aline Rosso e Kevin Kossar Furtado<\/p>\n","protected":false},"excerpt":{"rendered":"<p>Nesta edi\u00e7\u00e3o voc\u00ea confere: campanha de vacina\u00e7\u00e3o busca aumentar imuniza\u00e7\u00e3o contra Influenza, servidores da rede p\u00fablica protestam por reajuste salarial e do vale-alimenta\u00e7\u00e3o, passagem de \u00f4nibus de Ponta Grossa sobe para 6 reais, Semana da Capoeira destaca inclus\u00e3o de alunos PCD e neurodivergentes, falta de interesse por leitura cresce no Brasil. Ficha t\u00e9cnica Apresenta\u00e7\u00e3o: Emanueli&nbsp;&hellip;<\/p>\n","protected":false},"author":926,"featured_media":3302,"comment_status":"closed","ping_status":"open","sticky":false,"template":"","format":"standard","meta":[],"categories":[2],"tags":[],"_links":{"self":[{"href":"https:\/\/www2.uepg.br\/periodico\/wp-json\/wp\/v2\/posts\/3292"}],"collection":[{"href":"https:\/\/www2.uepg.br\/periodico\/wp-json\/wp\/v2\/posts"}],"about":[{"href":"https:\/\/www2.uepg.br\/periodico\/wp-json\/wp\/v2\/types\/post"}],"author":[{"embeddable":true,"href":"https:\/\/www2.uepg.br\/periodico\/wp-json\/wp\/v2\/users\/926"}],"replies":[{"embeddable":true,"href":"https:\/\/www2.uepg.br\/periodico\/wp-json\/wp\/v2\/comments?post=3292"}],"version-history":[{"count":4,"href":"https:\/\/www2.uepg.br\/periodico\/wp-json\/wp\/v2\/posts\/3292\/revisions"}],"predecessor-version":[{"id":3337,"href":"https:\/\/www2.uepg.br\/periodico\/wp-json\/wp\/v2\/posts\/3292\/revisions\/3337"}],"wp:featuredmedia":[{"embeddable":true,"href":"https:\/\/www2.uepg.br\/periodico\/wp-json\/wp\/v2\/media\/3302"}],"wp:attachment":[{"href":"https:\/\/www2.uepg.br\/periodico\/wp-json\/wp\/v2\/media?parent=3292"}],"wp:term":[{"taxonomy":"category","embeddable":true,"href":"https:\/\/www2.uepg.br\/periodico\/wp-json\/wp\/v2\/categories?post=3292"},{"taxonomy":"post_tag","embeddable":true,"href":"https:\/\/www2.uepg.br\/periodico\/wp-json\/wp\/v2\/tags?post=3292"}],"curies":[{"name":"wp","href":"https:\/\/api.w.org\/{rel}","templated":true}]}}