{"id":3317,"date":"2026-04-23T11:18:45","date_gmt":"2026-04-23T14:18:45","guid":{"rendered":"https:\/\/www2.uepg.br\/periodico\/?p=3317"},"modified":"2026-04-23T11:18:45","modified_gmt":"2026-04-23T14:18:45","slug":"critica-de-ponta-131","status":"publish","type":"post","link":"https:\/\/www2.uepg.br\/periodico\/critica-de-ponta-131\/","title":{"rendered":"Cr\u00edtica de Ponta #131"},"content":{"rendered":"<div class='embed-container'><iframe loading=\"lazy\" title=\"Critica de Ponta #131\" width=\"1778\" height=\"1000\" src=\"https:\/\/www.youtube.com\/embed\/Rvy4tPOoBzQ?feature=oembed\" frameborder=\"0\" allow=\"accelerometer; autoplay; clipboard-write; encrypted-media; gyroscope; picture-in-picture; web-share\" referrerpolicy=\"strict-origin-when-cross-origin\" allowfullscreen><\/iframe><\/div>\n<p>Assista \u00e0 terceira edi\u00e7\u00e3o deste ano do Cr\u00edtica de Ponta na TV, produzido por estudantes do terceiro ano de Jornalismo da UEPG em 2026.<\/p>\n<p>Confira as atualiza\u00e7\u00f5es semanais no portal Periodico ou nas redes sociais do Cr\u00edtica de Ponta. O programa vai ao ar na r\u00e1dio Comunit\u00e1ria Princesa FM 87.9 aos s\u00e1bados \u00e0s 8h30.<\/p>\n<p><strong>Ficha t\u00e9cnica <\/strong><\/p>\n<p><strong>Produ\u00e7\u00e3o:<\/strong> Emanuelle Pasqualotto, Karine Santos, Nat\u00e1lia Almeida, Nathalia St\u00fcpp, Pietra Gasparini, Roberto Indezejaqui, Ticyane Almeida e Yasmim Salgado<\/p>\n<p><strong>Supervis\u00e3o de produ\u00e7\u00e3o:<\/strong> Paula Rocha e S\u00e9rgio Gadini<\/p>\n<p><strong>Supervis\u00e3o t\u00e9cnica:<\/strong> Athon Gallera e Felipe Galv\u00e3o<\/p>\n<p><strong>Publica\u00e7\u00e3o:<\/strong> Nat\u00e1lia Almeida e Pietra Gasparini<\/p>\n<p><strong> Supervis\u00e3o de publica\u00e7\u00e3o<\/strong>: Aline Rosso e Kevin Kossar Furtado<\/p>\n","protected":false},"excerpt":{"rendered":"<p>Assista \u00e0 terceira edi\u00e7\u00e3o deste ano do Cr\u00edtica de Ponta na TV, produzido por estudantes do terceiro ano de Jornalismo da UEPG em 2026. Confira as atualiza\u00e7\u00f5es semanais no portal Periodico ou nas redes sociais do Cr\u00edtica de Ponta. O programa vai ao ar na r\u00e1dio Comunit\u00e1ria Princesa FM 87.9 aos s\u00e1bados \u00e0s 8h30. Ficha&nbsp;&hellip;<\/p>\n","protected":false},"author":925,"featured_media":3319,"comment_status":"closed","ping_status":"open","sticky":false,"template":"","format":"standard","meta":[],"categories":[5,6],"tags":[],"_links":{"self":[{"href":"https:\/\/www2.uepg.br\/periodico\/wp-json\/wp\/v2\/posts\/3317"}],"collection":[{"href":"https:\/\/www2.uepg.br\/periodico\/wp-json\/wp\/v2\/posts"}],"about":[{"href":"https:\/\/www2.uepg.br\/periodico\/wp-json\/wp\/v2\/types\/post"}],"author":[{"embeddable":true,"href":"https:\/\/www2.uepg.br\/periodico\/wp-json\/wp\/v2\/users\/925"}],"replies":[{"embeddable":true,"href":"https:\/\/www2.uepg.br\/periodico\/wp-json\/wp\/v2\/comments?post=3317"}],"version-history":[{"count":1,"href":"https:\/\/www2.uepg.br\/periodico\/wp-json\/wp\/v2\/posts\/3317\/revisions"}],"predecessor-version":[{"id":3322,"href":"https:\/\/www2.uepg.br\/periodico\/wp-json\/wp\/v2\/posts\/3317\/revisions\/3322"}],"wp:featuredmedia":[{"embeddable":true,"href":"https:\/\/www2.uepg.br\/periodico\/wp-json\/wp\/v2\/media\/3319"}],"wp:attachment":[{"href":"https:\/\/www2.uepg.br\/periodico\/wp-json\/wp\/v2\/media?parent=3317"}],"wp:term":[{"taxonomy":"category","embeddable":true,"href":"https:\/\/www2.uepg.br\/periodico\/wp-json\/wp\/v2\/categories?post=3317"},{"taxonomy":"post_tag","embeddable":true,"href":"https:\/\/www2.uepg.br\/periodico\/wp-json\/wp\/v2\/tags?post=3317"}],"curies":[{"name":"wp","href":"https:\/\/api.w.org\/{rel}","templated":true}]}}