{"id":3320,"date":"2026-04-23T11:38:46","date_gmt":"2026-04-23T14:38:46","guid":{"rendered":"https:\/\/www2.uepg.br\/periodico\/?p=3320"},"modified":"2026-04-23T11:38:46","modified_gmt":"2026-04-23T14:38:46","slug":"ponto-da-noticia-160","status":"publish","type":"post","link":"https:\/\/www2.uepg.br\/periodico\/ponto-da-noticia-160\/","title":{"rendered":"Ponto da Not\u00edcia 160"},"content":{"rendered":"<p><img loading=\"lazy\" class=\"alignnone size-medium wp-image-3321\" src=\"https:\/\/www2.uepg.br\/periodico\/wp-content\/uploads\/sites\/282\/2026\/04\/PONTO-DA-NOTICIA-PAPO-PERIODICO-300x300.png\" alt=\"\" width=\"300\" height=\"300\" srcset=\"https:\/\/www2.uepg.br\/periodico\/wp-content\/uploads\/sites\/282\/2026\/04\/PONTO-DA-NOTICIA-PAPO-PERIODICO-300x300.png 300w, https:\/\/www2.uepg.br\/periodico\/wp-content\/uploads\/sites\/282\/2026\/04\/PONTO-DA-NOTICIA-PAPO-PERIODICO-1024x1024.png 1024w, https:\/\/www2.uepg.br\/periodico\/wp-content\/uploads\/sites\/282\/2026\/04\/PONTO-DA-NOTICIA-PAPO-PERIODICO-150x150.png 150w, https:\/\/www2.uepg.br\/periodico\/wp-content\/uploads\/sites\/282\/2026\/04\/PONTO-DA-NOTICIA-PAPO-PERIODICO-768x768.png 768w, https:\/\/www2.uepg.br\/periodico\/wp-content\/uploads\/sites\/282\/2026\/04\/PONTO-DA-NOTICIA-PAPO-PERIODICO.png 1080w\" sizes=\"(max-width: 300px) 100vw, 300px\" \/><\/p>\n<!--[if lt IE 9]><script>document.createElement('audio');<\/script><![endif]-->\n<audio class=\"wp-audio-shortcode\" id=\"audio-3320-1\" preload=\"none\" style=\"width: 100%;\" controls=\"controls\"><source type=\"audio\/mpeg\" src=\"https:\/\/www2.uepg.br\/periodico\/wp-content\/uploads\/sites\/282\/2026\/04\/PONTO-DA-NOTICIA-TURMA-C-23-04-1.mp3?_=1\" \/><a href=\"https:\/\/www2.uepg.br\/periodico\/wp-content\/uploads\/sites\/282\/2026\/04\/PONTO-DA-NOTICIA-TURMA-C-23-04-1.mp3\">https:\/\/www2.uepg.br\/periodico\/wp-content\/uploads\/sites\/282\/2026\/04\/PONTO-DA-NOTICIA-TURMA-C-23-04-1.mp3<\/a><\/audio>\n<p><span style=\"font-weight: 400\">O Ponto da Not\u00edcia \u00e9 o radiojornal que voc\u00ea acompanha informa\u00e7\u00f5es sobre o que acontece na UEPG. Cursinho popular da Universidade oferece prepara\u00e7\u00e3o gratuita para quem vai prestar vestibular. O projeto de extens\u00e3o Eleitor do Futuro, do curso de Servi\u00e7o Social, incentiva jovens a participar da pol\u00edtica. O programa tamb\u00e9m aborda o desenvolvimento da Plataforma Integrada de Solu\u00e7\u00f5es, concebida<\/span><span style=\"font-weight: 400\"> no curso de Com\u00e9rcio Exterior, que busca integrar a\u00e7\u00f5es da universidade com a sociedade. O Col\u00e9gio Agr\u00edcola, junto ao curso de Agronomia, ensina na pr\u00e1tica conte\u00fados sobre o plantio e fertilidade do solo. Na edi\u00e7\u00e3o, tamb\u00e9m as informa\u00e7\u00f5es sobre mudan\u00e7as que antecipam os est\u00e1gios nas licenciaturas e geram debates na forma\u00e7\u00e3o de professores.<\/span><\/p>\n<p>&nbsp;<\/p>\n<p><b>Ficha t\u00e9cnica<\/b><span style=\"font-weight: 400\">\u00a0<\/span><\/p>\n<p><span style=\"font-weight: 400\">Produ\u00e7\u00e3o: <\/span><span style=\"font-weight: 400\">Rafaela Rothstein, Maria Fernanda Andrusko e Erika Vibly<\/span><\/p>\n<p><span style=\"font-weight: 400\">Rep\u00f3rteres: <\/span><span style=\"font-weight: 400\">Erika Vibly, Jo\u00e3o Pedro Souza, Mariany Antunes, Millena Zampieri e Rafaela Rothstein<\/span><\/p>\n<p><span style=\"font-weight: 400\">Locu\u00e7\u00e3o: Millena Zampieri e Raissa Pais<\/span><\/p>\n<p><span style=\"font-weight: 400\">Edi\u00e7\u00e3o e t\u00e9cnica: Reinaldo dos Santos<\/span><\/p>\n<p><span style=\"font-weight: 400\">Professor respons\u00e1vel: Graziela Bianchi<\/span><\/p>\n<p><span style=\"font-weight: 400\">Publica\u00e7\u00e3o: Yasmin Salgado<\/span><\/p>\n<p><span style=\"font-weight: 400\">Supervis\u00e3o de publica\u00e7\u00e3o: Aline Rosso e Kevin Kossar Furtado<\/span><\/p>\n<p>&nbsp;<\/p>\n","protected":false},"excerpt":{"rendered":"<p>O Ponto da Not\u00edcia \u00e9 o radiojornal que voc\u00ea acompanha informa\u00e7\u00f5es sobre o que acontece na UEPG. Cursinho popular da Universidade oferece prepara\u00e7\u00e3o gratuita para quem vai prestar vestibular. O projeto de extens\u00e3o Eleitor do Futuro, do curso de Servi\u00e7o Social, incentiva jovens a participar da pol\u00edtica. O programa tamb\u00e9m aborda o desenvolvimento da Plataforma&nbsp;&hellip;<\/p>\n","protected":false},"author":928,"featured_media":0,"comment_status":"closed","ping_status":"open","sticky":false,"template":"","format":"standard","meta":[],"categories":[2,10],"tags":[],"_links":{"self":[{"href":"https:\/\/www2.uepg.br\/periodico\/wp-json\/wp\/v2\/posts\/3320"}],"collection":[{"href":"https:\/\/www2.uepg.br\/periodico\/wp-json\/wp\/v2\/posts"}],"about":[{"href":"https:\/\/www2.uepg.br\/periodico\/wp-json\/wp\/v2\/types\/post"}],"author":[{"embeddable":true,"href":"https:\/\/www2.uepg.br\/periodico\/wp-json\/wp\/v2\/users\/928"}],"replies":[{"embeddable":true,"href":"https:\/\/www2.uepg.br\/periodico\/wp-json\/wp\/v2\/comments?post=3320"}],"version-history":[{"count":1,"href":"https:\/\/www2.uepg.br\/periodico\/wp-json\/wp\/v2\/posts\/3320\/revisions"}],"predecessor-version":[{"id":3336,"href":"https:\/\/www2.uepg.br\/periodico\/wp-json\/wp\/v2\/posts\/3320\/revisions\/3336"}],"wp:attachment":[{"href":"https:\/\/www2.uepg.br\/periodico\/wp-json\/wp\/v2\/media?parent=3320"}],"wp:term":[{"taxonomy":"category","embeddable":true,"href":"https:\/\/www2.uepg.br\/periodico\/wp-json\/wp\/v2\/categories?post=3320"},{"taxonomy":"post_tag","embeddable":true,"href":"https:\/\/www2.uepg.br\/periodico\/wp-json\/wp\/v2\/tags?post=3320"}],"curies":[{"name":"wp","href":"https:\/\/api.w.org\/{rel}","templated":true}]}}